{"id":111320,"date":"2025-12-12T12:53:15","date_gmt":"2025-12-12T12:53:15","guid":{"rendered":"https:\/\/www.europesays.com\/no\/111320\/"},"modified":"2025-12-12T12:53:15","modified_gmt":"2025-12-12T12:53:15","slug":"fotball-hamar-nff-ruster-opp-solbakkens-vm-apparat-ble-tilbudt-tryllekunstner","status":"publish","type":"post","link":"https:\/\/www.europesays.com\/no\/111320\/","title":{"rendered":"Fotball, Hamar | NFF ruster opp Solbakkens VM-apparat \u2013 ble tilbudt tryllekunstner"},"content":{"rendered":"\n<p>Fotballtoppene lettet litt p\u00e5 sl\u00f8ret om arbeidet som er i gang da landslagssjefens nye kontrakt ble offentliggjort p\u00e5 en pressekonferanse torsdag.<\/p>\n<p>Der fortalte Solbakken at det m\u00e5 flere personer inn i apparatet rundt Erling Braut Haaland og lagkameratene foran Norges f\u00f8rste sluttspilldeltakelse siden EM i 2000.<\/p>\n<p>If\u00f8lge landslagssjefen handler det om \u00e5 se p\u00e5 behovet for flere ressurser knyttet til blant annet det medisinske, det ern\u00e6ringsmessige og scouting.<\/p>\n<p>Det er man allerede godt i gang med p\u00e5 forbundslokalene p\u00e5 Ullevaal.<\/p>\n<p>Str\u00f8m av tilbud<\/p>\n<p>Det mangler ikke p\u00e5 folk som vil bidra inn mot fotballheltene foran VM. Henvendelsene raser inn i h\u00f8yt tempo til NFF.<\/p>\n<p>\u2013 Det er rekordmange leger, fysioer, mass\u00f8rer, fotballtrenere, scouter, tryllekunstnere og spillgenier, folk som lager spill for at tiden skal g\u00e5 fort. Vi blir tilbudt alle mulige tjenester til alle d\u00f8gnets tider, sier Solbakken.<\/p>\n<p>  <a href=\"https:\/\/www.h-a.no\/5-139-1894433\" class=\"related-teaser has-image default-story-teaser article--c-eRUmMG article--c-eRUmMG-jKCPdD-design-default\" rel=\"nofollow noopener\" target=\"_blank\"><\/p>\n<p>    <img decoding=\"async\" loading=\"lazy\"  src=\"https:\/\/www.europesays.com\/no\/wp-content\/uploads\/2025\/12\/cueres_scp-mangler_navn_2msEfruQh2U.jpg\" alt=\"\" class=\"brick-c-cFOWSL\" style=\"\"\/><\/p>\n<p>\n            Les ogs\u00e5<\/p>\n<p>              Solbakken forlenger med Norge \u2013 avsl\u00f8rer ny l\u00f8nn\n        <\/p>\n<p>  <\/a><\/p>\n<p>Inntil videre ser han imidlertid internt i egen organisasjon for \u00e5 finne ressurspersoner som blant annet kan v\u00e6re speidere under VM. Jobben der blir \u00e5 se og analysere Norges kommende motstandere.<\/p>\n<p>Solbakken trekker fram tidligere landslagskaptein Stefan Strandberg og B\u00e5rd Wiggen som to av flere personer det er naturlig \u00e5 henvende seg til. Strandberg er i dag assistenttrener p\u00e5 U21-landslaget, mens Wiggen er fagleder for aldersbestemte landslag p\u00e5 guttesiden.<\/p>\n<p>Dansk hjelp<\/p>\n<p>Wiggen er ogs\u00e5 en person Solbakken kjenner sv\u00e6rt godt. De to jobbet blant annet i spann i b\u00e5de FC K\u00f8benhavn og K\u00f6ln, der Wiggen var Solbakkens assistent.<\/p>\n<p>I det omfattende planleggingsarbeidet som n\u00e5 er i gang inn mot VM, har Solbakken og NFF-ledelsen allerede vendt seg mot en nabo. Det danske fotballforbundet har langt mer erfaring med \u00e5 forberede internasjonale sluttspill.<\/p>\n<p>    Vil du se neste video?<\/p>\n<p>    <a href=\"https:\/\/www.h-a.no\/slakter-liks-showkamp-stunt-dorullnisse-foreningen\/v\/5-139-1890355\" class=\"recommend-poster\" data-adp-clicklabel=\"video-recommend\" data-adp-clickvalue=\"poster\" rel=\"nofollow noopener\" target=\"_blank\"><br \/>\n      <img decoding=\"async\" width=\"200\" height=\"200\" loading=\"lazy\" src=\"https:\/\/www.europesays.com\/no\/wp-content\/uploads\/2025\/12\/v-i-e16409af-c597-477d-b9da-dd85f6939dc6-1.jpg\" alt=\"\" class=\"brick-c-cFOWSL\" style=\"--brick-image-ratio: 200 \/ 200;\"\/><\/p>\n<p>Slakter LIKs showkamp-stunt: &#8211; Dorullnisse-foreningen1:16<\/p>\n<p>    <\/a><\/p>\n<p>        St\u00e5le Solbakken m\u00e5tte le av det han fikk se.<\/p>\n<p>Det har NFF trukket veksler p\u00e5. Landslagssjefen vedg\u00e5r at det ikke blir aktuelt \u00e5 hente fram dokumentene som viser forberedelsene sist Norge skulle spille et verdensmesterskap.<\/p>\n<p>\u2013 Vi er alle p\u00e5 litt upl\u00f8yd mark, men planen fra 1994 og 1998 blir liggende i skuffen, gliser Solbakken.<\/p>\n<p>VM-sluttspillet begynner i juni neste \u00e5r. Norge skal spille sine kamper i East Rutherford og Foxboro. Arbeidet med \u00e5 finne ut hvor det norske laget skal ha sine base, er blant oppgavene som n\u00e5 er mest presserende.<\/p>\n<p>(\u00a9NTB)<\/p>\n<p>  <a href=\"https:\/\/www.h-a.no\/5-139-1889554\" class=\"related-teaser has-image default-story-teaser article--c-eRUmMG article--c-eRUmMG-jKCPdD-design-default\" rel=\"nofollow noopener\" target=\"_blank\"><\/p>\n<p>    <img decoding=\"async\" loading=\"lazy\"  src=\"https:\/\/www.europesays.com\/no\/wp-content\/uploads\/2025\/12\/NTB_6QJqO7-MiYA.jpg\" alt=\"\" class=\"brick-c-cFOWSL\" style=\"\"\/><\/p>\n<p>\n            Les ogs\u00e5<\/p>\n<p>              Dette er Norges VM-motstandere: \u2013 Jeg frykter ingen\n        <\/p>\n<p>  <\/a><\/p>\n<p>  <a href=\"https:\/\/www.h-a.no\/5-139-1889596\" class=\"related-teaser has-image default-opinion-teaser article--c-eRUmMG article--c-eRUmMG-jKCPdD-design-default\" rel=\"nofollow noopener\" target=\"_blank\"><\/p>\n<p>    <img decoding=\"async\" loading=\"lazy\"  src=\"https:\/\/www.europesays.com\/no\/wp-content\/uploads\/2025\/12\/1765543995_711_cueres_scp-mangler_navn_NcH9GCKG06U.jpg\" alt=\"\" class=\"brick-c-cFOWSL\" style=\"\"\/><\/p>\n<p>\n            Les ogs\u00e5<\/p>\n<p>              Til \u00e5 bli uvel av\n        <\/p>\n<p>  <\/a><\/p>\n","protected":false},"excerpt":{"rendered":"Fotballtoppene lettet litt p\u00e5 sl\u00f8ret om arbeidet som er i gang da landslagssjefens nye kontrakt ble offentliggjort p\u00e5&hellip;\n","protected":false},"author":2,"featured_media":111321,"comment_status":"","ping_status":"","sticky":false,"template":"","format":"standard","meta":{"footnotes":""},"categories":[59],"tags":[36,92,1552,30,28,29,83,82,1387,1510],"class_list":{"0":"post-111320","1":"post","2":"type-post","3":"status-publish","4":"format-standard","5":"has-post-thumbnail","7":"category-sport","8":"tag-art","9":"tag-fotball","10":"tag-hamar","11":"tag-no","12":"tag-norge","13":"tag-norway","14":"tag-sport","15":"tag-sports","16":"tag-stale-solbakken","17":"tag-story"},"share_on_mastodon":{"url":"https:\/\/pubeurope.com\/@no\/115706698757923617","error":""},"_links":{"self":[{"href":"https:\/\/www.europesays.com\/no\/wp-json\/wp\/v2\/posts\/111320","targetHints":{"allow":["GET"]}}],"collection":[{"href":"https:\/\/www.europesays.com\/no\/wp-json\/wp\/v2\/posts"}],"about":[{"href":"https:\/\/www.europesays.com\/no\/wp-json\/wp\/v2\/types\/post"}],"author":[{"embeddable":true,"href":"https:\/\/www.europesays.com\/no\/wp-json\/wp\/v2\/users\/2"}],"replies":[{"embeddable":true,"href":"https:\/\/www.europesays.com\/no\/wp-json\/wp\/v2\/comments?post=111320"}],"version-history":[{"count":0,"href":"https:\/\/www.europesays.com\/no\/wp-json\/wp\/v2\/posts\/111320\/revisions"}],"wp:featuredmedia":[{"embeddable":true,"href":"https:\/\/www.europesays.com\/no\/wp-json\/wp\/v2\/media\/111321"}],"wp:attachment":[{"href":"https:\/\/www.europesays.com\/no\/wp-json\/wp\/v2\/media?parent=111320"}],"wp:term":[{"taxonomy":"category","embeddable":true,"href":"https:\/\/www.europesays.com\/no\/wp-json\/wp\/v2\/categories?post=111320"},{"taxonomy":"post_tag","embeddable":true,"href":"https:\/\/www.europesays.com\/no\/wp-json\/wp\/v2\/tags?post=111320"}],"curies":[{"name":"wp","href":"https:\/\/api.w.org\/{rel}","templated":true}]}}