{"id":111325,"date":"2025-12-12T13:05:21","date_gmt":"2025-12-12T13:05:21","guid":{"rendered":"https:\/\/www.europesays.com\/no\/111325\/"},"modified":"2025-12-12T13:05:21","modified_gmt":"2025-12-12T13:05:21","slug":"himmelen-har-fatt-en-ny-sjef","status":"publish","type":"post","link":"https:\/\/www.europesays.com\/no\/111325\/","title":{"rendered":"\u00abHimmelen har f\u00e5tt en ny sjef\u00bb"},"content":{"rendered":"\n<p class=\"_lead_o9xde_2 _lead_xtcu6_50 layout-component text-serif-m layout-normal text-serif-l layout-component layout-wide layout-padded _wide_17hqh_1 layout-padded\">Den landskjente bilopphuggeren og TV-personligheten fra \u00d8vre Eiker som ble ber\u00f8mt gjennom serien \u00abNorges herligste\u00bb d\u00f8de torsdag.<\/p>\n<p><img alt=\"VG laget reportasje hjemme hos Rolfstad i 2014. Foto: Espen Rasmussen \/ VG\" class=\"_image_qp4xg_65 layout-component layout-wide\" data-fullscreen- data-track-element-type=\"Article image fullscreen\" data-track-name=\"ImageFullscreen\" fetchpriority=\"high\" decoding=\"sync\" loading=\"eager\" height=\"2835\" itemprop=\"image\"  src=\"https:\/\/www.europesays.com\/no\/wp-content\/uploads\/2025\/12\/cdc85876-d9e5-4ad7-a3f2-1c37994a5b55\"  style=\"object-position:0% 0%\" width=\"2835\"\/>VG laget reportasje hjemme hos Rolfstad i 2014. Foto: Espen Rasmussen \/ VG<\/p>\n<ul aria-hidden=\"true\" class=\"_images_ntbth_112\">\n<li><a class=\"_link_ntbth_117\" href=\"https:\/\/www.vg.no\/forfatter\/joern-e-kaalstad\" style=\"z-index:2\" title=\"J\u00f8rn E. Kaalstad\" rel=\"nofollow noopener\" target=\"_blank\"><img alt=\"Bilde av J\u00f8rn E. Kaalstad\" class=\"_image_ntbth_93\" fetchpriority=\"low\" loading=\"lazy\" decoding=\"async\" itemprop=\"image\"  src=\"https:\/\/www.europesays.com\/no\/wp-content\/uploads\/2025\/12\/1765544718_773_669373df-e8fd-4864-880f-5035f6f30b0b\"  width=\"480\"\/><\/a><\/li>\n<li><a class=\"_link_ntbth_117\" href=\"https:\/\/www.vg.no\/forfatter\/anton-lier\" style=\"z-index:1\" title=\"Anton Lier\" rel=\"nofollow noopener\" target=\"_blank\"><img alt=\"Bilde av Anton Lier\" class=\"_image_ntbth_93\" fetchpriority=\"low\" loading=\"lazy\" decoding=\"async\" itemprop=\"image\"  src=\"https:\/\/www.europesays.com\/no\/wp-content\/uploads\/2025\/12\/1765544719_696_c9508846-652a-4f47-92ce-de6ab3444f63\"  width=\"480\"\/><\/a><\/li>\n<\/ul>\n<p> Oppdatert fredag 12. desember kl. 12:27     <\/p>\n<p class=\"_paragraph_o9xde_4 _paragraph_xtcu6_10 layout-component text-serif-m layout-normal text-serif-m layout-padded\">\u00abPappa, du pappa, hvor skal man begynne? Du var en alle kjente, du var rett frem uten filter. Alltid en historie p\u00e5 lur. Det er s\u00e5 mye mer som kunne v\u00e6rt nevnt, men noen hemmeligheter m\u00e5 vi ha for oss selv. Du var deg selv og kj\u00f8rte ditt eget l\u00f8p, alltid. \u00abHimmelen har f\u00e5tt en ny sjef\u00bb. <\/p>\n<p class=\"_paragraph_o9xde_4 _paragraph_xtcu6_10 layout-component text-serif-m layout-normal text-serif-m layout-padded\">Det skriver datteren hans Lene Rolfstad p\u00e5 Facebook. VG har f\u00e5tt tillatelse til \u00e5 gjengi dette utdraget.<\/p>\n<p class=\"_paragraph_o9xde_4 _paragraph_xtcu6_10 layout-component text-serif-m layout-normal text-serif-m layout-padded\">P\u00e5 Facebook takker hun for alle kondolanser og omtanke i forbindelse med sin pappas bortgang.<\/p>\n<p class=\"_paragraph_o9xde_4 _paragraph_xtcu6_10 layout-component text-serif-m layout-normal text-serif-m layout-padded\"><strong class=\"_strong_o9xde_25\">Rolfstad hylles n\u00e5 av mange hundre venner og bekjente p\u00e5 Facebook:<\/strong><\/p>\n<p class=\"_paragraph_o9xde_4 _paragraph_xtcu6_10 layout-component text-serif-m layout-normal text-serif-m layout-padded\">\u00abVerdens snilleste mann. Vi som har vett til \u00e5 ta han for den han er, fikk en herlig venn, utallige gode historier og minner. Jeg savner tiden i nabohuset\u00bb, skriver en.<\/p>\n<p class=\"_paragraph_o9xde_4 _paragraph_xtcu6_10 layout-component text-serif-m layout-normal text-serif-m layout-padded\">\u00abEn \u00e6rlig fargeklatt, hver gang vi var s\u00f8rp\u00e5 var vi innom Leif, enten bare for prat heller kj\u00f8p av deler, han likte oss nordlendinger sa han engang, det var ikke s\u00e5 nye dilldall med oss\u00bb, skriver en annen.<\/p>\n<p class=\"_paragraph_o9xde_4 _paragraph_xtcu6_10 layout-component text-serif-m layout-normal text-serif-m layout-padded\">Rolfstad ble landskjent da han deltok i TV-serien \u00abNorges herligste\u00bb med Ylvis p\u00e5 TVNorge. I serien presenterte Rolfstad, som p\u00e5 folkemunne ble kalt Jugern, seg som en bilopphugger og pratmaker med mye p\u00e5 hjertet \u2013 en karakter mange husker for sin personlighet og glimt i \u00f8yet.<\/p>\n<p class=\"_paragraph_o9xde_4 _paragraph_xtcu6_10 layout-component text-serif-m layout-normal text-serif-m layout-padded\">Den mest sette videoen av han p\u00e5 YouTube er sett over 387.000 ganger \u2013 det er den \u00abNorges herligste\u00bb.<\/p>\n<p class=\"_paragraph_o9xde_4 _paragraph_xtcu6_10 layout-component text-serif-m layout-normal text-serif-m layout-padded\">Rolfstad hadde egen serie, publisert p\u00e5 <a href=\"http:\/\/broom.no\/\" class=\"_link_o9xde_39\" rel=\"nofollow noopener\" target=\"_blank\">Broom.no<\/a>, \u00abJugern og l\u00e5vefunnet\u00bb, en serie p\u00e5 tre sesonger.<\/p>\n<p>    <img decoding=\"async\" alt=\"Tips oss illustrasjon\" src=\"https:\/\/www.europesays.com\/no\/wp-content\/uploads\/2025\/10\/pssst-small.webp.webp\"\/>    <\/p>\n<p class=\"title-serif-s\">Har du tips?<\/p>\n<p class=\"text-sans-m\">Send oss informasjon, bilder eller video.<\/p>\n<p>  <a href=\"https:\/\/www.vg.no\/tips-oss\" rel=\"nofollow noopener\" target=\"_blank\"> Tips oss <\/a>      <\/p>\n","protected":false},"excerpt":{"rendered":"Den landskjente bilopphuggeren og TV-personligheten fra \u00d8vre Eiker som ble ber\u00f8mt gjennom serien \u00abNorges herligste\u00bb d\u00f8de torsdag. VG&hellip;\n","protected":false},"author":2,"featured_media":111326,"comment_status":"","ping_status":"","sticky":false,"template":"","format":"standard","meta":{"footnotes":""},"categories":[10],"tags":[31,20,21,24,25,15,22,23,13,30,28,29,14,16,26,27],"class_list":{"0":"post-111325","1":"post","2":"type-post","3":"status-publish","4":"format-standard","5":"has-post-thumbnail","7":"category-norge","8":"tag-breaking","9":"tag-breaking-news","10":"tag-breakingnews","11":"tag-featured-news","12":"tag-featurednews","13":"tag-headlines","14":"tag-latest-news","15":"tag-latestnews","16":"tag-news","17":"tag-no","18":"tag-norge","19":"tag-norway","20":"tag-nyheter","21":"tag-overskrifter","22":"tag-top-stories","23":"tag-topstories"},"share_on_mastodon":{"url":"https:\/\/pubeurope.com\/@no\/115706745743190039","error":""},"_links":{"self":[{"href":"https:\/\/www.europesays.com\/no\/wp-json\/wp\/v2\/posts\/111325","targetHints":{"allow":["GET"]}}],"collection":[{"href":"https:\/\/www.europesays.com\/no\/wp-json\/wp\/v2\/posts"}],"about":[{"href":"https:\/\/www.europesays.com\/no\/wp-json\/wp\/v2\/types\/post"}],"author":[{"embeddable":true,"href":"https:\/\/www.europesays.com\/no\/wp-json\/wp\/v2\/users\/2"}],"replies":[{"embeddable":true,"href":"https:\/\/www.europesays.com\/no\/wp-json\/wp\/v2\/comments?post=111325"}],"version-history":[{"count":0,"href":"https:\/\/www.europesays.com\/no\/wp-json\/wp\/v2\/posts\/111325\/revisions"}],"wp:featuredmedia":[{"embeddable":true,"href":"https:\/\/www.europesays.com\/no\/wp-json\/wp\/v2\/media\/111326"}],"wp:attachment":[{"href":"https:\/\/www.europesays.com\/no\/wp-json\/wp\/v2\/media?parent=111325"}],"wp:term":[{"taxonomy":"category","embeddable":true,"href":"https:\/\/www.europesays.com\/no\/wp-json\/wp\/v2\/categories?post=111325"},{"taxonomy":"post_tag","embeddable":true,"href":"https:\/\/www.europesays.com\/no\/wp-json\/wp\/v2\/tags?post=111325"}],"curies":[{"name":"wp","href":"https:\/\/api.w.org\/{rel}","templated":true}]}}