{"id":111327,"date":"2025-12-12T13:07:15","date_gmt":"2025-12-12T13:07:15","guid":{"rendered":"https:\/\/www.europesays.com\/no\/111327\/"},"modified":"2025-12-12T13:07:15","modified_gmt":"2025-12-12T13:07:15","slug":"krever-gransking-av-trump-pris","status":"publish","type":"post","link":"https:\/\/www.europesays.com\/no\/111327\/","title":{"rendered":"Krever gransking av Trump-pris"},"content":{"rendered":"<p>  Tildelingen av FIFAs f\u00f8rste fredspris til Donald Trump vekker reaksjoner.<\/p>\n<p>\n    FREDSPRIS: USAs president Donald Trump ble tildelt FIFAs fredspris i forbindelse med trekningen til fotball-VM. Foto: Reuters \/ NTB\n  <\/p>\n<p>Etter at USAs president Donald Trump ble tildelt en fredspris i forbindelse med trekningen til neste sommers fotball-VM, har etikkomiteen i Det internasjonale fotballforbundet (FIFA) mottatt en offisiell klage. Det skriver <a href=\"https:\/\/www.nytimes.com\/athletic\/6873068\/2025\/12\/09\/fifa-infantino-trump-peace-prize-complaint\/\" rel=\"nofollow noopener\" target=\"_blank\">The Athletic<\/a>.Klagen er sendt inn av FairSquare, en organisasjon og interessegruppe som arbeider for globale rettigheter knyttet til arbeidsmigrasjon, politisk undertrykkelse og sport.<\/p>\n<p>I klagen hevdes det at FIFAs president Gianni Infantino gjentatte ganger har brutt forbundets plikt til politisk n\u00f8ytralitet.\u00a0<\/p>\n<p>    <a itemprop=\"url\" href=\"https:\/\/www.dagbladet.no\/sport\/rapporter-om-endringer\/83951914\" rel=\"nofollow noopener\" target=\"_blank\"><\/p>\n<p>        <img loading=\"lazy\" decoding=\"async\" src=\"https:\/\/www.europesays.com\/no\/wp-content\/uploads\/2025\/12\/1765544835_313_83951920.webp\" width=\"980\" height=\"441\" title=\"Rapporter om endringer\" alt=\"\" class=\"lazyload\" style=\"--aspect-ratio-image: 2.22; \"\/><\/p>\n<p>        Rapporter om endringer<\/p>\n<p>    <\/a><\/p>\n<p>FairSquare ber samtidig om en gransking av prosessen som f\u00f8rte til at Donald Trump ble tildelt FIFAs f\u00f8rste fredspris.<\/p>\n<p>Trump mottok fredsprisen midt under trekningen av FIFA-VM fredag kveld i Washington DC, der Infantino overrakte ham et stort trof\u00e9, en medalje og et sertifikat.<\/p>\n<p><a href=\"https:\/\/www.dagbladet.no\/sport\/reaksjonene-hagler\/83942603\" rel=\"nofollow noopener\" target=\"_blank\">Presidenten omtalte mottakelsen av fredsprisen som en av de st\u00f8rste \u00e6rene i sitt liv.<\/a><\/p>\n<p>&#8211; Vi har reddet mange millioner liv. Vi har gjort jobben. Det er en \u00e6re \u00e5 st\u00e5 her sammen med Gianni, som har gjort et utrolig arbeid, sa Trump fra scenen.<\/p>\n<p><b>Utdelingen f\u00f8rte til sterke reaksjoner her hjemme:\u00a0<\/b><\/p>\n<p>&#8211; Den \u00abfredsprisen\u00bb og smiskingen med Trump: Et av fotballens flaueste \u00f8yeblikk, skrev fotballekspert Lars Tj\u00e6rn\u00e5s p\u00e5 X.<\/p>\n<p> &#8211; Det showet her ble jo verre enn det var mulig \u00e5 forestille seg. Godt gjort. Varme tanker til St\u00e5le (Solbakken) som m\u00e5 sitte i salen der borte, skrev NRKs fotballekspert Kristoffer L\u00f8kberg p\u00e5 X.\u00a0<\/p>\n<p>        FREDSPRIS: USAs president, Donald Trump mottokk fredsprisen av FIFA. Slik reagerte fotball-reporterne i studio.<\/p>\n<p>FIFA skal angivelig ha ignorert en foresp\u00f8rsel fra menneskerettighetsorganisasjonen Human Rights Watch, som har bedt om informasjon om kriteriene for prisen, samt en liste over nominerte og hvem som bestemte vinneren.<\/p>\n","protected":false},"excerpt":{"rendered":"Tildelingen av FIFAs f\u00f8rste fredspris til Donald Trump vekker reaksjoner. FREDSPRIS: USAs president Donald Trump ble tildelt FIFAs&hellip;\n","protected":false},"author":2,"featured_media":111328,"comment_status":"","ping_status":"","sticky":false,"template":"","format":"standard","meta":{"footnotes":""},"categories":[59],"tags":[2326,92,30,28,29,83,82,766],"class_list":{"0":"post-111327","1":"post","2":"type-post","3":"status-publish","4":"format-standard","5":"has-post-thumbnail","7":"category-sport","8":"tag-fifa","9":"tag-fotball","10":"tag-no","11":"tag-norge","12":"tag-norway","13":"tag-sport","14":"tag-sports","15":"tag-trump"},"share_on_mastodon":{"url":"https:\/\/pubeurope.com\/@no\/115706753503807464","error":""},"_links":{"self":[{"href":"https:\/\/www.europesays.com\/no\/wp-json\/wp\/v2\/posts\/111327","targetHints":{"allow":["GET"]}}],"collection":[{"href":"https:\/\/www.europesays.com\/no\/wp-json\/wp\/v2\/posts"}],"about":[{"href":"https:\/\/www.europesays.com\/no\/wp-json\/wp\/v2\/types\/post"}],"author":[{"embeddable":true,"href":"https:\/\/www.europesays.com\/no\/wp-json\/wp\/v2\/users\/2"}],"replies":[{"embeddable":true,"href":"https:\/\/www.europesays.com\/no\/wp-json\/wp\/v2\/comments?post=111327"}],"version-history":[{"count":0,"href":"https:\/\/www.europesays.com\/no\/wp-json\/wp\/v2\/posts\/111327\/revisions"}],"wp:featuredmedia":[{"embeddable":true,"href":"https:\/\/www.europesays.com\/no\/wp-json\/wp\/v2\/media\/111328"}],"wp:attachment":[{"href":"https:\/\/www.europesays.com\/no\/wp-json\/wp\/v2\/media?parent=111327"}],"wp:term":[{"taxonomy":"category","embeddable":true,"href":"https:\/\/www.europesays.com\/no\/wp-json\/wp\/v2\/categories?post=111327"},{"taxonomy":"post_tag","embeddable":true,"href":"https:\/\/www.europesays.com\/no\/wp-json\/wp\/v2\/tags?post=111327"}],"curies":[{"name":"wp","href":"https:\/\/api.w.org\/{rel}","templated":true}]}}