{"id":111329,"date":"2025-12-12T13:12:14","date_gmt":"2025-12-12T13:12:14","guid":{"rendered":"https:\/\/www.europesays.com\/no\/111329\/"},"modified":"2025-12-12T13:12:14","modified_gmt":"2025-12-12T13:12:14","slug":"eika-okonomi-nordvest-er-konkurs-e24","status":"publish","type":"post","link":"https:\/\/www.europesays.com\/no\/111329\/","title":{"rendered":"Eika \u00d8konomi Nordvest er konkurs \u2013 E24"},"content":{"rendered":"<p class=\"fullWidthDesktop hyperion-css-71ztg2\" data-test-tag=\"lead-text\">Etter tre \u00e5r med millionunderskudd ga det lokale regnskapsbyr\u00e5et opp. N\u00e5 m\u00e5 16 ansatte og flere hundre bedrifter finne nye l\u00f8sninger.<\/p>\n<p><img decoding=\"async\" class=\"image-asset hyperion-css-1cje4ma\" data-test-tag=\"image-asset\" src=\"https:\/\/www.europesays.com\/no\/wp-content\/uploads\/2025\/12\/82bd24b9-e852-4d77-992d-b9a0ba64304b\"  alt=\"Eika \u00d8konomi har et nettverk av banker og regnskapskontorer. Eika \u00d8konomi Nordvest er ett av disse. Eika \u00d8konomi er en del av Eika Gruppen.\"  loading=\"eager\" fetchpriority=\"high\" style=\"aspect-ratio:1600 \/ 900\"\/>Eika \u00d8konomi har et nettverk av banker og regnskapskontorer. Eika \u00d8konomi Nordvest er ett av disse. Eika \u00d8konomi er en del av Eika Gruppen. Foto: Eika GruppenPublisert: Publisert: <\/p>\n<p>For mindre enn 30 minutter siden<\/p>\n<ul class=\"hyperion-css-pte5x0\">\n<li aria-label=\"link\" class=\"narrow-button hyperion-css-1sz7d3n\">Kopier lenke<\/li>\n<li aria-label=\"link\" class=\"wide-button hyperion-css-1sz7d3n\">Kopier lenke<\/li>\n<li aria-label=\"facebook\" class=\"narrow-button hyperion-css-1sz7d3n\">Del p\u00e5 Facebook<\/li>\n<li aria-label=\"facebook\" class=\"wide-button hyperion-css-1sz7d3n\">Del p\u00e5 Facebook<\/li>\n<li aria-label=\"email\" class=\"narrow-button hyperion-css-1sz7d3n\">Del med e-post<\/li>\n<li aria-label=\"email\" class=\"wide-button hyperion-css-1sz7d3n\">Del med e-post<\/li>\n<\/ul>\n<p class=\"hyperion-css-1lemvax\">Eika \u00d8konomi Nordvest AS, et av flere samarbeidende regnskapskontorer i Eika \u00d8konomi, er sl\u00e5tt konkurs. Selskapet tilb\u00f8d r\u00e5dgivning innen \u00f8konomi, IT og regnskap p\u00e5 Sunndals\u00f8ra.<\/p>\n<p class=\"hyperion-css-1lemvax\">\u2013 V\u00e5re kunder, ansatte og samarbeidspartnere blir naturligvis ber\u00f8rt av beslutningen, sier styreleder Jonny Engdahl.<\/p>\n<p class=\"hyperion-css-1lemvax\">\u2013 I perioden 2022 til 2024 har selskapet hatt \u00e5rlige underskudd p\u00e5 om lag 1,8 millioner kroner, sier Engdahl.<\/p>\n<p><a data-test-tag=\"teaser-small:link-internal\" href=\"https:\/\/e24.no\/boers-og-finans\/i\/43j0o9\/kvadsheim-tips-skikkelig-gode-fond\" class=\"imagePosition-top inline hyperion-css-6238vu\" rel=\"nofollow noopener\" target=\"\" aria-label=\"Kvadsheim-tips: \u2013 Skikkelig gode fond\"><\/p>\n<p>Les p\u00e5 E24+<\/p>\n<p>Kvadsheim-tips: \u2013 Skikkelig gode fond<\/p>\n<p><\/a><\/p>\n<p class=\"hyperion-css-1lemvax\">Selskapet har omsatt for rundt 17 millioner kroner \u00e5rlig i samme periode.<\/p>\n<p class=\"hyperion-css-1lemvax\">Gjelden er oppgitt \u00e5 v\u00e6re 4,57 millioner kroner, med samlede eiendeler verdsatt til 1,2 millioner kroner, if\u00f8lge bostyrer Kenneth A. Leren.<\/p>\n<p>\u2013 Ikke mulig \u00e5 skape den \u00f8nskede l\u00f8nnsomheten<\/p>\n<p class=\"hyperion-css-1lemvax\">Det er styret selv som har begj\u00e6rt oppbud.<\/p>\n<p class=\"hyperion-css-1lemvax\">\u2013 Siden i h\u00f8st har flere alternativer v\u00e6rt dr\u00f8ftet, ogs\u00e5 det \u00e5 begj\u00e6re oppbud som et \u00abworst case\u00bb-scenario, sier Engdahl<\/p>\n<p class=\"hyperion-css-1lemvax\">\u2013 Vi har jobbet langs flere spor for \u00e5 legge til rette for \u00e5 komme oss forbi problemene og \u00e5 oppn\u00e5 l\u00f8nnsom drift. Dessverre har vi ikke lykkes med \u00e5 finne tilstrekkelig gode nok alternativer for videref\u00f8re selskapets drift og \u00e5 dekke l\u00f8pende forpliktelser. Ut fra en totalvurdering av selskapet er det ikke mulig \u00e5 oppn\u00e5 l\u00f8nnsomhet p\u00e5 kort eller lang sikt.<\/p>\n<p class=\"hyperion-css-1lemvax\">\u2013 Slik selskapet er skrudd sammen i dag, er det ikke mulig \u00e5 skape den \u00f8nskede l\u00f8nnsomheten, sier Engdahl.<\/p>\n<p class=\"hyperion-css-1lemvax\">Det er 16 ansatte som rammes av konkursen, if\u00f8lge bostyreren.<\/p>\n<p class=\"hyperion-css-1lemvax\">Selskapet er en del av Eika Gruppen og har kontorer i Sunndal, Rindal, Surnadal og Eidsv\u00e5g.<\/p>\n<p>\u2013 Kulturelt betinget<\/p>\n<p class=\"hyperion-css-1lemvax\">Eika \u00d8konomi Nordvest AS ble skapt etter en sammensl\u00e5ing av Sunndal \u00d8konomitjenester AS og Statera \u00d8konomi AS.<\/p>\n<p class=\"hyperion-css-1lemvax\">\u2013 Sunndal Sparebank og Rindal Sparebank gikk inn p\u00e5 eiersiden, og ble sammen majoritetseiere i selskapet i 2022, forklarer Engdahl.<\/p>\n<p class=\"hyperion-css-1lemvax\">Han mener det har v\u00e6rt utfordrende \u00e5 ta selskapet i en mer \u00abkommersiell\u00bb retning. <\/p>\n<p class=\"hyperion-css-1lemvax\">\u2013 Det er delvis kulturelt betinget, samtidig som vi har satt ambisi\u00f8se markedsambisjoner som dessverre ikke lot seg innfri.<\/p>\n<p class=\"hyperion-css-1lemvax\">Hva han konkret mener med at utfordringene var \u00abkulturelt betinget\u00bb, og hvilke konkrete tiltak selskapet fors\u00f8kte for \u00e5 snu driften, \u00f8nsker han ikke \u00e5 utdype.<\/p>\n<p class=\"hyperion-css-1lemvax\">Engdahl mener ikke konkurransen i sektoren har v\u00e6rt en \u00e5rsak til konkursen.<\/p>\n","protected":false},"excerpt":{"rendered":"Etter tre \u00e5r med millionunderskudd ga det lokale regnskapsbyr\u00e5et opp. N\u00e5 m\u00e5 16 ansatte og flere hundre bedrifter&hellip;\n","protected":false},"author":2,"featured_media":111330,"comment_status":"","ping_status":"","sticky":false,"template":"","format":"standard","meta":{"footnotes":""},"categories":[10],"tags":[20,21,24,25,15,22,23,13,30,28,29,14,16,26,27],"class_list":{"0":"post-111329","1":"post","2":"type-post","3":"status-publish","4":"format-standard","5":"has-post-thumbnail","7":"category-norge","8":"tag-breaking-news","9":"tag-breakingnews","10":"tag-featured-news","11":"tag-featurednews","12":"tag-headlines","13":"tag-latest-news","14":"tag-latestnews","15":"tag-news","16":"tag-no","17":"tag-norge","18":"tag-norway","19":"tag-nyheter","20":"tag-overskrifter","21":"tag-top-stories","22":"tag-topstories"},"share_on_mastodon":{"url":"https:\/\/pubeurope.com\/@no\/115706773468124689","error":""},"_links":{"self":[{"href":"https:\/\/www.europesays.com\/no\/wp-json\/wp\/v2\/posts\/111329","targetHints":{"allow":["GET"]}}],"collection":[{"href":"https:\/\/www.europesays.com\/no\/wp-json\/wp\/v2\/posts"}],"about":[{"href":"https:\/\/www.europesays.com\/no\/wp-json\/wp\/v2\/types\/post"}],"author":[{"embeddable":true,"href":"https:\/\/www.europesays.com\/no\/wp-json\/wp\/v2\/users\/2"}],"replies":[{"embeddable":true,"href":"https:\/\/www.europesays.com\/no\/wp-json\/wp\/v2\/comments?post=111329"}],"version-history":[{"count":0,"href":"https:\/\/www.europesays.com\/no\/wp-json\/wp\/v2\/posts\/111329\/revisions"}],"wp:featuredmedia":[{"embeddable":true,"href":"https:\/\/www.europesays.com\/no\/wp-json\/wp\/v2\/media\/111330"}],"wp:attachment":[{"href":"https:\/\/www.europesays.com\/no\/wp-json\/wp\/v2\/media?parent=111329"}],"wp:term":[{"taxonomy":"category","embeddable":true,"href":"https:\/\/www.europesays.com\/no\/wp-json\/wp\/v2\/categories?post=111329"},{"taxonomy":"post_tag","embeddable":true,"href":"https:\/\/www.europesays.com\/no\/wp-json\/wp\/v2\/tags?post=111329"}],"curies":[{"name":"wp","href":"https:\/\/api.w.org\/{rel}","templated":true}]}}