{"id":111333,"date":"2025-12-12T13:15:25","date_gmt":"2025-12-12T13:15:25","guid":{"rendered":"https:\/\/www.europesays.com\/no\/111333\/"},"modified":"2025-12-12T13:15:25","modified_gmt":"2025-12-12T13:15:25","slug":"john-arne-riise-ironman-tung-beskjed-for-john-arne-riise-ganske-langt-nede-2","status":"publish","type":"post","link":"https:\/\/www.europesays.com\/no\/111333\/","title":{"rendered":"John Arne Riise, Ironman | Tung beskjed for John Arne Riise: \u2013 Ganske langt nede"},"content":{"rendered":"\n<p><a href=\"https:\/\/www.nettavisen.no\/\" rel=\"Follow nofollow noopener\" target=\"_blank\">(Nettavisen)<\/a> I oktober avsl\u00f8rte John Arne Riise at han <a href=\"https:\/\/www.nettavisen.no\/sport\/john-arne-riise-med-ekstrem-avsloring\/s\/5-95-2674887\" rel=\"Follow nofollow noopener\" target=\"_blank\">skulle delta i Ironman. <\/a>Konkurransen avholdes p\u00e5 h\u00f8sten i 2026 og den tidligere fotballspilleren har allerede jobbet hardt mot m\u00e5let.<\/p>\n<p>N\u00e5 kan 45-\u00e5ringen fortelle at prosjektet har f\u00e5tt en br\u00e5stopp.<\/p>\n<p>Konkurransen er nemlig utsolgt og Riise er ikke blant de som har f\u00e5tt plass. Det kom fram i en e-post fra arrang\u00f8ren denne uken.<\/p>\n<p>\u2013 Jeg er dritskuffet, det er utsolgt, det er ikke mulig \u00e5 f\u00e5 plass, sier han p\u00e5 Snapchat.<\/p>\n<p>Den norske profilen forklarer at han trodde alt var i skj\u00f8nneste orden, men at den overraskende beskjeden kom da han purret p\u00e5 en bekreftelse.<\/p>\n<p>\u2013 Jeg er ganske langt nede og skuffet n\u00e5. Jeg tipper coachen ogs\u00e5 er skuffet, jeg trodde alt var i orden. Dette er til syvende og sist min egen feil.<\/p>\n<p>\u2013 N\u00e5 har jeg mistet all motivasjon og energi til \u00e5 gidde \u00e5 trene. Jeg m\u00e5 bare finne noe annet \u00e5 gj\u00f8re, noen andre m\u00e5l, men n\u00e5 er jeg drittsur.<\/p>\n<p>En full Ironman best\u00e5r av 3,8 km sv\u00f8mming, 180 km sykling, og et maraton l\u00f8p.<\/p>\n<p>  <a href=\"https:\/\/www.tb.no\/5-76-2724562\" class=\"related-teaser has-image default-story-teaser article--c-eRUmMG article--c-eRUmMG-jKCPdD-design-default\" rel=\"nofollow noopener\" target=\"_blank\"><\/p>\n<p>    <img decoding=\"async\" loading=\"lazy\"  src=\"https:\/\/www.europesays.com\/no\/wp-content\/uploads\/2025\/11\/John+Arne+Riise+med+ekstrem+avslring.bin\" alt=\"\" class=\"brick-c-cFOWSL\" style=\"\"\/><\/p>\n<p>\n            Les ogs\u00e5<\/p>\n<p>              Flere millioner f\u00f8lger med p\u00e5 Riises \u00abnye liv\u00bb: \u2013 Jeg har ikke peiling p\u00e5 det\n        <\/p>\n<p>  <\/a><br \/>\n  P\u00e5 jakt etter nytt prosjekt<\/p>\n<p>Til Nettavisen forteller Riise at han ikke har gitt opp Ironman-konkurransen i Barcelona helt enn\u00e5, men at han er sv\u00e6rt skuffet over det hele.<\/p>\n<p>Forel\u00f8pig har han ikke satt noen nye m\u00e5l for neste \u00e5r.<\/p>\n<p>\u2013 Jeg skal ta en prat med coach etter hvert og se hva som kan v\u00e6re g\u00f8y, men akkurat i dag er jeg skuffa over at jeg ikke kontrollsjekket, sier Riise og forsikrer om at han skal finne et nytt prosjekt.<\/p>\n<p>Det er imidlertid liten tvil om at han var sv\u00e6rt motivert for den gjeve konkurransen. Fotballprofilen har uttalt seg om m\u00e5let flere ganger tidligere.<\/p>\n<p>\u2013 Jeg skal ikke v\u00e6re en 24\/7-ut\u00f8ver. Jeg reiser mye og lever livet mitt, men jeg skal gj\u00f8re en god nok jobb til \u00e5 klare m\u00e5let mitt. G\u00e5r det ikke s\u00e5 g\u00e5r det ikke, men jeg skal i hvert fall fullf\u00f8re, sa Riise til Nettavisen i november.<\/p>\n<p>  <a href=\"https:\/\/www.tb.no\/5-76-2702193\" class=\"related-teaser has-image default-story-teaser article--c-eRUmMG article--c-eRUmMG-jKCPdD-design-default\" rel=\"nofollow noopener\" target=\"_blank\"><\/p>\n<p>    <img decoding=\"async\" loading=\"lazy\"  src=\"https:\/\/www.europesays.com\/no\/wp-content\/uploads\/2025\/12\/riiseparaply.jpg\" alt=\"\" class=\"brick-c-cFOWSL\" style=\"\"\/><\/p>\n<p>\n            Les ogs\u00e5<\/p>\n<p>              John Arne Riise med ekstrem avsl\u00f8ring\n        <\/p>\n<p>  <\/a><br \/>\n  T\u00f8ft treningsopplegg<\/p>\n<p>Han har trent med personlig trener Anders Muren i lengre tid og har trent knallhardt mot det som var det opprinnelige m\u00e5let for 2026.<\/p>\n<p>\u2013 Fokuset blir \u00e5 bygge opp treningsgrunnlaget, slite ut kroppen og skape en \u00abheavy base\u00bb, fortalte Riise til Nettavisen i november, og la til:<\/p>\n<p>\u2013 Muren er en luring. Han liker \u00e5 pushe meg!<\/p>\n<p>Konkurransen avholdes i Barcelona 4. oktober. P\u00e5 arrangementets egen hjemmeside opplyser de om at det er utsolgt. Dermed gjenst\u00e5r det \u00e5 se om Riise klarer \u00e5 skaffe seg en plass. Til Nettavisen forsikrer han imidlertid om at han vil fortsatte \u00e5 dele treningsinnhold i sosiale medier.<\/p>\n<p>  <a href=\"https:\/\/www.tb.no\/5-76-2739392\" class=\"related-teaser has-image default-story-teaser article--c-eRUmMG article--c-eRUmMG-jKCPdD-design-default\" rel=\"nofollow noopener\" target=\"_blank\"><\/p>\n<p>    <img decoding=\"async\" loading=\"lazy\"  src=\"https:\/\/www.europesays.com\/no\/wp-content\/uploads\/2025\/12\/1765545325_39_Design+uten+navn+%283%29.png\" alt=\"\" class=\"brick-c-cFOWSL\" style=\"\"\/><\/p>\n<p>\n            Les ogs\u00e5<\/p>\n<p>              Vegard og Camilla h\u00e5vet inn \u2013 dette tjente kjendisene og kulturtoppene\n        <\/p>\n<p>  <\/a><\/p>\n","protected":false},"excerpt":{"rendered":"(Nettavisen) I oktober avsl\u00f8rte John Arne Riise at han skulle delta i Ironman. Konkurransen avholdes p\u00e5 h\u00f8sten i&hellip;\n","protected":false},"author":2,"featured_media":111334,"comment_status":"","ping_status":"","sticky":false,"template":"","format":"standard","meta":{"footnotes":""},"categories":[59],"tags":[36,3009,6237,30,28,29,83,82,1510,723],"class_list":{"0":"post-111333","1":"post","2":"type-post","3":"status-publish","4":"format-standard","5":"has-post-thumbnail","7":"category-sport","8":"tag-art","9":"tag-ironman","10":"tag-john-arne-riise","11":"tag-no","12":"tag-norge","13":"tag-norway","14":"tag-sport","15":"tag-sports","16":"tag-story","17":"tag-trening"},"share_on_mastodon":{"url":"https:\/\/pubeurope.com\/@no\/115706784951990191","error":""},"_links":{"self":[{"href":"https:\/\/www.europesays.com\/no\/wp-json\/wp\/v2\/posts\/111333","targetHints":{"allow":["GET"]}}],"collection":[{"href":"https:\/\/www.europesays.com\/no\/wp-json\/wp\/v2\/posts"}],"about":[{"href":"https:\/\/www.europesays.com\/no\/wp-json\/wp\/v2\/types\/post"}],"author":[{"embeddable":true,"href":"https:\/\/www.europesays.com\/no\/wp-json\/wp\/v2\/users\/2"}],"replies":[{"embeddable":true,"href":"https:\/\/www.europesays.com\/no\/wp-json\/wp\/v2\/comments?post=111333"}],"version-history":[{"count":0,"href":"https:\/\/www.europesays.com\/no\/wp-json\/wp\/v2\/posts\/111333\/revisions"}],"wp:featuredmedia":[{"embeddable":true,"href":"https:\/\/www.europesays.com\/no\/wp-json\/wp\/v2\/media\/111334"}],"wp:attachment":[{"href":"https:\/\/www.europesays.com\/no\/wp-json\/wp\/v2\/media?parent=111333"}],"wp:term":[{"taxonomy":"category","embeddable":true,"href":"https:\/\/www.europesays.com\/no\/wp-json\/wp\/v2\/categories?post=111333"},{"taxonomy":"post_tag","embeddable":true,"href":"https:\/\/www.europesays.com\/no\/wp-json\/wp\/v2\/tags?post=111333"}],"curies":[{"name":"wp","href":"https:\/\/api.w.org\/{rel}","templated":true}]}}