{"id":111335,"date":"2025-12-12T13:16:50","date_gmt":"2025-12-12T13:16:50","guid":{"rendered":"https:\/\/www.europesays.com\/no\/111335\/"},"modified":"2025-12-12T13:16:50","modified_gmt":"2025-12-12T13:16:50","slug":"brukere-skal-fa-lage-ki-genererte-videoer-med-disney-figurer","status":"publish","type":"post","link":"https:\/\/www.europesays.com\/no\/111335\/","title":{"rendered":"Brukere skal f\u00e5 lage KI-genererte videoer med Disney-figurer"},"content":{"rendered":"\n<p class=\"_lead_o9xde_2 _lead_xtcu6_50 layout-component text-serif-m layout-normal text-serif-l layout-component layout-wide layout-padded _wide_17hqh_1 layout-padded\">En ny avtale mellom Disney og selskapet OpenAI \u00e5pner for at brukere skal f\u00e5 lage korte KI-genererte videoer med Disney- og Marvel-figurer.<\/p>\n<p><img alt=\"Minni Mus er en av figurene som kan f\u00e5 \u00abroller\u00bb i brukergenererte KI-videoer. Bildet ble tatt under en thanksgiving-parade i New York i fjor.  Foto: Charles Sykes \/ Invision \/ AP \/ NTB\" class=\"_image_qp4xg_65 layout-component layout-wide\" data-fullscreen- data-track-element-type=\"Article image fullscreen\" data-track-name=\"ImageFullscreen\" fetchpriority=\"high\" decoding=\"sync\" loading=\"eager\" height=\"4200\" itemprop=\"image\"  src=\"https:\/\/www.europesays.com\/no\/wp-content\/uploads\/2025\/12\/647d4e8f-83b0-4c2a-b8ba-2bbbe4ef485f\"  style=\"object-position:0% 0%\" width=\"6300\"\/>Minni Mus er en av figurene som kan f\u00e5 \u00abroller\u00bb i brukergenererte KI-videoer. Bildet ble tatt under en thanksgiving-parade i New York i fjor.  Foto: Charles Sykes \/ Invision \/ AP \/ NTB<\/p>\n<ul aria-hidden=\"true\" class=\"_images_ntbth_112\">\n<li><a class=\"_link_ntbth_117\" href=\"https:\/\/www.vg.no\/forfatter\/ntb\" style=\"z-index:1\" title=\"NTB\" rel=\"nofollow noopener\" target=\"_blank\"><img alt=\"Bilde av NTB\" class=\"_image_ntbth_93\" fetchpriority=\"low\" loading=\"lazy\" decoding=\"async\" itemprop=\"image\"  src=\"https:\/\/www.europesays.com\/no\/wp-content\/uploads\/2025\/12\/1765545410_663_c33980b0-5d07-4027-84a1-813f90a7c8d6\"  width=\"480\"\/><\/a><\/li>\n<\/ul>\n<p> Oppdatert torsdag 11. desember kl. 16:13     <\/p>\n<p class=\"_paragraph_o9xde_4 _paragraph_xtcu6_10 layout-component text-serif-m layout-normal text-serif-m layout-padded\"> Avtalen ble <a href=\"https:\/\/openai.com\/index\/disney-sora-agreement\/\" class=\"_link_o9xde_39\" rel=\"nofollow noopener\" target=\"_blank\"> kunngjort<\/a> av selskapene torsdag. Ogs\u00e5 figurer fra Pixar- og Star Wars-universene kan f\u00e5 \u00abroller\u00bb i videoer laget med ChatGPT og KI-videoplattformen Sora.<\/p>\n<p class=\"_paragraph_o9xde_4 _paragraph_xtcu6_10 layout-component text-serif-m layout-normal text-serif-m layout-padded\">Mikke og Minni Mus, figurer fra Frozen-filmene, Iron Man og Darth Vader st\u00e5r p\u00e5 listen over dem brukerne f\u00e5r tilgang til.<\/p>\n<p class=\"_paragraph_o9xde_4 _paragraph_xtcu6_10 layout-component text-serif-m layout-normal text-serif-m layout-padded\">Lisensavtalen har en varighet p\u00e5 tre \u00e5r. Samarbeidet inneb\u00e6rer ogs\u00e5 at Disney skal investere 1 milliard dollar i OpenAI.<\/p>\n","protected":false},"excerpt":{"rendered":"En ny avtale mellom Disney og selskapet OpenAI \u00e5pner for at brukere skal f\u00e5 lage korte KI-genererte videoer&hellip;\n","protected":false},"author":2,"featured_media":111336,"comment_status":"","ping_status":"","sticky":false,"template":"","format":"standard","meta":{"footnotes":""},"categories":[58],"tags":[374,71,30,28,29,72],"class_list":{"0":"post-111335","1":"post","2":"type-post","3":"status-publish","4":"format-standard","5":"has-post-thumbnail","7":"category-underholdning","8":"tag-disney","9":"tag-entertainment","10":"tag-no","11":"tag-norge","12":"tag-norway","13":"tag-underholdning"},"share_on_mastodon":{"url":"https:\/\/pubeurope.com\/@no\/115706792917118575","error":""},"_links":{"self":[{"href":"https:\/\/www.europesays.com\/no\/wp-json\/wp\/v2\/posts\/111335","targetHints":{"allow":["GET"]}}],"collection":[{"href":"https:\/\/www.europesays.com\/no\/wp-json\/wp\/v2\/posts"}],"about":[{"href":"https:\/\/www.europesays.com\/no\/wp-json\/wp\/v2\/types\/post"}],"author":[{"embeddable":true,"href":"https:\/\/www.europesays.com\/no\/wp-json\/wp\/v2\/users\/2"}],"replies":[{"embeddable":true,"href":"https:\/\/www.europesays.com\/no\/wp-json\/wp\/v2\/comments?post=111335"}],"version-history":[{"count":0,"href":"https:\/\/www.europesays.com\/no\/wp-json\/wp\/v2\/posts\/111335\/revisions"}],"wp:featuredmedia":[{"embeddable":true,"href":"https:\/\/www.europesays.com\/no\/wp-json\/wp\/v2\/media\/111336"}],"wp:attachment":[{"href":"https:\/\/www.europesays.com\/no\/wp-json\/wp\/v2\/media?parent=111335"}],"wp:term":[{"taxonomy":"category","embeddable":true,"href":"https:\/\/www.europesays.com\/no\/wp-json\/wp\/v2\/categories?post=111335"},{"taxonomy":"post_tag","embeddable":true,"href":"https:\/\/www.europesays.com\/no\/wp-json\/wp\/v2\/tags?post=111335"}],"curies":[{"name":"wp","href":"https:\/\/api.w.org\/{rel}","templated":true}]}}