{"id":111343,"date":"2025-12-12T13:30:13","date_gmt":"2025-12-12T13:30:13","guid":{"rendered":"https:\/\/www.europesays.com\/no\/111343\/"},"modified":"2025-12-12T13:30:13","modified_gmt":"2025-12-12T13:30:13","slug":"arne-bye-dom-redusert-straff-for-arne-bye","status":"publish","type":"post","link":"https:\/\/www.europesays.com\/no\/111343\/","title":{"rendered":"Arne Bye, Dom | Redusert straff for Arne Bye"},"content":{"rendered":"<p>\n    Av <\/p>\n<p>  Gaute Ulvik Haugan og NTB<\/p>\n<p>Oppdatert: 12.12.25 12:38Publisert: 12.12.25 12:34<\/p>\n<p data-content=\"lead-text\" class=\"lead-text story brick-c-eOZvhA\">\n<p>          Frostating lagmannsrett har redusert dommen til 16 \u00e5r i fengsel for tidligere kommunelege Arne Bye (56). Dommen fra tingretten var p\u00e5 21 \u00e5rs fengsel.\n      <\/p>\n<p>    Plussmerking. Denne artikkelen kan bare leses av abonenter<\/p>\n<p>  For abonnenter<\/p>\n","protected":false},"excerpt":{"rendered":"Av Gaute Ulvik Haugan og NTB Oppdatert: 12.12.25 12:38Publisert: 12.12.25 12:34 Frostating lagmannsrett har redusert dommen til 16&hellip;\n","protected":false},"author":2,"featured_media":3842,"comment_status":"","ping_status":"","sticky":false,"template":"","format":"standard","meta":{"footnotes":""},"categories":[10],"tags":[20,21,24,25,15,22,23,13,30,28,29,14,16,26,27],"class_list":{"0":"post-111343","1":"post","2":"type-post","3":"status-publish","4":"format-standard","5":"has-post-thumbnail","7":"category-norge","8":"tag-breaking-news","9":"tag-breakingnews","10":"tag-featured-news","11":"tag-featurednews","12":"tag-headlines","13":"tag-latest-news","14":"tag-latestnews","15":"tag-news","16":"tag-no","17":"tag-norge","18":"tag-norway","19":"tag-nyheter","20":"tag-overskrifter","21":"tag-top-stories","22":"tag-topstories"},"share_on_mastodon":{"url":"https:\/\/pubeurope.com\/@no\/115706844090085279","error":""},"_links":{"self":[{"href":"https:\/\/www.europesays.com\/no\/wp-json\/wp\/v2\/posts\/111343","targetHints":{"allow":["GET"]}}],"collection":[{"href":"https:\/\/www.europesays.com\/no\/wp-json\/wp\/v2\/posts"}],"about":[{"href":"https:\/\/www.europesays.com\/no\/wp-json\/wp\/v2\/types\/post"}],"author":[{"embeddable":true,"href":"https:\/\/www.europesays.com\/no\/wp-json\/wp\/v2\/users\/2"}],"replies":[{"embeddable":true,"href":"https:\/\/www.europesays.com\/no\/wp-json\/wp\/v2\/comments?post=111343"}],"version-history":[{"count":0,"href":"https:\/\/www.europesays.com\/no\/wp-json\/wp\/v2\/posts\/111343\/revisions"}],"wp:featuredmedia":[{"embeddable":true,"href":"https:\/\/www.europesays.com\/no\/wp-json\/wp\/v2\/media\/3842"}],"wp:attachment":[{"href":"https:\/\/www.europesays.com\/no\/wp-json\/wp\/v2\/media?parent=111343"}],"wp:term":[{"taxonomy":"category","embeddable":true,"href":"https:\/\/www.europesays.com\/no\/wp-json\/wp\/v2\/categories?post=111343"},{"taxonomy":"post_tag","embeddable":true,"href":"https:\/\/www.europesays.com\/no\/wp-json\/wp\/v2\/tags?post=111343"}],"curies":[{"name":"wp","href":"https:\/\/api.w.org\/{rel}","templated":true}]}}