{"id":11135,"date":"2025-08-18T09:21:08","date_gmt":"2025-08-18T09:21:08","guid":{"rendered":"https:\/\/www.europesays.com\/no\/11135\/"},"modified":"2025-08-18T09:21:08","modified_gmt":"2025-08-18T09:21:08","slug":"nyhet-politi-mc-forer-har-kjort-av-veien-luftambulanse-er-tilkalt","status":"publish","type":"post","link":"https:\/\/www.europesays.com\/no\/11135\/","title":{"rendered":"Nyhet, Politi | MC-f\u00f8rer har kj\u00f8rt av veien: \u2013 Luftambulanse er tilkalt"},"content":{"rendered":"\n<p>Politi, ambulanse og luftambulanse rykket ut til melding om en singelulykke, der en MC-f\u00f8rer hadde kj\u00f8rt av B\u00e5dalsveien p\u00e5 Aver\u00f8y mandag morgen.<\/p>\n<p>\u2013 Personen er v\u00e5ken og orientert, men skadeomfanget er ukjent, opplyste operasjonsleder Tove Holst-Dyrnes i M\u00f8re og Romsdal politidistrikt til Tidens Krav.<\/p>\n<p>\u2013 Ukjent skadegrad<\/p>\n<p>Klokken 09.43 var flere n\u00f8detater p\u00e5 vei til stedet.<\/p>\n<p>\u2013 Politi, ambulanse og luftambulanse er tilkalt til stedet, sa Holst-Dyrnes.<\/p>\n<p>B\u00e5dalsveien p\u00e5 Fylkesvei 64 var stengt i begge kj\u00f8reretninger etter trafikkulykken.<\/p>\n<p>\u2013 Trafikken st\u00e5r p\u00e5 stedet, og akkurat n\u00e5 er det ingen passasje, fortalte operasjonslederen klokken 09.43.<\/p>\n<p>Klokken 09.58 opplyste Holst-Dyrnes om at personen fremsto skadet.<\/p>\n<p>\u2013 Ukjent skadegrad, skrev hun i politiets pressetjeneste.<\/p>\n<p>Klokken 10.15 fortalte Holst-Dyrnes at det var manuell dirigering av trafikken p\u00e5 B\u00e5dalsveien. <\/p>\n<p>Fraktet til Hjelset<\/p>\n<p>MC-f\u00f8reren er if\u00f8lge Holst-Dyrnes en gutt i ten\u00e5rene. <\/p>\n<p>\u2013 Personen fraktes med luftambulanse til SNR Hjelset. Han var fremdeles v\u00e5ken og orientert, da han ble fraktet med luftambulansen, sa hun.<\/p>\n<p>Klokken 10.23 skrev Holst-Dyrnes p\u00e5 politiets pressetjeneste at veibanen p\u00e5 stedet var ryddet.<\/p>\n<p>\u2013 N\u00f8detater avslutter p\u00e5 stedet, het det videre i meldingen.<\/p>\n<p>Les mer om: artikkelemnene<\/p>\n","protected":false},"excerpt":{"rendered":"Politi, ambulanse og luftambulanse rykket ut til melding om en singelulykke, der en MC-f\u00f8rer hadde kj\u00f8rt av B\u00e5dalsveien&hellip;\n","protected":false},"author":2,"featured_media":11136,"comment_status":"","ping_status":"","sticky":false,"template":"","format":"standard","meta":{"footnotes":""},"categories":[10],"tags":[36,297,20,21,24,25,15,22,23,13,30,28,29,447,14,16,254,1510,26,27,224,51],"class_list":{"0":"post-11135","1":"post","2":"type-post","3":"status-publish","4":"format-standard","5":"has-post-thumbnail","7":"category-norge","8":"tag-art","9":"tag-averoy","10":"tag-breaking-news","11":"tag-breakingnews","12":"tag-featured-news","13":"tag-featurednews","14":"tag-headlines","15":"tag-latest-news","16":"tag-latestnews","17":"tag-news","18":"tag-no","19":"tag-norge","20":"tag-norway","21":"tag-nyhet","22":"tag-nyheter","23":"tag-overskrifter","24":"tag-politi","25":"tag-story","26":"tag-top-stories","27":"tag-topstories","28":"tag-trafikk","29":"tag-ulykke"},"share_on_mastodon":{"url":"","error":""},"_links":{"self":[{"href":"https:\/\/www.europesays.com\/no\/wp-json\/wp\/v2\/posts\/11135","targetHints":{"allow":["GET"]}}],"collection":[{"href":"https:\/\/www.europesays.com\/no\/wp-json\/wp\/v2\/posts"}],"about":[{"href":"https:\/\/www.europesays.com\/no\/wp-json\/wp\/v2\/types\/post"}],"author":[{"embeddable":true,"href":"https:\/\/www.europesays.com\/no\/wp-json\/wp\/v2\/users\/2"}],"replies":[{"embeddable":true,"href":"https:\/\/www.europesays.com\/no\/wp-json\/wp\/v2\/comments?post=11135"}],"version-history":[{"count":0,"href":"https:\/\/www.europesays.com\/no\/wp-json\/wp\/v2\/posts\/11135\/revisions"}],"wp:featuredmedia":[{"embeddable":true,"href":"https:\/\/www.europesays.com\/no\/wp-json\/wp\/v2\/media\/11136"}],"wp:attachment":[{"href":"https:\/\/www.europesays.com\/no\/wp-json\/wp\/v2\/media?parent=11135"}],"wp:term":[{"taxonomy":"category","embeddable":true,"href":"https:\/\/www.europesays.com\/no\/wp-json\/wp\/v2\/categories?post=11135"},{"taxonomy":"post_tag","embeddable":true,"href":"https:\/\/www.europesays.com\/no\/wp-json\/wp\/v2\/tags?post=11135"}],"curies":[{"name":"wp","href":"https:\/\/api.w.org\/{rel}","templated":true}]}}