{"id":111353,"date":"2025-12-12T13:37:24","date_gmt":"2025-12-12T13:37:24","guid":{"rendered":"https:\/\/www.europesays.com\/no\/111353\/"},"modified":"2025-12-12T13:37:24","modified_gmt":"2025-12-12T13:37:24","slug":"trafikk-kanselleringer-sterk-vind-som-skal-oke-utover-dagen","status":"publish","type":"post","link":"https:\/\/www.europesays.com\/no\/111353\/","title":{"rendered":"Trafikk, Kanselleringer | Sterk vind &#8211; som skal \u00f8ke utover dagen"},"content":{"rendered":"\n<p>Det bl\u00e5ser godt og det er kommet noen meldinger i trafikken og kanselleringer og v\u00e6rforbehold.<\/p>\n<p>P\u00e5 kysten fra R\u00f8rvik til Bod\u00f8 er det sendt ut gult farevarsel fra fredag morgen for \u00f8st og s\u00f8r\u00f8stlig periodevis stiv kuling 15 m\/s, \u00f8kende utover dagen til periodevis sterk kuling 20 m\/s.<\/p>\n<p>  <a href=\"https:\/\/www.ranablad.no\/5-42-1532327\" class=\"related-teaser has-image default-story-teaser article--c-eRUmMG article--c-eRUmMG-jKCPdD-design-default\" rel=\"nofollow noopener\" target=\"_blank\"><\/p>\n<p>    <img decoding=\"async\" loading=\"lazy\"  src=\"https:\/\/www.europesays.com\/no\/wp-content\/uploads\/2025\/12\/Skjermbilde+2025-12-11+195349.png\" alt=\"\" class=\"brick-c-cFOWSL\" style=\"\"\/><\/p>\n<p>\n            Les ogs\u00e5<\/p>\n<p>              Tar forbehold om kanselleringer &#8211; venter mye vind fredag. Kan bli opp mot sterk kuling og liten storm enkelte steder\n        <\/p>\n<p>  <\/a><\/p>\n<p>  <a href=\"https:\/\/www.ranablad.no\/5-42-1532073\" class=\"related-teaser has-image default-story-teaser article--c-eRUmMG article--c-eRUmMG-jKCPdD-design-default\" rel=\"nofollow noopener\" target=\"_blank\"><\/p>\n<p>    <img decoding=\"async\" loading=\"lazy\"  src=\"https:\/\/www.europesays.com\/no\/wp-content\/uploads\/2025\/12\/1765546643_620_glatt.png\" alt=\"\" class=\"brick-c-cFOWSL\" style=\"\"\/><\/p>\n<p>\n            Les ogs\u00e5<\/p>\n<p>              Gult farevarsel: Venter underkj\u00f8lt regn og glatte veier\n        <\/p>\n<p>  <\/a><\/p>\n<p>For fergen Stokkv\u00e5gen-On\u00f8y-Sleneset-Lovund meldes det at A-ruten har v\u00e6rforbehold p\u00e5 alle anl\u00f8p p\u00e5 grunn av mye vind. Anl\u00f8p kan bli innstilt p\u00e5 kort varsel. Ogs\u00e5 B-ruten MF Sigrid tar v\u00e6rforbehold p\u00e5 alle anl\u00f8p i dag, og det varsles om mulige kanselleringer p\u00e5 kort varsel.<\/p>\n<p>Klokken 09.41 meldes det at det ogs\u00e5 er v\u00e6rforbehold p\u00e5 fergen Jektvik &#8211; Kilboghamn. Den kan bli innstilt p\u00e5 kort varsel.<\/p>\n<p>Helgelandspendelen, rute 18-191, MS Fredrikke T\u00f8nder-Olsen, melder om v\u00e6rforbehold p\u00e5 alle anl\u00f8p ut dagen.<\/p>\n<p><a href=\"https:\/\/www.reisnordland.no\/trafikkmeldinger\" rel=\"Follow nofollow noopener\" target=\"_blank\"><b>Oppdaterte trafikkmeldinger her.<\/b><\/a><\/p>\n<p>Hurtigb\u00e5ten R\u00f8d\u00f8y-Melfjordbotn er kansellert forel\u00f8pig fram til klokken 11.00 p\u00e5 grunn av sterk vind.<\/p>\n<p>Hurtigb\u00e5ten i R\u00f8d\u00f8y, rute 18-411, er kansellert. Ruta skulle g\u00e5 fra Tonnes klokken 06.55. Dette er ogs\u00e5 skoleruta, som blir kansellert utover dagen.<\/p>\n<p>Det meldes ogs\u00e5 at hurtigb\u00e5ten i Lur\u00f8y (MS Nes\u00f8y), rute 18-193, kansellerer alle anl\u00f8p av Indre Kvar\u00f8y fra klokken 11.55 og ut dagen, dette p\u00e5 grunn av ugunstig vindretning. Resten av ruten vurderes etter hvert, ettersom vinden er meldt \u00e5 skulle \u00f8ke utover dagen. Boreal Sj\u00f8 AS melder ogs\u00e5 om v\u00e6rforbehold for anl\u00f8p Indre Kvar\u00f8y.<\/p>\n<p>I veitrafikken er det i 9-tiden fredag morgen ikke meldt om stengte fjelloverganger eller andre utfordringer.<\/p>\n<p><a href=\"https:\/\/www.ranablad.no\/gult-farevarsel-venter-underkjolt-regn-og-glatte-veier\/s\/5-42-1532073\" rel=\"Follow nofollow noopener\" target=\"_blank\">Det er sendt ut gult farevarsel for kysten av Helgeland der det ventes underkj\u00f8lt regn som kan fryse p\u00e5 veibanen og kj\u00f8ret\u00f8y.<\/a><\/p>\n","protected":false},"excerpt":{"rendered":"Det bl\u00e5ser godt og det er kommet noen meldinger i trafikken og kanselleringer og v\u00e6rforbehold. P\u00e5 kysten fra&hellip;\n","protected":false},"author":2,"featured_media":111354,"comment_status":"","ping_status":"","sticky":false,"template":"","format":"standard","meta":{"footnotes":""},"categories":[10],"tags":[36,20,21,24,25,15,13646,22,23,1782,13,30,28,29,14,16,1783,1510,26,27,224],"class_list":{"0":"post-111353","1":"post","2":"type-post","3":"status-publish","4":"format-standard","5":"has-post-thumbnail","7":"category-norge","8":"tag-art","9":"tag-breaking-news","10":"tag-breakingnews","11":"tag-featured-news","12":"tag-featurednews","13":"tag-headlines","14":"tag-kanselleringer","15":"tag-latest-news","16":"tag-latestnews","17":"tag-luroy","18":"tag-news","19":"tag-no","20":"tag-norge","21":"tag-norway","22":"tag-nyheter","23":"tag-overskrifter","24":"tag-rodoy","25":"tag-story","26":"tag-top-stories","27":"tag-topstories","28":"tag-trafikk"},"share_on_mastodon":{"url":"https:\/\/pubeurope.com\/@no\/115706871742595733","error":""},"_links":{"self":[{"href":"https:\/\/www.europesays.com\/no\/wp-json\/wp\/v2\/posts\/111353","targetHints":{"allow":["GET"]}}],"collection":[{"href":"https:\/\/www.europesays.com\/no\/wp-json\/wp\/v2\/posts"}],"about":[{"href":"https:\/\/www.europesays.com\/no\/wp-json\/wp\/v2\/types\/post"}],"author":[{"embeddable":true,"href":"https:\/\/www.europesays.com\/no\/wp-json\/wp\/v2\/users\/2"}],"replies":[{"embeddable":true,"href":"https:\/\/www.europesays.com\/no\/wp-json\/wp\/v2\/comments?post=111353"}],"version-history":[{"count":0,"href":"https:\/\/www.europesays.com\/no\/wp-json\/wp\/v2\/posts\/111353\/revisions"}],"wp:featuredmedia":[{"embeddable":true,"href":"https:\/\/www.europesays.com\/no\/wp-json\/wp\/v2\/media\/111354"}],"wp:attachment":[{"href":"https:\/\/www.europesays.com\/no\/wp-json\/wp\/v2\/media?parent=111353"}],"wp:term":[{"taxonomy":"category","embeddable":true,"href":"https:\/\/www.europesays.com\/no\/wp-json\/wp\/v2\/categories?post=111353"},{"taxonomy":"post_tag","embeddable":true,"href":"https:\/\/www.europesays.com\/no\/wp-json\/wp\/v2\/tags?post=111353"}],"curies":[{"name":"wp","href":"https:\/\/api.w.org\/{rel}","templated":true}]}}