{"id":111355,"date":"2025-12-12T13:38:50","date_gmt":"2025-12-12T13:38:50","guid":{"rendered":"https:\/\/www.europesays.com\/no\/111355\/"},"modified":"2025-12-12T13:38:50","modified_gmt":"2025-12-12T13:38:50","slug":"finnmark-fylkesting-konservativt-sier-nei-til-kjonnsmangfold-rad-rett-og-slett-et-mirakel-ifinnmark","status":"publish","type":"post","link":"https:\/\/www.europesays.com\/no\/111355\/","title":{"rendered":"Finnmark fylkesting, Konservativt | Sier nei til kj\u00f8nnsmangfold-r\u00e5d: \u2013 Rett og slett et mirakel &#8211; iFinnmark"},"content":{"rendered":"<ol>\n<li><a href=\"https:\/\/news.google.com\/rss\/articles\/CBMinAFBVV95cUxNak9xMWp3VVNEaTNJVkp0TFZkWmZVS092M25yY0l3U0FwUnA2QlByNU9GcjRiVEtiMWMwYmY0aUJ3STJfRXE2MkE5a0NDc25TQldqbW92OFBhQlhqdkE5LVdWUmxkb2JfVl9TUmlyLUJQUVpQU1BUd25yaW1UUDYxNVNybDhHa3VSLUIyek8yeVQwam45YVh6Q1JZTGk?oc=5\" target=\"_blank\" rel=\"nofollow noopener\">Finnmark fylkesting, Konservativt | Sier nei til kj\u00f8nnsmangfold-r\u00e5d: \u2013 Rett og slett et mirakel<\/a>&nbsp;&nbsp;iFinnmark<\/li>\n<li><a href=\"https:\/\/news.google.com\/rss\/articles\/CBMirwFBVV95cUxNaXFtQmhGRE5XSVNNbkVrdkxQeDhFWGI5YzMwTzE2NS1pMXJUZU9YdlRGaUFYdDBnRy1jTnY4SWVmMEsxWV9sZzlaandKRHAtdFFqM1hILWRhMU1qLTBnVk16NVctZmc4bVlrQllIcnVjeUp0MzUzeDFOaEZ4ZV9WZXN1NHVmb25CR1JYZ3Fxc0E5S0lpOW1XTmh4TmVFSkwzaDgyQUZsemNxSFQ3YzY0?oc=5\" target=\"_blank\" rel=\"nofollow noopener\">Nye Bufdir-r\u00e5d kan gj\u00f8re l\u00e6rere utrygge i egen jobb<\/a>&nbsp;&nbsp;Nettavisen<\/li>\n<li><a href=\"https:\/\/news.google.com\/rss\/articles\/CBMikAFBVV95cUxOLUs5N0Fid3hqcjRhTFNZVjZ6VW55MklWX0NhV1ZaVm8yS0l6dUJTd3RYbTNqVmtBVThyM24yVVd0Y29ndHZNX0tJYjN6c0JCZDVfOThXZWJTOFp0SVBsaG10eUhoa2loSHlPaDkwdngwZzFOZFNucTFWX0V0dFhHRld2bkRuX3lLSEhHeUd0Wjc?oc=5\" target=\"_blank\" rel=\"nofollow noopener\">Fysiologiprofessor nekter \u00e5 bruke statens kj\u00f8nnsveileder<\/a>&nbsp;&nbsp;Subjekt<\/li>\n<li><a href=\"https:\/\/news.google.com\/rss\/articles\/CBMi1AFBVV95cUxQNW9SRFliOEVkRTFXLTJja1AtNGtUOVZoZVlZRnVJVXVMWVY4djl4d0RvZll3SEItSVcySGFoYVZZRF9rWDR1V3NmdHM3Q3ZGQUQybXpXNDRQREV5cW1mbXdOVWdtS29nOE1ydHp4U1puU2NYemZHY1ZNZmhyNFlwNEJoX0JILXctZzY0RGNURG1VWlkyYUp2RzhPQkhMUEtaSEV3WTRKczJnbTFzaWJJaDFpZzI4cTRXTjl1Wm81NmswLVloMkVCSzZJYlppVmRLRW5IYg?oc=5\" target=\"_blank\" rel=\"nofollow noopener\">Bufdir svarer p\u00e5 kritikk: \u00abOffentlig ansatte ettersp\u00f8r mer kunnskap om kj\u00f8nnsmangfold\u00bb<\/a>&nbsp;&nbsp;Aftenposten<\/li>\n<li><a href=\"https:\/\/news.google.com\/rss\/articles\/CBMihgFBVV95cUxNc1FhZHpkSXlUbktpUEotQWRQUXRpRVFyRUo3a3dHWUR1NjBqNktGMENTTGE4RTRZTU95LWJybmJHdzJvdjZMVlNTN1dna1ZVU3h1YjZwZFZrZGo2SzFOR0FiQ3M0QlplY1VvRkI5UkNtT3E1UDEwTElaZWVCcFZKdU16X2xaZw?oc=5\" target=\"_blank\" rel=\"nofollow noopener\">Bufdir, Barn og unge | Kan bli anbefalt \u00e5 droppe ordene \u00abgutt\u00bb og \u00abjente\u00bb<\/a>&nbsp;&nbsp;Telemarksavisa<\/li>\n<\/ol>\n","protected":false},"excerpt":{"rendered":"Finnmark fylkesting, Konservativt | Sier nei til kj\u00f8nnsmangfold-r\u00e5d: \u2013 Rett og slett et mirakel&nbsp;&nbsp;iFinnmark Nye Bufdir-r\u00e5d kan gj\u00f8re&hellip;\n","protected":false},"author":2,"featured_media":111356,"comment_status":"","ping_status":"","sticky":false,"template":"","format":"standard","meta":{"footnotes":""},"categories":[5],"tags":[20,21,24,25,15,19,22,23,17,18,13,30,28,29,14,16,26,27],"class_list":{"0":"post-111355","1":"post","2":"type-post","3":"status-publish","4":"format-standard","5":"has-post-thumbnail","7":"category-overskrifter","8":"tag-breaking-news","9":"tag-breakingnews","10":"tag-featured-news","11":"tag-featurednews","12":"tag-headlines","13":"tag-hovedoppslag","14":"tag-latest-news","15":"tag-latestnews","16":"tag-main-news","17":"tag-mainnews","18":"tag-news","19":"tag-no","20":"tag-norge","21":"tag-norway","22":"tag-nyheter","23":"tag-overskrifter","24":"tag-top-stories","25":"tag-topstories"},"share_on_mastodon":{"url":"https:\/\/pubeurope.com\/@no\/115706879198681506","error":""},"_links":{"self":[{"href":"https:\/\/www.europesays.com\/no\/wp-json\/wp\/v2\/posts\/111355","targetHints":{"allow":["GET"]}}],"collection":[{"href":"https:\/\/www.europesays.com\/no\/wp-json\/wp\/v2\/posts"}],"about":[{"href":"https:\/\/www.europesays.com\/no\/wp-json\/wp\/v2\/types\/post"}],"author":[{"embeddable":true,"href":"https:\/\/www.europesays.com\/no\/wp-json\/wp\/v2\/users\/2"}],"replies":[{"embeddable":true,"href":"https:\/\/www.europesays.com\/no\/wp-json\/wp\/v2\/comments?post=111355"}],"version-history":[{"count":0,"href":"https:\/\/www.europesays.com\/no\/wp-json\/wp\/v2\/posts\/111355\/revisions"}],"wp:featuredmedia":[{"embeddable":true,"href":"https:\/\/www.europesays.com\/no\/wp-json\/wp\/v2\/media\/111356"}],"wp:attachment":[{"href":"https:\/\/www.europesays.com\/no\/wp-json\/wp\/v2\/media?parent=111355"}],"wp:term":[{"taxonomy":"category","embeddable":true,"href":"https:\/\/www.europesays.com\/no\/wp-json\/wp\/v2\/categories?post=111355"},{"taxonomy":"post_tag","embeddable":true,"href":"https:\/\/www.europesays.com\/no\/wp-json\/wp\/v2\/tags?post=111355"}],"curies":[{"name":"wp","href":"https:\/\/api.w.org\/{rel}","templated":true}]}}