{"id":111363,"date":"2025-12-12T13:48:10","date_gmt":"2025-12-12T13:48:10","guid":{"rendered":"https:\/\/www.europesays.com\/no\/111363\/"},"modified":"2025-12-12T13:48:10","modified_gmt":"2025-12-12T13:48:10","slug":"hvor-ble-det-av-solidariteten-arbeiderpartiet","status":"publish","type":"post","link":"https:\/\/www.europesays.com\/no\/111363\/","title":{"rendered":"Hvor ble det av solidariteten, Arbeiderpartiet?"},"content":{"rendered":"<p class=\"kicker t14 tm14 font-NotoSans\" style=\"\"><a href=\"https:\/\/www.abcnyheter.no\/stemmer\" rel=\"nofollow noopener\" target=\"_blank\">KRONIKK<\/a><\/p>\n<p>    N\u00e5 har Arbeiderpartiet for alvor har kastet seg inn i konkurransen med Frp om \u00e5 framst\u00e5 som mest mulig restriktiv i asyl- og flyktningpolitikken.<\/p>\n<p>\n        Brenna sier at asylmottak i tredjeland vil gj\u00f8re det tryggere for flyktninger, s\u00e5 de slipper \u00e5 legge ut p\u00e5 farefulle reiser. Men har hun glemt at vi allerede har et slikt system? sp\u00f8r Stenvaag.<br \/>\n        Lise \u00c5serud\n    <\/p>\n<p> At Arbeiderpartiet vil \u00e5pne for asylmottak i utlandet er en ny omdreining i norsk flyktningpolitikk, og partiet g\u00e5r dermed imot prinsippene om solidaritet og humanitet som vi har tuftet samfunnet v\u00e5rt p\u00e5.\u00a0<\/p>\n<p>        <a itemprop=\"url\" class=\"\" href=\"https:\/\/www.abcnyheter.no\/nyheter\/regjeringen-apner-for-a-vurdere-asylmottak-i-utlandet-vekker-reaksjoner\/1325841\" data-k5a-url=\"https:\/\/www.abcnyheter.no\/a\/1325841\" rel=\"nofollow noopener\" target=\"_blank\"><\/p>\n<p>            \u00c5pner for \u00e5 vurdere asylmottak i utlandet \u2013 vekker reaksjoner<\/p>\n<p itemprop=\"section\" class=\"section\" data-tag=\"nyheter\">nyheter<\/p>\n<p>        <\/a><\/p>\n<p>Justisminister Astri Aas-Hansen begrunner asylmottak i utlandet med at det kommer mange til Europa som ikke har grunnlag for \u00e5 f\u00e5 opphold, og et stort antall asyls\u00f8kere, som utfordrer asyl- og innvandringssystemet.\u00a0<\/p>\n<p class=\"font-weight-bold m-font-weight-bold\" data-lab-font_weight=\"font-weight-bold\">Men hva er virkeligheten i Norge?\u00a0<\/p>\n<p>Det er ingenting i dagens situasjon i Norge som tilsier at det skal v\u00e6re n\u00f8dvendig \u00e5 \u00e5pne opp for \u00e5 behandle asyls\u00f8knader i andre land enn Norge.\u00a0<\/p>\n<p class=\"quote\"> Regjeringen i praksis viser FN fingeren.<\/p>\n<p>                <img decoding=\"async\" src=\"https:\/\/www.europesays.com\/no\/wp-content\/uploads\/2025\/12\/1329084.webp\" width=\"480\" height=\"274\" title=\"Hvor ble det av solidariteten, Arbeiderpartiet?\" alt=\"\" loading=\"lazy\" style=\"\"\/><\/p>\n<p>            Heiko Junge\n        <\/p>\n<p>Bortsett fra ukrainske flyktninger har det de siste \u00e5rene kommet forholdsvis f\u00e5 flyktninger til Norge, og tallene har holdt seg relativt stabile. Siden 2015 har Europa i stor grad stengt grensene og \u00f8kt kontrollene, s\u00e5 det er vanskelig \u00e5 komme til Norge for \u00e5 s\u00f8ke asyl.\u00a0<\/p>\n<p>De seinere \u00e5rene har en h\u00f8y prosent av de som kommer til Norge f\u00e5tt asyl, kollektiv beskyttelse eller opphold p\u00e5 humanit\u00e6rt grunnlag. Det er alts\u00e5 veldig f\u00e5 s\u00e5kalt grunnl\u00f8se asyls\u00f8kere som kommer til Norge.\u00a0<\/p>\n<p>Seinest i v\u00e5r sa statsminister Jonas Gahr St\u00f8re p\u00e5 sp\u00f8rsm\u00e5l om asylmottak i tredjeland at han hadde vanskelig for \u00e5 se at man kan opprettholde grunnleggende menneskerettigheter rundt slike ordninger. Det hadde han helt rett i. Og det er vel en av grunnene til at verken Storbritannia eller Danmark enn\u00e5 har klart \u00e5 gjennomf\u00f8re noen praksis med asylmottak i tredjeland.\u00a0<\/p>\n<p>Amnesty og en rekke andre menneskerettighetsorganisasjoner har uttrykt bekymring for at asylmottak i tredjeland vil f\u00f8re til grove menneskerettighetsbrudd, tilfeldig internering og kriminalisering av flyktninger.\u00a0<\/p>\n<p>FNs h\u00f8ykommiss\u00e6r for flyktninger har beskrevet Storbritannias planer om asylmottak i Rwanda som brudd p\u00e5 Flyktningkonvensjonen, og sier at n\u00e5r det gjelder beskyttelse av flyktninger m\u00e5 alle land bidra, ikke bare nabolandene til krig og krise. <\/p>\n<p>                <img decoding=\"async\" src=\"https:\/\/www.europesays.com\/no\/wp-content\/uploads\/2025\/12\/1329094.webp\" width=\"480\" height=\"274\" title=\"FNs h\u00f8ykommiss\u00e6r for flyktninger Filippo Grandi.\" alt=\"\" loading=\"lazy\" style=\"\"\/><\/p>\n<p>\n            FNs h\u00f8ykommiss\u00e6r for flyktninger Filippo Grandi.<br \/>\n            Salvatore Di Nolfi \/ NTB\n        <\/p>\n<p>Arbeiderpartiets nestleder Tonje Brenna sier at asylmottak i tredjeland vil gj\u00f8re det tryggere for flyktninger, s\u00e5 de slipper \u00e5 legge ut p\u00e5 farefulle reiser. Men har hun glemt at vi allerede har et slikt system? Nemlig FNs kvoteflyktningssystem, som regjeringa for 2026 n\u00e6rmest har avviklet.\u00a0<\/p>\n<p>Fra et antall p\u00e5 mellom 2000 og 3000 kvoteflyktninger f\u00e5 \u00e5r tilbake, til og med da H\u00f8yre og FrP satt med regjeringsmakt, er antallet kvoteflyktninger satt til 100 kvoteflyktninger for 2026.<\/p>\n<p>Det er et antall som er s\u00e5 lavt at regjeringen i praksis viser FN fingeren og avvikler det eneste solidariske og fungerende systemet for de aller mest s\u00e5rbare flyktningene i verden. <\/p>\n<p>                <img decoding=\"async\" src=\"https:\/\/www.europesays.com\/no\/wp-content\/uploads\/2025\/12\/1329101.webp\" width=\"480\" height=\"274\" title=\"Til og med da H\u00f8yre og FrP satt med regjeringsmakt ble det sluppet inn flere kvoteflyktninger enn det som er planlagt i 2026.\" alt=\"\" loading=\"lazy\" style=\"\"\/><\/p>\n<p>\n            Til og med da H\u00f8yre og FrP satt med regjeringsmakt ble det sluppet inn flere kvoteflyktninger enn det som er planlagt i 2026.<br \/>\n            Stian Lysberg Solum \/ NTB\n        <\/p>\n<p>Dette fra et parti som skriver i sitt program at \u00abFNs kvoteflyktningssystem er den tryggeste og mest rettferdige ordningen for \u00e5 sikre mottak av mennesker som skal ha varig beskyttelse. Her kan Norge prioritere de mest s\u00e5rbare flyktningene med st\u00f8rst behov for beskyttelse, for eksempel barnefamilier.\u00bb Det er liten grunn til \u00e5 tro at asylmottak i tredjeland handler om trygghet for flyktningene, n\u00e5r Ap i s\u00e5 liten grad st\u00f8tter opp om dagens trygge og rettferdige system.\u00a0<\/p>\n<p>Det er et hardt klima Ap legger opp til, i en tid hvor flyktningpolitikken hardner til i hele Europa. Om det er denne retninga Ap skal g\u00e5 i, s\u00e5 bruk ikke nytaleord som rettferdig og b\u00e6rekraftig.\u00a0<\/p>\n<p class=\"font-weight-bold m-font-weight-bold\" data-lab-font_weight=\"font-weight-bold\">V\u00e6r i det minste \u00e6rlige nok til \u00e5 si at dere ikke lenger st\u00f8tter opp om FNs flyktningkonvensjon og rettighetene til mennesker p\u00e5 flukt. <\/p>\n<p>Det var en gang vi som hadde behov for \u00e5 flykte. Vi snakker fremdeles takknemlig om hvordan svenskene hjalp oss under andre verdenskrig, da Norge var okkupert av Nazi-Tyskland, og mange flyktet over grensen.\u00a0Mange har sett den danske serien \u00abFamilier som v\u00e5re\u00bb, hvor danskene m\u00e5 flykte fordi havet stiger. En verden som stenger alle grenser og sperrer alle fluktveier er en umenneskelig verden, og kan p\u00e5 et tidspunkt ramme oss selv.\u00a0<\/p>\n<p>Vi i R\u00f8dt g\u00e5r ikke med p\u00e5 de argumentene som Arbeiderpartiet n\u00e5 bruker for \u00e5 legitimere at asylmottak i tredjeland er n\u00f8dvendig, og vi kommer til \u00e5 kjempe imot denne omdreiningen i norsk flyktningpolitikk ved hver korsvei. Vi skal alltid kjempe for en solidarisk og human flyktningpolitikk, og slutte opp om Flyktningkonvensjonen. <\/p>\n<p class=\"italic m-italic\" data-lab-italic=\"italic\"><a href=\"https:\/\/www.abcnyheter.no\/stemmer\" target=\"_blank\" rel=\"nofollow noopener\">Stemmer<\/a>\u00a0er ABC Nyheters debattseksjon. Dette er meningsytringer, og innholdet st\u00e5r for skribentens regning. \u00d8nsker du \u00e5 bidra? Send kronikk eller debattinnlegg til\u00a0<a href=\"https:\/\/www.abcnyheter.no\/stemmer\/hvor-ble-det-av-solidariteten-arbeiderpartiet\/mailto:stemmer@abcnyheter.no\" target=\"_blank\" rel=\"nofollow noopener\">stemmer@abcnyheter.no<\/a>. <\/p>\n","protected":false},"excerpt":{"rendered":"KRONIKK N\u00e5 har Arbeiderpartiet for alvor har kastet seg inn i konkurransen med Frp om \u00e5 framst\u00e5 som&hellip;\n","protected":false},"author":2,"featured_media":111364,"comment_status":"","ping_status":"","sticky":false,"template":"","format":"standard","meta":{"footnotes":""},"categories":[12],"tags":[20,21,24,25,15,22,23,13,30,28,29,14,16,26,27,42,43,44,45],"class_list":{"0":"post-111363","1":"post","2":"type-post","3":"status-publish","4":"format-standard","5":"has-post-thumbnail","7":"category-verden","8":"tag-breaking-news","9":"tag-breakingnews","10":"tag-featured-news","11":"tag-featurednews","12":"tag-headlines","13":"tag-latest-news","14":"tag-latestnews","15":"tag-news","16":"tag-no","17":"tag-norge","18":"tag-norway","19":"tag-nyheter","20":"tag-overskrifter","21":"tag-top-stories","22":"tag-topstories","23":"tag-verden","24":"tag-world","25":"tag-world-news","26":"tag-worldnews"},"share_on_mastodon":{"url":"https:\/\/pubeurope.com\/@no\/115706914988364047","error":""},"_links":{"self":[{"href":"https:\/\/www.europesays.com\/no\/wp-json\/wp\/v2\/posts\/111363","targetHints":{"allow":["GET"]}}],"collection":[{"href":"https:\/\/www.europesays.com\/no\/wp-json\/wp\/v2\/posts"}],"about":[{"href":"https:\/\/www.europesays.com\/no\/wp-json\/wp\/v2\/types\/post"}],"author":[{"embeddable":true,"href":"https:\/\/www.europesays.com\/no\/wp-json\/wp\/v2\/users\/2"}],"replies":[{"embeddable":true,"href":"https:\/\/www.europesays.com\/no\/wp-json\/wp\/v2\/comments?post=111363"}],"version-history":[{"count":0,"href":"https:\/\/www.europesays.com\/no\/wp-json\/wp\/v2\/posts\/111363\/revisions"}],"wp:featuredmedia":[{"embeddable":true,"href":"https:\/\/www.europesays.com\/no\/wp-json\/wp\/v2\/media\/111364"}],"wp:attachment":[{"href":"https:\/\/www.europesays.com\/no\/wp-json\/wp\/v2\/media?parent=111363"}],"wp:term":[{"taxonomy":"category","embeddable":true,"href":"https:\/\/www.europesays.com\/no\/wp-json\/wp\/v2\/categories?post=111363"},{"taxonomy":"post_tag","embeddable":true,"href":"https:\/\/www.europesays.com\/no\/wp-json\/wp\/v2\/tags?post=111363"}],"curies":[{"name":"wp","href":"https:\/\/api.w.org\/{rel}","templated":true}]}}