{"id":111365,"date":"2025-12-12T13:49:14","date_gmt":"2025-12-12T13:49:14","guid":{"rendered":"https:\/\/www.europesays.com\/no\/111365\/"},"modified":"2025-12-12T13:49:14","modified_gmt":"2025-12-12T13:49:14","slug":"arne-bye-frosta-ny-dom-i-frosta-saken-arne-bye-far-redusert-straffen","status":"publish","type":"post","link":"https:\/\/www.europesays.com\/no\/111365\/","title":{"rendered":"Arne Bye, Frosta | Ny dom i Frosta-saken: Arne Bye f\u00e5r redusert straffen"},"content":{"rendered":"\n<p>I sommer ble den tidligere kommuneoverlegen i Frosta d\u00f8mt til 21 \u00e5rs fengsel for voldtekt av 70 pasienter og for 82 tilfeller av \u00e5 ha misbrukt sin stilling som lege, noe han har erkjent.<\/p>\n<p>En lovendring i voldtektsparagrafen gjorde at han anket saken for \u00e5 f\u00e5 vurdert straffeniv\u00e5et p\u00e5 nytt.<\/p>\n<p>En rettspsykiater har p\u00e5vist en tvangsmessig personlighetsforstyrrelse hos Bye. Men aktor, statsadvokat Eli Nessimo, mente dette ikke burde v\u00e6re formildende. Hun la derfor ned p\u00e5stand om 16 \u00e5rs fengsel, dagens maksimumsstraff.<\/p>\n<p>Forsvarer Frode Wisth mente ogs\u00e5 det ville v\u00e6re riktig \u00e5 ta utgangspunkt i maksstraffen, men at Bye burde f\u00e5 mellom ett og halvannet \u00e5r i fradrag.<\/p>\n<p>\u2013 Korrekt straff er etter mitt syn i omr\u00e5det 14,5 til 15 \u00e5r.<\/p>\n<p>Siden dommen i tingretten i sommer er det tatt ut nye siktelser mot den tidligere Frosta-legen. Disse gjelder ytterligere 33 voldtektshandlinger mot 16 ulike forn\u00e6rmede i perioden 2005 til 2022. Disse sakene er fortsatt under etterforskning.<\/p>\n","protected":false},"excerpt":{"rendered":"I sommer ble den tidligere kommuneoverlegen i Frosta d\u00f8mt til 21 \u00e5rs fengsel for voldtekt av 70 pasienter&hellip;\n","protected":false},"author":2,"featured_media":111366,"comment_status":"","ping_status":"","sticky":false,"template":"","format":"standard","meta":{"footnotes":""},"categories":[10],"tags":[20,21,24,25,15,22,23,13,30,28,29,14,16,26,27],"class_list":{"0":"post-111365","1":"post","2":"type-post","3":"status-publish","4":"format-standard","5":"has-post-thumbnail","7":"category-norge","8":"tag-breaking-news","9":"tag-breakingnews","10":"tag-featured-news","11":"tag-featurednews","12":"tag-headlines","13":"tag-latest-news","14":"tag-latestnews","15":"tag-news","16":"tag-no","17":"tag-norge","18":"tag-norway","19":"tag-nyheter","20":"tag-overskrifter","21":"tag-top-stories","22":"tag-topstories"},"share_on_mastodon":{"url":"https:\/\/pubeurope.com\/@no\/115706918672533709","error":""},"_links":{"self":[{"href":"https:\/\/www.europesays.com\/no\/wp-json\/wp\/v2\/posts\/111365","targetHints":{"allow":["GET"]}}],"collection":[{"href":"https:\/\/www.europesays.com\/no\/wp-json\/wp\/v2\/posts"}],"about":[{"href":"https:\/\/www.europesays.com\/no\/wp-json\/wp\/v2\/types\/post"}],"author":[{"embeddable":true,"href":"https:\/\/www.europesays.com\/no\/wp-json\/wp\/v2\/users\/2"}],"replies":[{"embeddable":true,"href":"https:\/\/www.europesays.com\/no\/wp-json\/wp\/v2\/comments?post=111365"}],"version-history":[{"count":0,"href":"https:\/\/www.europesays.com\/no\/wp-json\/wp\/v2\/posts\/111365\/revisions"}],"wp:featuredmedia":[{"embeddable":true,"href":"https:\/\/www.europesays.com\/no\/wp-json\/wp\/v2\/media\/111366"}],"wp:attachment":[{"href":"https:\/\/www.europesays.com\/no\/wp-json\/wp\/v2\/media?parent=111365"}],"wp:term":[{"taxonomy":"category","embeddable":true,"href":"https:\/\/www.europesays.com\/no\/wp-json\/wp\/v2\/categories?post=111365"},{"taxonomy":"post_tag","embeddable":true,"href":"https:\/\/www.europesays.com\/no\/wp-json\/wp\/v2\/tags?post=111365"}],"curies":[{"name":"wp","href":"https:\/\/api.w.org\/{rel}","templated":true}]}}