{"id":111369,"date":"2025-12-12T13:51:09","date_gmt":"2025-12-12T13:51:09","guid":{"rendered":"https:\/\/www.europesays.com\/no\/111369\/"},"modified":"2025-12-12T13:51:09","modified_gmt":"2025-12-12T13:51:09","slug":"randi-gustad-kuttet-bandene-til-tv-2-ma-ta-sjansen","status":"publish","type":"post","link":"https:\/\/www.europesays.com\/no\/111369\/","title":{"rendered":"Randi Gustad kuttet b\u00e5ndene til TV 2: \u2013 M\u00e5 ta sjansen"},"content":{"rendered":"\n<ul class=\"_list_o9xde_3 _list_64s2r_85 _unordered_o9xde_106 text-sans-m\">\n<li class=\"_item_o9xde_30\">Randi Gustad (48) sa opp jobben som jurist i TV 2 etter at hun ble valgt til h\u00e5ndballpresident.<\/li>\n<li class=\"_item_o9xde_30\">Som heltids h\u00e5ndballpresident \u00f8nsker hun \u00e5 unng\u00e5 mistanke om rolleblanding.<\/li>\n<li class=\"_item_o9xde_30\">Gustad g\u00e5r inn i rollen som en av tre kvinnelige presidenter med barn hjemme.<\/li>\n<li class=\"_item_o9xde_30\">Hun r\u00f8k akillesen under en oppvisningskamp, men deltok likevel i EHF-kongressen.<\/li>\n<li class=\"_item_o9xde_30\">Gustad har m\u00f8tt kritikk for NHFs pengebruk og deltatt i niv\u00e5debatten under VM.<\/li>\n<\/ul>\n<p>Vis mer <\/p>\n<p class=\"_paragraph_o9xde_4 _paragraph_xtcu6_10 layout-component text-serif-m layout-normal text-serif-m layout-padded\">Randi Gustad (48) sa opp juristjobben i TV 2 etter at hun for et halvt \u00e5r siden ble valgt til h\u00e5ndballpresident. Hun har blant annet jobbet med senderettigheter i kanalen.<\/p>\n<p class=\"_paragraph_o9xde_4 _paragraph_xtcu6_10 layout-component text-serif-m layout-normal text-serif-m layout-padded\"> Som h\u00e5ndballpresident vil hun unng\u00e5 mistanke om rolleblanding.<\/p>\n<p class=\"_paragraph_o9xde_4 _paragraph_xtcu6_10 layout-component text-serif-m layout-normal text-serif-m layout-padded\">\u2013 Jeg kunne bedt om permisjon, men jeg mener det er bedre for b\u00e5de NHF, TV 2 og meg \u00e5 kutte alle b\u00e5nd i en slik situasjon, sier Gustad til VG.<\/p>\n<p><img alt=\"Randi Gustad med TV 2s h\u00e5ndballkommentatorer Bent Svele og Harald Bredeli i 2017.  Foto: Vidar Ruud \/ NTB\" class=\"_image_qp4xg_65 layout-component layout-normal\" data-fullscreen- data-track-element-type=\"Article image fullscreen\" data-track-name=\"ImageFullscreen\" decoding=\"async\" loading=\"lazy\" height=\"3648\" itemprop=\"image\"  src=\"https:\/\/www.europesays.com\/no\/wp-content\/uploads\/2025\/12\/4e4137c9-87a6-4e48-aae2-345456e6b184\"  style=\"object-position:0% 0%\" width=\"5472\"\/>Randi Gustad med TV 2s h\u00e5ndballkommentatorer Bent Svele og Harald Bredeli i 2017.  Foto: Vidar Ruud \/ NTB<\/p>\n<p class=\"_paragraph_o9xde_4 _paragraph_xtcu6_10 layout-component text-serif-m layout-normal text-serif-m layout-padded\">Hennes forgjenger K\u00e5re Geir Lio (72) valgte en annen linje. <a href=\"https:\/\/www.vg.no\/sport\/i\/l35V4G\/haandballpresident-kaare-geir-lio-snakker-ut-utfordrer-tro-og-tillit\" data-track-element-type=\"Link\" data-track-id=\"link:l35V4G\" class=\"_link_o9xde_39\" rel=\"nofollow noopener\" target=\"_blank\">Det skapte b\u00f8lger for et par \u00e5r siden<\/a>.<\/p>\n<p class=\"_paragraph_o9xde_4 _paragraph_xtcu6_10 layout-component text-serif-m layout-normal text-serif-m layout-padded\">\u2013 Jeg f\u00e5r heller ta sjansen. Det er jo en grunn til at det har v\u00e6rt mange presidenter i norsk idrett p\u00e5 slutten av sin karriere med kapital eller pensjon i ryggen, mener Gustad.<\/p>\n<p class=\"_paragraph_o9xde_4 _paragraph_xtcu6_10 layout-component text-serif-m layout-normal text-serif-m layout-padded\">Fredag kan h\u00e5ndballjentene spille seg til VM-finalen i Gustads f\u00f8rste mesterskap som den fremste tillitsvalgte for nesten 147.000 medlemmer i NHF. Nederland-Norge spilles kl. 20.45 (TV3 \/ Viaplay).<\/p>\n<p><img alt=\"Foto: Bj\u00f8rn S. Delebekk \/ VG\" class=\"_image_qp4xg_65 layout-component layout-normal\" data-fullscreen- data-track-element-type=\"Article image fullscreen\" data-track-name=\"ImageFullscreen\" decoding=\"async\" loading=\"lazy\" height=\"2294\" itemprop=\"image\"  src=\"https:\/\/www.europesays.com\/no\/wp-content\/uploads\/2025\/12\/a59851d1-21a2-4843-94ef-7b3aceee1a1e\"  style=\"object-position:0% 0%\" width=\"2714\"\/>Foto: Bj\u00f8rn S. Delebekk \/ VG<\/p>\n<p class=\"_paragraph_o9xde_4 _paragraph_xtcu6_10 layout-component text-serif-m layout-normal text-serif-m layout-padded\">Randi Gustad er forbundets andre kvinnelige president. Den f\u00f8rste var legendariske Laila Schou Nilsen Laila Schou NilsenStyreleder og &laquo;formann&raquo; i NHF 1962-66. Som aktiv ut\u00f8ver scoret hun Norges f\u00f8rste landslagsm\u00e5l i 1946. Har OL-bronse i alpint og et dr\u00f8ss med norske mesterskap i h\u00e5ndball, tennis, sk\u00f8yter og ski.. Gustad g\u00e5r inn i ny virkelighet i norsk idrett. Tre jurister \u2013 alle m\u00f8dre \u2013 er styreledere med stor makt.<\/p>\n<p class=\"_paragraph_o9xde_4 _paragraph_xtcu6_10 layout-component text-serif-m layout-normal text-serif-m layout-padded\">\u2013 N\u00e5 er vi tre kvinnelige presidenter med barn boende hjemme. Zaineb (Al-Samarai, idrettspresident), Lise (Klaveness, fotballpresident) og meg. Det er klart det er litt sm\u00e5skummelt \u00e5 si opp en fast stilling med alle de privilegiene det inneb\u00e6rer og g\u00e5 over i en midlertidig tre\u00e5rsperiode p\u00e5 tillit. Men jeg fant ut at jeg m\u00e5 ta noen sjanser i livet og denne rollen vokste veldig p\u00e5 meg i l\u00f8pet av prosessen, sier hun.<\/p>\n<p class=\"_paragraph_o9xde_4 _paragraph_xtcu6_10 layout-component text-serif-m layout-normal text-serif-m layout-padded\">\u2013 Jeg synes det er spennende, legger Gustad til. Hun liker \u00e5 v\u00e6re tett p\u00e5 organisasjonen. Men ikke for tett p\u00e5 administrasjonen som president p\u00e5 heltid.<\/p>\n<p class=\"_paragraph_o9xde_4 _paragraph_xtcu6_10 layout-component text-serif-m layout-normal text-serif-m layout-padded\">\u2013 Jeg er ingen person som liker hjemmekontor. Jeg har n\u00e5 et kontor i Idrettens Hus mellom basket- og volleyballforbundet p\u00e5 Ullevaal stadion. En etasje under Zaineb. Det er utviklende \u00e5 kunne skape et idrettspolitisk nettverk der og samtidig ikke v\u00e6re langt unna driften til h\u00e5ndballforbundet, mener hun.<\/p>\n<p class=\"_paragraph_o9xde_4 _paragraph_xtcu6_10 layout-component text-serif-m layout-normal text-serif-m layout-padded\"><a href=\"https:\/\/www.vg.no\/sport\/i\/B0BmBQ\/randi-gustad-sa-foerst-nei-til-presidentvervet-ikke-i-mine-tanker\" data-track-element-type=\"Link\" data-track-id=\"link:B0BmBQ\" class=\"_link_o9xde_39\" rel=\"nofollow noopener\" target=\"_blank\">Randi Gustad spurte om VG var sjokkert da valgkomiteen innstilte p\u00e5 henne sist vinter<\/a>. Hun har 50 landskamper og EM-gull fra 2004, men har v\u00e6rt ute av h\u00e5ndballen lenge.<\/p>\n<p class=\"_paragraph_o9xde_4 _paragraph_xtcu6_10 layout-component text-serif-m layout-normal text-serif-m layout-padded\">N\u00e5 kom hun tilbake med et smell.<\/p>\n<p class=\"_paragraph_o9xde_4 _paragraph_xtcu6_10 layout-component text-serif-m layout-normal text-serif-m layout-padded\">Bokstavelig talt.<\/p>\n<p class=\"_paragraph_o9xde_4 _paragraph_xtcu6_10 layout-component text-serif-m layout-normal text-serif-m layout-padded\">5. september r\u00f8k akillesen da Gustad representerte NHF i en oppvisningskamp i fotball.<\/p>\n<p class=\"_paragraph_o9xde_4 _paragraph_xtcu6_10 layout-component text-serif-m layout-normal text-serif-m layout-padded\">Det bar rett i gips<\/p>\n<p class=\"_paragraph_o9xde_4 _paragraph_xtcu6_10 layout-component text-serif-m layout-normal text-serif-m layout-padded\">\u2013 Hodet mitt, forklarer hun leende.<\/p>\n<p class=\"_paragraph_o9xde_4 _paragraph_xtcu6_10 layout-component text-serif-m layout-normal text-serif-m layout-padded\">\u2013 For h\u00f8y sportslig selvtillit. For lav selvinnsikt og for d\u00e5rlig oppvarming. En klassiker. Det smalt s\u00e5 publikum h\u00f8rte det.<\/p>\n<p class=\"_paragraph_o9xde_4 _paragraph_xtcu6_10 layout-component text-serif-m layout-normal text-serif-m layout-padded\">14 dager senere ble hun valgt inn som styremedlem i det europeiske h\u00e5ndballforbundet (EHF).<\/p>\n<p class=\"_paragraph_o9xde_4 _paragraph_xtcu6_10 layout-component text-serif-m layout-normal text-serif-m layout-padded\">\u2013 Jeg m\u00e5tte reise i rullestol og gips til EHF-kongressen. Det var i det minste tidenes \u00abicebreaker\u00bb. Ikke bare var jeg en av f\u00e5 kvinner, men i tillegg sv\u00e6rt funksjonsnedsatt med t\u00e5spiss-gips til kneet og krykker opp til talerstolen, sier hun.<\/p>\n<p class=\"_paragraph_o9xde_4 _paragraph_xtcu6_10 layout-component text-serif-m layout-normal text-serif-m layout-padded\">Randi Gustad havnet raskt i nyhetsbildet. Det kom kritikk mot<a href=\"https:\/\/www.vg.no\/sport\/i\/vgRg8m\/tordentale-mot-haandballforbundets-pengebruk-skamloes\" data-track-element-type=\"Link\" data-track-id=\"link:vgRg8m\" class=\"_link_o9xde_39\" rel=\"nofollow noopener\" target=\"_blank\"> NHFs pengebruk p\u00e5 forbundstinget <\/a>og p\u00e5 en VIP-boks p\u00e5 Champions League-finalen i Budapest.<\/p>\n<p class=\"_paragraph_o9xde_4 _paragraph_xtcu6_10 layout-component text-serif-m layout-normal text-serif-m layout-padded\">\u2013 Vi m\u00e5 alltid t\u00e5le \u00e5 st\u00e5 i saker om hvordan vi bruker pengene. Jeg opplever stor \u00e5penhet i organisasjonen og det er bra. Generelt sett m\u00e5 man alltid som en stor medlemsorganisasjon i tillegg til fakta og forklaringer ha med seg av signaleffekter og det st\u00f8rre bildet i alt man gj\u00f8r, sier hun til VG.<\/p>\n<p class=\"_paragraph_o9xde_4 _paragraph_xtcu6_10 layout-component text-serif-m layout-normal text-serif-m layout-padded\">Randi Gustad har klinket til i niv\u00e5-debatten under VM. <a href=\"https:\/\/www.vg.no\/sport\/i\/XMw8er\/haandballpresident-randi-gustad-fyrer-loes-et-spoersmaal-om-likestilling\" data-track-element-type=\"Link\" data-track-id=\"link:XMw8er\" class=\"_link_o9xde_39\" rel=\"nofollow noopener\" target=\"_blank\">Hun hevder den foreg\u00e5r p\u00e5 feil premisser\u00a0og\u00a0er for overfladisk<\/a>.<\/p>\n<p><img alt=\"Foto: Beate Oma Dahle \/ NTB\" class=\"_image_qp4xg_65 layout-component layout-normal\" data-fullscreen- data-track-element-type=\"Article image fullscreen\" data-track-name=\"ImageFullscreen\" decoding=\"async\" loading=\"lazy\" height=\"5760\" itemprop=\"image\"  src=\"https:\/\/www.europesays.com\/no\/wp-content\/uploads\/2025\/12\/b95e4a79-8811-409f-a379-21a1de4b4f51\"  style=\"object-position:0% 0%\" width=\"8640\"\/>Foto: Beate Oma Dahle \/ NTB<\/p>\n<p class=\"_paragraph_o9xde_4 _paragraph_xtcu6_10 layout-component text-serif-m layout-normal text-serif-m layout-padded\">Norge er klare for VM-semifinalen fredag. Landslagssjef Ole Gustav Gjekstad kan ta gull i f\u00f8rste fors\u00f8k \u2013 <a href=\"https:\/\/www.vg.no\/sport\/i\/xrApLj\/ole-gustav-gjekstad-avsloerer-vil-fortsette-som-landslagssjef-til-2033-minst\" data-track-element-type=\"Link\" data-track-id=\"link:xrApLj\" class=\"_link_o9xde_39\" rel=\"nofollow noopener\" target=\"_blank\">og har i VG avsl\u00f8rt at han \u00f8nsker jobben i \u00e5tte-ti \u00e5r fremover.<\/a><\/p>\n<p class=\"_paragraph_o9xde_4 _paragraph_xtcu6_10 layout-component text-serif-m layout-normal text-serif-m layout-padded\">\u2013 Fra NHF sin side er det positivt at han viser motivasjon for langsiktighet. Vi har jo v\u00e6rt bortskjemt med kontinuitet og stabilitet p\u00e5 damesiden hva gjelder ledelse. Gjekstad er allerede sv\u00e6rt godt i gang med \u00e5 videreutvikle en allerede str\u00e5lende prestasjons- og forpliktelseskultur, mener Gustad.<\/p>\n<p class=\"_paragraph_o9xde_4 _paragraph_xtcu6_10 layout-component text-serif-m layout-normal text-serif-m layout-padded\">Hun fortsetter:<\/p>\n<p class=\"_paragraph_o9xde_4 _paragraph_xtcu6_10 layout-component text-serif-m layout-normal text-serif-m layout-padded\">\u2013 Gjekstad er en sv\u00e6rt rutinert trener av internasjonalt kaliber og har med seg mange fra teamet til Thorir Hergeirsson, slik at kontinuitet og kultur ivaretas. Likevel vil han \u00e5penbart bringe inn sitt eget stempel p\u00e5 det sportslige.<\/p>\n<p class=\"_paragraph_o9xde_4 _paragraph_xtcu6_10 layout-component text-serif-m layout-normal text-serif-m layout-padded\">\u2013 Hva tenker du om Norges favorittstempel i VM?<\/p>\n<p class=\"_paragraph_o9xde_4 _paragraph_xtcu6_10 layout-component text-serif-m layout-normal text-serif-m layout-padded\">\u2013 Jeg tenker at det er helt naturlig gitt tidligere lagprestasjoner, meritter og formkurve. N\u00e5r man er regjerende olympiske mestere og europamestere m\u00e5 man finne seg i et slikt stempel. De norske jentene er likevel sv\u00e6rt vant til \u00e5 leve med dette forventningspresset og jeg vet de klarer \u00e5 styre fokus. S\u00e5 er det samtidig viktig \u00e5 si at det er flere gode medaljekandidater og at det absolutt ikke er en selvf\u00f8lge \u00e5 gjenta topprestasjoner. Det krever hardt arbeid b\u00e5de fysisk og mentalt. Ingenting kommer av seg selv.<\/p>\n<p class=\"_paragraph_o9xde_4 _paragraph_xtcu6_10 layout-component text-serif-m layout-normal text-serif-m layout-padded\">\u2013 Hvordan er det \u00e5 v\u00e6re en del av \u00ablaget\u00bb igjen 20 \u00e5r etter din egen VM-deltagelse?<\/p>\n<p class=\"_paragraph_o9xde_4 _paragraph_xtcu6_10 layout-component text-serif-m layout-normal text-serif-m layout-padded\">\u2013 Det er veldig fint. Jeg m\u00e5 si det er et privilegium \u00e5 f\u00e5 lede et s\u00e5 velsmurt maskineri. Det er enormt mange dyktige mennesker i norsk h\u00e5ndball og det norske damelandslaget er p\u00e5 mange m\u00e5ter det st\u00f8dige flaggskipet som viser vei. Det er sv\u00e6rt overf\u00f8rbart til resten av H\u00e5ndball-Norge, b\u00e5de topp og bredde. Det er eksakt de samme verdiene vi styrer etter uavhengig av niv\u00e5.<\/p>\n","protected":false},"excerpt":{"rendered":"Randi Gustad (48) sa opp jobben som jurist i TV 2 etter at hun ble valgt til h\u00e5ndballpresident.&hellip;\n","protected":false},"author":2,"featured_media":111370,"comment_status":"","ping_status":"","sticky":false,"template":"","format":"standard","meta":{"footnotes":""},"categories":[59],"tags":[105,9443,1528,30,28,29,83,82],"class_list":{"0":"post-111369","1":"post","2":"type-post","3":"status-publish","4":"format-standard","5":"has-post-thumbnail","7":"category-sport","8":"tag-handball","9":"tag-handball-vm","10":"tag-kvinnelandslaget-handball","11":"tag-no","12":"tag-norge","13":"tag-norway","14":"tag-sport","15":"tag-sports"},"share_on_mastodon":{"url":"https:\/\/pubeurope.com\/@no\/115706926861045408","error":""},"_links":{"self":[{"href":"https:\/\/www.europesays.com\/no\/wp-json\/wp\/v2\/posts\/111369","targetHints":{"allow":["GET"]}}],"collection":[{"href":"https:\/\/www.europesays.com\/no\/wp-json\/wp\/v2\/posts"}],"about":[{"href":"https:\/\/www.europesays.com\/no\/wp-json\/wp\/v2\/types\/post"}],"author":[{"embeddable":true,"href":"https:\/\/www.europesays.com\/no\/wp-json\/wp\/v2\/users\/2"}],"replies":[{"embeddable":true,"href":"https:\/\/www.europesays.com\/no\/wp-json\/wp\/v2\/comments?post=111369"}],"version-history":[{"count":0,"href":"https:\/\/www.europesays.com\/no\/wp-json\/wp\/v2\/posts\/111369\/revisions"}],"wp:featuredmedia":[{"embeddable":true,"href":"https:\/\/www.europesays.com\/no\/wp-json\/wp\/v2\/media\/111370"}],"wp:attachment":[{"href":"https:\/\/www.europesays.com\/no\/wp-json\/wp\/v2\/media?parent=111369"}],"wp:term":[{"taxonomy":"category","embeddable":true,"href":"https:\/\/www.europesays.com\/no\/wp-json\/wp\/v2\/categories?post=111369"},{"taxonomy":"post_tag","embeddable":true,"href":"https:\/\/www.europesays.com\/no\/wp-json\/wp\/v2\/tags?post=111369"}],"curies":[{"name":"wp","href":"https:\/\/api.w.org\/{rel}","templated":true}]}}