{"id":111375,"date":"2025-12-12T13:55:13","date_gmt":"2025-12-12T13:55:13","guid":{"rendered":"https:\/\/www.europesays.com\/no\/111375\/"},"modified":"2025-12-12T13:55:13","modified_gmt":"2025-12-12T13:55:13","slug":"russland-og-ukraina-russland-putin-radgiver-med-vapenhvilekrav-2","status":"publish","type":"post","link":"https:\/\/www.europesays.com\/no\/111375\/","title":{"rendered":"Russland og Ukraina, Russland | Putin-r\u00e5dgiver med v\u00e5penhvilekrav"},"content":{"rendered":"\n<p>I et intervju med den russiske avisen Kommersant, gjengitt av nyhetsbyr\u00e5et <a href=\"https:\/\/www.interfax.ru\/russia\/1062917\" rel=\"nofollow noopener\" target=\"_blank\">Interfax<\/a> , \u00e5pner Ushakov for at heller ikke Russland vil ha milit\u00e6re styrker i et framtidig Donbas.<\/p>\n<p>\u2013 Men at det vil v\u00e6re nasjonalgarde, politi og alt som er n\u00f8dvendig for \u00e5 opprettholde orden der, sier han, og holder fast ved at hele den ukrainske regionen tilh\u00f8rer Russland.<\/p>\n<p>\u2013 Uansett hvordan situasjonen blir, er dette territoriet en del av Den russiske f\u00f8derasjonen, og det vil v\u00e6re under ledelse av v\u00e5r administrasjon, understreket Ushakov.<\/p>\n<p>Russland kontrollerer i dag mesteparten av de to fylkene Donetsk og Luhansk som utgj\u00f8r Donbas, og gj\u00f8r krav p\u00e5 hele regionen.<\/p>\n<p>USAs f\u00f8rste utkast til fredsavtale la opp til at Ukraina m\u00e5tte avst\u00e5 hele Donetsk og at regionen deretter skulle anerkjennes som de facto russisk, ogs\u00e5 av USA.<\/p>\n<p><b>Les ogs\u00e5: <a class=\"simple-relation related-teaser article--c-eRUmMG article--c-eRUmMG-fZoQSp-design-nettavisen article--c-eRUmMG-gwthdJ-cv\" href=\"https:\/\/www.nettavisen.no\/viktor-orb-n-i-harnisk-raser-mot-eu-grep\/s\/5-95-2776619\" rel=\"nofollow noopener\" target=\"_blank\">Viktor Orb\u00e1n i harnisk: Raser mot EU-grep<\/a><\/b><\/p>\n<p>Tviler p\u00e5 at de vil like fredsutkastet<\/p>\n<p>Utkastet er siden, etter p\u00e5trykk fra Ukraina og deres europeiske allierte, revidert i flere omganger, og Kreml har if\u00f8lge Ushakov enn\u00e5 ikke sett den forel\u00f8pig siste versjonen.<\/p>\n<p>\u2013 Jeg har en f\u00f8lelse av at vi ikke kommer til \u00e5 like det s\u00e5 mye, sier han.<\/p>\n<p>Russland forventer n\u00e5 at europeiske og ukrainske tjenestemenn i helgen har en \u00abaktiv id\u00e9dugnad\u00bb, og Kreml vil deretter vurdere resultatet av denne, sier Ushakov.<\/p>\n<p>  <a href=\"https:\/\/www.nettavisen.no\/5-95-2761496\" class=\"related-teaser has-image nettavisen-story-teaser article--c-eRUmMG article--c-eRUmMG-fZoQSp-design-nettavisen\" rel=\"nofollow noopener\" target=\"_blank\"><\/p>\n<p>    <img decoding=\"async\" loading=\"lazy\"  src=\"https:\/\/www.europesays.com\/no\/wp-content\/uploads\/2025\/12\/cueres_scp-mangler_navn_SSSFmgg4QRg.jpg\" alt=\"\" class=\"brick-c-cFOWSL\" style=\"\"\/><\/p>\n<p>\n            Les ogs\u00e5<\/p>\n<p>              Trump fors\u00f8ker \u00e5 p\u00e5virke valgutfall verden over\n        <\/p>\n<p>  <\/a><\/p>\n","protected":false},"excerpt":{"rendered":"I et intervju med den russiske avisen Kommersant, gjengitt av nyhetsbyr\u00e5et Interfax , \u00e5pner Ushakov for at heller&hellip;\n","protected":false},"author":2,"featured_media":108429,"comment_status":"","ping_status":"","sticky":false,"template":"","format":"standard","meta":{"footnotes":""},"categories":[12],"tags":[20,21,24,25,15,22,23,13,30,28,29,14,16,26,27,42,43,44,45],"class_list":{"0":"post-111375","1":"post","2":"type-post","3":"status-publish","4":"format-standard","5":"has-post-thumbnail","7":"category-verden","8":"tag-breaking-news","9":"tag-breakingnews","10":"tag-featured-news","11":"tag-featurednews","12":"tag-headlines","13":"tag-latest-news","14":"tag-latestnews","15":"tag-news","16":"tag-no","17":"tag-norge","18":"tag-norway","19":"tag-nyheter","20":"tag-overskrifter","21":"tag-top-stories","22":"tag-topstories","23":"tag-verden","24":"tag-world","25":"tag-world-news","26":"tag-worldnews"},"share_on_mastodon":{"url":"https:\/\/pubeurope.com\/@no\/115706942392987363","error":""},"_links":{"self":[{"href":"https:\/\/www.europesays.com\/no\/wp-json\/wp\/v2\/posts\/111375","targetHints":{"allow":["GET"]}}],"collection":[{"href":"https:\/\/www.europesays.com\/no\/wp-json\/wp\/v2\/posts"}],"about":[{"href":"https:\/\/www.europesays.com\/no\/wp-json\/wp\/v2\/types\/post"}],"author":[{"embeddable":true,"href":"https:\/\/www.europesays.com\/no\/wp-json\/wp\/v2\/users\/2"}],"replies":[{"embeddable":true,"href":"https:\/\/www.europesays.com\/no\/wp-json\/wp\/v2\/comments?post=111375"}],"version-history":[{"count":0,"href":"https:\/\/www.europesays.com\/no\/wp-json\/wp\/v2\/posts\/111375\/revisions"}],"wp:featuredmedia":[{"embeddable":true,"href":"https:\/\/www.europesays.com\/no\/wp-json\/wp\/v2\/media\/108429"}],"wp:attachment":[{"href":"https:\/\/www.europesays.com\/no\/wp-json\/wp\/v2\/media?parent=111375"}],"wp:term":[{"taxonomy":"category","embeddable":true,"href":"https:\/\/www.europesays.com\/no\/wp-json\/wp\/v2\/categories?post=111375"},{"taxonomy":"post_tag","embeddable":true,"href":"https:\/\/www.europesays.com\/no\/wp-json\/wp\/v2\/tags?post=111375"}],"curies":[{"name":"wp","href":"https:\/\/api.w.org\/{rel}","templated":true}]}}