{"id":111383,"date":"2025-12-12T14:03:09","date_gmt":"2025-12-12T14:03:09","guid":{"rendered":"https:\/\/www.europesays.com\/no\/111383\/"},"modified":"2025-12-12T14:03:09","modified_gmt":"2025-12-12T14:03:09","slug":"fredsprisvinner-narges-mohammadi-pagrepet","status":"publish","type":"post","link":"https:\/\/www.europesays.com\/no\/111383\/","title":{"rendered":"Fredsprisvinner Narges Mohammadi p\u00e5grepet"},"content":{"rendered":"\n<p class=\"_lead_o9xde_2 _lead_xtcu6_50 layout-component text-serif-m layout-normal text-serif-l layout-component layout-wide layout-padded _wide_17hqh_1 layout-padded\">Iran har p\u00e5grepet Narges Mohammadi, som ble tildelt Nobels fredspris i 2023, melder nyhetsbyr\u00e5et AFP, som siterer st\u00f8ttespillere. <\/p>\n<p><img alt=\"FREDSPRISVINNER: \u2013 Jeg har blitt d\u00f8mt flere ganger, og spesielt etter kvinne-, liv-, frihet-bevegelsen og Nobelprisen har jeg m\u00f8tt stadig flere begrensninger, sa Narges Mohammadi til VG i desember i fjor. Foto: AFP \/ NTB\" class=\"_image_qp4xg_65 layout-component layout-wide\" data-fullscreen- data-track-element-type=\"Article image fullscreen\" data-track-name=\"ImageFullscreen\" fetchpriority=\"high\" decoding=\"sync\" loading=\"eager\" height=\"2946\" itemprop=\"image\"  src=\"https:\/\/www.europesays.com\/no\/wp-content\/uploads\/2025\/12\/8f3747aa-0711-41b5-9862-d4ba75cb0ee3\"  style=\"object-position:0% 0%\" width=\"2637\"\/>FREDSPRISVINNER: \u2013 Jeg har blitt d\u00f8mt flere ganger, og spesielt etter kvinne-, liv-, frihet-bevegelsen og Nobelprisen har jeg m\u00f8tt stadig flere begrensninger, sa Narges Mohammadi til VG i desember i fjor. Foto: AFP \/ NTB Oppdatert fredag 12. desember kl. 14:57    <\/p>\n<ul class=\"_list_o9xde_3 _list_64s2r_85 _unordered_o9xde_106 text-sans-m\">\n<li class=\"_item_o9xde_30\">Iranske myndigheter har p\u00e5grepet Nobels fredsprisvinner Narges Mohammadi.<\/li>\n<li class=\"_item_o9xde_30\">Hun ble tildelt fredsprisen i 2023 for sin kamp mot undertrykking av kvinner i Iran.<\/li>\n<li class=\"_item_o9xde_30\">Mohammadi har tilbrakt store deler av de siste ti \u00e5rene i fengsel.<\/li>\n<li class=\"_item_o9xde_30\">Anklagene mot henne inkluderer \u00abpropaganda mot staten\u00bb og \u00ab\u00e5 handle mot nasjonens sikkerhet\u00bb.<\/li>\n<\/ul>\n<p>Vis mer <\/p>\n<p class=\"_paragraph_o9xde_4 _paragraph_xtcu6_10 layout-component text-serif-m layout-normal text-serif-m layout-padded\">I juli uttrykte Nobelkomiteen bekymring ettersom Mohammadi ble truet p\u00e5 livet av iranske myndigheter.<\/p>\n<p class=\"_paragraph_o9xde_4 _paragraph_xtcu6_10 layout-component text-serif-m layout-normal text-serif-m layout-padded\">Journalisten og menneskerettsaktivisten mottok i 2023 fredsprisen for sin kamp mot undertrykking av kvinner i Iran og hennes kamp for menneskerettigheter og frihet for alle.<\/p>\n<p class=\"_paragraph_o9xde_4 _paragraph_xtcu6_10 layout-component text-serif-m layout-normal text-serif-m layout-padded\"><a href=\"https:\/\/www.vg.no\/nyheter\/i\/on2L20\/iran-fordoemmer-tildelingen-av-nobels-fredspris\" data-track-element-type=\"Link\" data-track-id=\"link:on2L20\" class=\"_link_o9xde_39\" rel=\"nofollow noopener\" target=\"_blank\">Iran ford\u00f8mte tildelingen<\/a> og mente den gj\u00f8r prisen politisk og er i tr\u00e5d med \u00abanti-iranske handlinger\u00bb.<\/p>\n<p class=\"_paragraph_o9xde_4 _paragraph_xtcu6_10 layout-component text-serif-m layout-normal layout-padded\"><strong class=\"_strong_o9xde_25\">Les ogs\u00e5:<\/strong> <a href=\"https:\/\/www.vg.no\/i\/1MA2Vq\" data-track-element-type=\"Link\" data-track-id=\"link:1MA2Vq\" class=\"_link_o9xde_39\" rel=\"nofollow noopener\" target=\"_blank\">Iransk fredsprisvinner fortviler: \u2013 Vi har ikke engang bomberom<\/a><\/p>\n<p class=\"_paragraph_o9xde_4 _paragraph_xtcu6_10 layout-component text-serif-m layout-normal text-serif-m layout-padded\">Hun har tilbrakt store deler av de siste ti \u00e5rene bak murene, men ble l\u00f8slatt midlertidig fra Evin-fengselet i Teheran i desember i fjor av helse\u00e5rsaker. F\u00f8rste gang hun ble sperret inne, var i 1998.<\/p>\n<p class=\"_paragraph_o9xde_4 _paragraph_xtcu6_10 layout-component text-serif-m layout-normal text-serif-m layout-padded\">Forsvarerne hennes har flere ganger advart om at hun n\u00e5r som helst kan bli p\u00e5grepet p\u00e5 nytt.<\/p>\n<p class=\"_paragraph_o9xde_4 _paragraph_xtcu6_10 layout-component text-serif-m layout-normal text-serif-m layout-padded\">Nobelkomiteen sier til VG at de vil komme med en uttalelse. <\/p>\n<p class=\"_paragraph_o9xde_4 _paragraph_xtcu6_10 layout-component text-serif-m layout-normal text-serif-m layout-padded\">I 2024 slapp Mohammadi ut av fengsel i 21 dager p\u00e5 medisinsk grunnlag. <\/p>\n<p class=\"_paragraph_o9xde_4 _paragraph_xtcu6_10 layout-component text-serif-m layout-normal text-serif-m layout-padded\">Til tross for risikoen for strengere straff tok hun seg tid til \u00e5 snakke med VG. <\/p>\n<p class=\"_paragraph_o9xde_4 _paragraph_xtcu6_10 layout-component text-serif-m layout-normal text-serif-m layout-padded\"><strong class=\"_strong_o9xde_25\">Det er frihet med en bismak, forklarte hun. To av hennes medfanger hadde nettopp blitt d\u00f8mt til d\u00f8den.<\/strong><\/p>\n<p class=\"_paragraph_o9xde_4 _paragraph_xtcu6_10 layout-component text-serif-m layout-normal text-serif-m layout-padded\">\u2013 Mine medfanger er som en familie for meg. Da jeg forlot dem s\u00e5 f\u00f8lte jeg at en del av sjelen min ble igjen i kvinneavdelingen i Evin fengsel, fortalte Mohammadi til <a href=\"https:\/\/www.vg.no\/nyheter\/i\/wg0V41\/lover-evig-motstand-i-iran\" data-track-element-type=\"Link\" data-track-id=\"link:wg0V41\" class=\"_link_o9xde_39\" rel=\"nofollow noopener\" target=\"_blank\">VG<\/a> over videolink.<\/p>\n<p class=\"_paragraph_o9xde_4 _paragraph_xtcu6_10 layout-component text-serif-m layout-normal layout-padded\"><strong class=\"_strong_o9xde_25\">Les ogs\u00e5:<\/strong> <a href=\"https:\/\/www.vg.no\/i\/wg0V41\" data-track-element-type=\"Link\" data-track-id=\"link:wg0V41\" class=\"_link_o9xde_39\" rel=\"nofollow noopener\" target=\"_blank\">Lover evig motstand i Iran<\/a><\/p>\n<p class=\"_paragraph_o9xde_4 _paragraph_xtcu6_10 layout-component text-serif-m layout-normal text-serif-m layout-padded\">Den tidligere fredsprisvinneren er selv d\u00f8mt for en rekke saker av det islamistiske regimet i Iran.<\/p>\n<p class=\"_paragraph_o9xde_4 _paragraph_xtcu6_10 layout-component text-serif-m layout-normal text-serif-m layout-padded\">\u00abPropaganda mot staten\u00bb og \u00ab\u00e5 handle mot nasjonens sikkerhet\u00bb er blant anklagene som tidligerehar sikret henne en dom p\u00e5 31 \u00e5rs fengsel og 154 stokkeslag.<\/p>\n<p>Kvinne, liv, frihet-bevegelsen<\/p>\n<ul class=\"_list_o9xde_3 _list_xtcu6_9 _list_16v91_9 _unordered_o9xde_106 layout-component text-serif-m layout-normal text-sans-m layout-padded\">\n<li class=\"_item_o9xde_30\">En bred protestbevegelse i Iran som startet etter drapet p\u00e5 Jina \u00abMahsa\u00bb Amini i september 2022. <\/li>\n<li class=\"_item_o9xde_30\">Bevegelsen utfordrer regimets strenge lover om kleskode, kvinners rettigheter og generelt den autorit\u00e6re styreformen i Iran. <\/li>\n<li class=\"_item_o9xde_30\">Slagordet &laquo;Kvinne, liv, frihet&raquo; symboliserer krav om frihet, likestilling og menneskerettigheter.<\/li>\n<li class=\"_item_o9xde_30\">Protestene har r\u00f8tter i flere ti\u00e5r med kamp for kvinners rettigheter, men fikk ny kraft etter Amini-saken. <\/li>\n<li class=\"_item_o9xde_30\">Bevegelsen inkluderer mennesker fra ulike sosiale, etniske og religi\u00f8se grupper i Iran.<\/li>\n<\/ul>\n<p>Vis mer    <\/p>\n","protected":false},"excerpt":{"rendered":"Iran har p\u00e5grepet Narges Mohammadi, som ble tildelt Nobels fredspris i 2023, melder nyhetsbyr\u00e5et AFP, som siterer st\u00f8ttespillere.&hellip;\n","protected":false},"author":2,"featured_media":111384,"comment_status":"","ping_status":"","sticky":false,"template":"","format":"standard","meta":{"footnotes":""},"categories":[12],"tags":[20,21,24,25,15,3228,22,23,13649,13,30,1125,28,29,14,16,26,27,42,43,44,45],"class_list":{"0":"post-111383","1":"post","2":"type-post","3":"status-publish","4":"format-standard","5":"has-post-thumbnail","7":"category-verden","8":"tag-breaking-news","9":"tag-breakingnews","10":"tag-featured-news","11":"tag-featurednews","12":"tag-headlines","13":"tag-iran","14":"tag-latest-news","15":"tag-latestnews","16":"tag-narges-mohammadi","17":"tag-news","18":"tag-no","19":"tag-nobels-fredspris","20":"tag-norge","21":"tag-norway","22":"tag-nyheter","23":"tag-overskrifter","24":"tag-top-stories","25":"tag-topstories","26":"tag-verden","27":"tag-world","28":"tag-world-news","29":"tag-worldnews"},"share_on_mastodon":{"url":"https:\/\/pubeurope.com\/@no\/115706973908002101","error":""},"_links":{"self":[{"href":"https:\/\/www.europesays.com\/no\/wp-json\/wp\/v2\/posts\/111383","targetHints":{"allow":["GET"]}}],"collection":[{"href":"https:\/\/www.europesays.com\/no\/wp-json\/wp\/v2\/posts"}],"about":[{"href":"https:\/\/www.europesays.com\/no\/wp-json\/wp\/v2\/types\/post"}],"author":[{"embeddable":true,"href":"https:\/\/www.europesays.com\/no\/wp-json\/wp\/v2\/users\/2"}],"replies":[{"embeddable":true,"href":"https:\/\/www.europesays.com\/no\/wp-json\/wp\/v2\/comments?post=111383"}],"version-history":[{"count":0,"href":"https:\/\/www.europesays.com\/no\/wp-json\/wp\/v2\/posts\/111383\/revisions"}],"wp:featuredmedia":[{"embeddable":true,"href":"https:\/\/www.europesays.com\/no\/wp-json\/wp\/v2\/media\/111384"}],"wp:attachment":[{"href":"https:\/\/www.europesays.com\/no\/wp-json\/wp\/v2\/media?parent=111383"}],"wp:term":[{"taxonomy":"category","embeddable":true,"href":"https:\/\/www.europesays.com\/no\/wp-json\/wp\/v2\/categories?post=111383"},{"taxonomy":"post_tag","embeddable":true,"href":"https:\/\/www.europesays.com\/no\/wp-json\/wp\/v2\/tags?post=111383"}],"curies":[{"name":"wp","href":"https:\/\/api.w.org\/{rel}","templated":true}]}}