{"id":111391,"date":"2025-12-12T14:12:13","date_gmt":"2025-12-12T14:12:13","guid":{"rendered":"https:\/\/www.europesays.com\/no\/111391\/"},"modified":"2025-12-12T14:12:13","modified_gmt":"2025-12-12T14:12:13","slug":"nesten-40-grader-temperaturforskjell","status":"publish","type":"post","link":"https:\/\/www.europesays.com\/no\/111391\/","title":{"rendered":"Nesten 40 grader temperaturforskjell"},"content":{"rendered":"<p class=\"kicker \" style=\"\">Norge:\u00a0<\/p>\n<p>  Det var store forskjeller i temperatur i landet i morgentimene i dag.<\/p>\n<p>\n    MILD M\u00c5NED: Det kan ligge an til \u00e5 bli den mildeste desemberm\u00e5neden noensinne. Foto: Fredrik Hagen \/ NTB\n  <\/p>\n<p>I nord er det kaldt, mens i s\u00f8r er det mildt, noe som ble nesten 40 grader i forskjell.<\/p>\n<p>Det skriver Meteorologisk institutt i en\u00a0<a href=\"https:\/\/www.yr.no\/nb\/meteorologene\/35db4a45-4fc3-48c9-9f39-5c65427982af\" target=\"_blank\" rel=\"nofollow noopener\">v\u00e6rmelding.<\/a><\/p>\n<p>&#8211; Kaldt i Nord-Norge og mildt i S\u00f8r-Norge. Nesten 40 grader forskjell mellom nord og s\u00f8r i dag tidlig, st\u00e5r det i v\u00e6rmeldingen.<\/p>\n<p>I Bergen var det nemlig 10 grader i morgentimene. Det er 37 grader varmere enn i Karasjok, hvor temperaturen var nede i 27 minusgrader.<\/p>\n<p>Fortsatt langt unna rekord\t<\/p>\n<p>Likevel p\u00e5peker meteorologene at det er langt unna rekord.<\/p>\n<p>&#8211; Blar vi oss langt tilbake i b\u00f8kene v\u00e5re, til 31. desember 1885 var det klokka 9 minus 51,3 i Karasjok og samtidig 6,6 grader i Bergen, st\u00e5r det i meldingen.<\/p>\n<p>Det betyr at det var helt opp i 57,9 grader i forskjell mellom disse plassene.<\/p>\n<p>Gjennomsnittstemperaturen s\u00e5 langt ligger p\u00e5 4 grader, og om det er minst 1,5 grader resten av m\u00e5neden, blir det ny v\u00e6rrekord.<\/p>\n<p>Den forrige rekorden var i desember 2006 hvor gjennomsnittstemperaturen gjennom desember var 2,4 grader.<\/p>\n<p>En mild m\u00e5ned\t<\/p>\n<p>&#8211; Det har v\u00e6rt en mild desember s\u00e5 langt i S\u00f8r-Norge og det kan bli den aller mildeste i Oslo om mildv\u00e6ret fortsetter, skriver meteorologene i en melding p\u00e5 sine\u00a0<a href=\"https:\/\/www.yr.no\/nb\/meteorologene\/cb01eca4-e389-4a35-91d5-a3858ed0167b\" target=\"_blank\" rel=\"nofollow noopener\">nettsider<\/a>.<\/p>\n<p>Gjennomsnittstemperaturen s\u00e5 langt ligger p\u00e5 4 grader, og om det er minst 1,5 grader resten av m\u00e5neden, blir det ny v\u00e6rrekord.<\/p>\n<p>Den forrige rekorden var i desember 2006 hvor gjennomsnittstemperaturen gjennom desember var 2,4 grader.<\/p>\n","protected":false},"excerpt":{"rendered":"Norge:\u00a0 Det var store forskjeller i temperatur i landet i morgentimene i dag. MILD M\u00c5NED: Det kan ligge&hellip;\n","protected":false},"author":2,"featured_media":111282,"comment_status":"","ping_status":"","sticky":false,"template":"","format":"standard","meta":{"footnotes":""},"categories":[10],"tags":[20,21,24,25,15,2539,22,23,13,30,28,29,14,16,26,27],"class_list":{"0":"post-111391","1":"post","2":"type-post","3":"status-publish","4":"format-standard","5":"has-post-thumbnail","7":"category-norge","8":"tag-breaking-news","9":"tag-breakingnews","10":"tag-featured-news","11":"tag-featurednews","12":"tag-headlines","13":"tag-innenriks","14":"tag-latest-news","15":"tag-latestnews","16":"tag-news","17":"tag-no","18":"tag-norge","19":"tag-norway","20":"tag-nyheter","21":"tag-overskrifter","22":"tag-top-stories","23":"tag-topstories"},"share_on_mastodon":{"url":"https:\/\/pubeurope.com\/@no\/115707008969203276","error":""},"_links":{"self":[{"href":"https:\/\/www.europesays.com\/no\/wp-json\/wp\/v2\/posts\/111391","targetHints":{"allow":["GET"]}}],"collection":[{"href":"https:\/\/www.europesays.com\/no\/wp-json\/wp\/v2\/posts"}],"about":[{"href":"https:\/\/www.europesays.com\/no\/wp-json\/wp\/v2\/types\/post"}],"author":[{"embeddable":true,"href":"https:\/\/www.europesays.com\/no\/wp-json\/wp\/v2\/users\/2"}],"replies":[{"embeddable":true,"href":"https:\/\/www.europesays.com\/no\/wp-json\/wp\/v2\/comments?post=111391"}],"version-history":[{"count":0,"href":"https:\/\/www.europesays.com\/no\/wp-json\/wp\/v2\/posts\/111391\/revisions"}],"wp:featuredmedia":[{"embeddable":true,"href":"https:\/\/www.europesays.com\/no\/wp-json\/wp\/v2\/media\/111282"}],"wp:attachment":[{"href":"https:\/\/www.europesays.com\/no\/wp-json\/wp\/v2\/media?parent=111391"}],"wp:term":[{"taxonomy":"category","embeddable":true,"href":"https:\/\/www.europesays.com\/no\/wp-json\/wp\/v2\/categories?post=111391"},{"taxonomy":"post_tag","embeddable":true,"href":"https:\/\/www.europesays.com\/no\/wp-json\/wp\/v2\/tags?post=111391"}],"curies":[{"name":"wp","href":"https:\/\/api.w.org\/{rel}","templated":true}]}}