{"id":11141,"date":"2025-08-18T09:27:08","date_gmt":"2025-08-18T09:27:08","guid":{"rendered":"https:\/\/www.europesays.com\/no\/11141\/"},"modified":"2025-08-18T09:27:08","modified_gmt":"2025-08-18T09:27:08","slug":"melk-danmark-danmark-skulle-bestille-10-kasser-melk-bestilte-1600","status":"publish","type":"post","link":"https:\/\/www.europesays.com\/no\/11141\/","title":{"rendered":"Melk, Danmark | Danmark: Skulle bestille 10 kasser melk: Bestilte 1600"},"content":{"rendered":"\n<p>I Rema 1000 i Pr\u00e6st\u00f8 Sj\u00e6lland en times tid utenfor K\u00f8benhavn, oppsto det nylig en uvanlig situasjon da butikken ved en feil fikk levert langt mer melk enn planlagt.<\/p>\n<p>\u2013 Da vi bestilte skulle vi ha 10 kasser om dagen, men vi fikk bestilt 10 containere, sier Stine \u00d8ster, som er kj\u00f8pmann i Rema 1000 Pr\u00e6st\u00f8, til <a href=\"https:\/\/www.sn.dk\/art6374029\/vordingborg-kommune\/butiksliv\/det-er-gaaet-helt-galt-da-der-skulle-bestilles-maelk-saa-her-kan-du-faa-en-liter-maelk-for-1-oere\/?utm_medium=Social&amp;k5a_c=t_eb&amp;utm_source=Facebook\" rel=\"Follow nofollow noopener\" target=\"_blank\">Sj\u00e6llandske Medie<\/a>r.<\/p>\n<p>  <a href=\"https:\/\/www.nationen.no\/5-148-770313\" class=\"related-teaser has-image default-story-teaser article--c-eRUmMG article--c-eRUmMG-jKCPdD-design-default\" rel=\"nofollow noopener\" target=\"_blank\"><\/p>\n<p>    <img decoding=\"async\" loading=\"lazy\"  src=\"https:\/\/www.europesays.com\/no\/wp-content\/uploads\/2025\/08\/Fj%C3%A4llg%C3%A5s%2C_S%C3%A4tunaviken%2C_%C3%96sterg%C3%B6tland%2C_April_2017_2.jpg\" alt=\"\" class=\"brick-c-cFOWSL\" style=\"\"\/><\/p>\n<p>\n            Les ogs\u00e5<\/p>\n<p>              Svenskene har brukt millioner p\u00e5 g\u00e5sen \u2013 skytes om den kommer til Norge\n        <\/p>\n<p>  <\/a><\/p>\n<p>Hver container inneholder 160 kasser, og dermed fikk butikken plutselig levert over tusen liter melk. Til tross for flere ulike tilbudspriser gjennom uken, n\u00e6rmer melken seg n\u00e5 utl\u00f8psdatoen, og prisen er derfor satt ned til ett dansk \u00f8re, eller 1,6 norske \u00f8re, for \u00e5 unng\u00e5 \u00e5 kaste varer.<\/p>\n<p>\u2013 Vi ender med \u00e5 m\u00e5tte helle det ut i avl\u00f8pet hvis vi ikke f\u00e5r det solgt, og det ville v\u00e6re sl\u00f8sing med melk, forklarer \u00d8ster.<\/p>\n<p>Fredag kom derimot gladnyheten: Ingen melk m\u00e5tte helles ut. P\u00e5 Facebook kan butikken nemlig at de var utsolgt for melken.<\/p>\n<p>1600 liter melk er mye, men hva kunne du laget om du hadde kj\u00f8pt inn all melken selv? Du kunne for eksempel f\u00e5tt 160 kilo ost, 3200 liter iskrem (her m\u00e5 du dessverre kj\u00f8pe inn en del fl\u00f8te og sukker ogs\u00e5), 1600 liter yoghurt og 80 kilo sm\u00f8r. Har du en litt stor familie kunne du ogs\u00e5 forsynt dem med 8000 pannekaker og 4000 kopper kakao.<\/p>\n<p>  <a href=\"https:\/\/www.nationen.no\/5-148-773242\" class=\"related-teaser has-image default-story-teaser article--c-eRUmMG article--c-eRUmMG-jKCPdD-design-default\" rel=\"nofollow noopener\" target=\"_blank\"><\/p>\n<p>    <img decoding=\"async\" loading=\"lazy\"  src=\"https:\/\/www.europesays.com\/no\/wp-content\/uploads\/2025\/08\/1755509228_493_mp42388697-stuffed-aggressive-wolf-head-with-open-mouth.jpg\" alt=\"\" class=\"brick-c-cFOWSL\" style=\"\"\/><\/p>\n<p>\n            Les ogs\u00e5<\/p>\n<p>              Mann hadde tenner fra ulv i fryseboksen \u2013 d\u00f8mt til fengsel\n        <\/p>\n<p>  <\/a><\/p>\n<p>Les mer om: artikkelemnene<\/p>\n","protected":false},"excerpt":{"rendered":"I Rema 1000 i Pr\u00e6st\u00f8 Sj\u00e6lland en times tid utenfor K\u00f8benhavn, oppsto det nylig en uvanlig situasjon da&hellip;\n","protected":false},"author":2,"featured_media":11142,"comment_status":"","ping_status":"","sticky":false,"template":"","format":"standard","meta":{"footnotes":""},"categories":[12],"tags":[36,20,21,824,1524,24,25,15,22,23,2278,13,30,28,29,14,16,1510,26,27,42,43,44,45],"class_list":{"0":"post-11141","1":"post","2":"type-post","3":"status-publish","4":"format-standard","5":"has-post-thumbnail","7":"category-verden","8":"tag-art","9":"tag-breaking-news","10":"tag-breakingnews","11":"tag-dagligvare","12":"tag-danmark","13":"tag-featured-news","14":"tag-featurednews","15":"tag-headlines","16":"tag-latest-news","17":"tag-latestnews","18":"tag-melk","19":"tag-news","20":"tag-no","21":"tag-norge","22":"tag-norway","23":"tag-nyheter","24":"tag-overskrifter","25":"tag-story","26":"tag-top-stories","27":"tag-topstories","28":"tag-verden","29":"tag-world","30":"tag-world-news","31":"tag-worldnews"},"share_on_mastodon":{"url":"","error":""},"_links":{"self":[{"href":"https:\/\/www.europesays.com\/no\/wp-json\/wp\/v2\/posts\/11141","targetHints":{"allow":["GET"]}}],"collection":[{"href":"https:\/\/www.europesays.com\/no\/wp-json\/wp\/v2\/posts"}],"about":[{"href":"https:\/\/www.europesays.com\/no\/wp-json\/wp\/v2\/types\/post"}],"author":[{"embeddable":true,"href":"https:\/\/www.europesays.com\/no\/wp-json\/wp\/v2\/users\/2"}],"replies":[{"embeddable":true,"href":"https:\/\/www.europesays.com\/no\/wp-json\/wp\/v2\/comments?post=11141"}],"version-history":[{"count":0,"href":"https:\/\/www.europesays.com\/no\/wp-json\/wp\/v2\/posts\/11141\/revisions"}],"wp:featuredmedia":[{"embeddable":true,"href":"https:\/\/www.europesays.com\/no\/wp-json\/wp\/v2\/media\/11142"}],"wp:attachment":[{"href":"https:\/\/www.europesays.com\/no\/wp-json\/wp\/v2\/media?parent=11141"}],"wp:term":[{"taxonomy":"category","embeddable":true,"href":"https:\/\/www.europesays.com\/no\/wp-json\/wp\/v2\/categories?post=11141"},{"taxonomy":"post_tag","embeddable":true,"href":"https:\/\/www.europesays.com\/no\/wp-json\/wp\/v2\/tags?post=11141"}],"curies":[{"name":"wp","href":"https:\/\/api.w.org\/{rel}","templated":true}]}}