{"id":11143,"date":"2025-08-18T09:28:13","date_gmt":"2025-08-18T09:28:13","guid":{"rendered":"https:\/\/www.europesays.com\/no\/11143\/"},"modified":"2025-08-18T09:28:13","modified_gmt":"2025-08-18T09:28:13","slug":"unge-skolestart-faerre-elever-starter-pa-skolen-i-harstad-i-dag","status":"publish","type":"post","link":"https:\/\/www.europesays.com\/no\/11143\/","title":{"rendered":"Unge, Skolestart | F\u00e6rre elever starter p\u00e5 skolen i Harstad i dag"},"content":{"rendered":"\n<p>Skolesjef Chris Tandy og over 1.000 ansatte \u00f8nsker mandag 242 f\u00f8rsteklassinger og totalt 2.619 elever velkommen tilbake til grunnskolen.<\/p>\n<p>\u2013 Jeg gleder meg og h\u00e5per at alle v\u00e5re elever ogs\u00e5 gj\u00f8r det, sier Tandy.<\/p>\n<p>Det er nok mange som gleder seg til \u00e5 m\u00f8te klassekameratene, men dersom det er noen som gruer seg litt til skolestart anbefaler Tandy at foreldrene tar kontakt med skolen. <\/p>\n<p>\u2013 Vi \u00f8nsker at alle skal oppleve en trygg og god oppstart.<\/p>\n<p>F\u00e6rre elever<\/p>\n<p>Harstad kommune st\u00e5r overfor store endringer i befolkningssammensetningen de kommende \u00e5rene. Det blir f\u00e6rre grunnskoleelever, f\u00e6rre yrkesaktive og flere eldre. Prognoser fra 2023 anslo en elevtallsnedgang p\u00e5 445 elever mot 2032, og at to tredjedeler av denne nedgangen kom i de neste fem \u00e5rene. <\/p>\n<p>De ferskeste tallene fra i \u00e5r styrker denne antakelsen, selv om Harstad opplever befolkningsvekst &#8211; i hovedsak som f\u00f8lge av innflytting.<\/p>\n<p>Mens det i \u00e5r er 242 f\u00f8rsteklassinger, var det i fjor 264. Og mens det er 2.619 elever i grunnskolen ved skolestart, var tallet 2.750 i skole\u00e5ret 2021-2022.<\/p>\n<p>      Alle rektorene er p\u00e5 plass<\/p>\n<p>Mens det i fjor var flere ledige rektorstillinger f\u00f8r skolestart, er situasjonen i \u00e5r at alle skolene har sin \u00f8verste leder p\u00e5 plass.<\/p>\n<p>\u2013 Vi mangler fortsatt to avdelingsledere, men v\u00e5re rektorer er godt i gang med rekrutteringsprosessen. <\/p>\n<p>Tandy h\u00e5per at det ikke vil g\u00e5 alt for lenge f\u00f8r disse er kommet p\u00e5 plass.<\/p>\n<p>\u2013 Jeg \u00f8nsker alle v\u00e5re elever og ansatte lykke til med nytt skole\u00e5r. Jeg h\u00e5per alle f\u00e5r en fin oppstart.<\/p>\n<p>Les mer om: artikkelemnene<\/p>\n","protected":false},"excerpt":{"rendered":"Skolesjef Chris Tandy og over 1.000 ansatte \u00f8nsker mandag 242 f\u00f8rsteklassinger og totalt 2.619 elever velkommen tilbake til&hellip;\n","protected":false},"author":2,"featured_media":11144,"comment_status":"","ping_status":"","sticky":false,"template":"","format":"standard","meta":{"footnotes":""},"categories":[10],"tags":[465,36,20,21,24,25,15,22,23,13,30,28,29,14,16,1633,1510,26,27,2279],"class_list":{"0":"post-11143","1":"post","2":"type-post","3":"status-publish","4":"format-standard","5":"has-post-thumbnail","7":"category-norge","8":"tag-arbeidsliv","9":"tag-art","10":"tag-breaking-news","11":"tag-breakingnews","12":"tag-featured-news","13":"tag-featurednews","14":"tag-headlines","15":"tag-latest-news","16":"tag-latestnews","17":"tag-news","18":"tag-no","19":"tag-norge","20":"tag-norway","21":"tag-nyheter","22":"tag-overskrifter","23":"tag-skolestart","24":"tag-story","25":"tag-top-stories","26":"tag-topstories","27":"tag-unge"},"share_on_mastodon":{"url":"","error":""},"_links":{"self":[{"href":"https:\/\/www.europesays.com\/no\/wp-json\/wp\/v2\/posts\/11143","targetHints":{"allow":["GET"]}}],"collection":[{"href":"https:\/\/www.europesays.com\/no\/wp-json\/wp\/v2\/posts"}],"about":[{"href":"https:\/\/www.europesays.com\/no\/wp-json\/wp\/v2\/types\/post"}],"author":[{"embeddable":true,"href":"https:\/\/www.europesays.com\/no\/wp-json\/wp\/v2\/users\/2"}],"replies":[{"embeddable":true,"href":"https:\/\/www.europesays.com\/no\/wp-json\/wp\/v2\/comments?post=11143"}],"version-history":[{"count":0,"href":"https:\/\/www.europesays.com\/no\/wp-json\/wp\/v2\/posts\/11143\/revisions"}],"wp:featuredmedia":[{"embeddable":true,"href":"https:\/\/www.europesays.com\/no\/wp-json\/wp\/v2\/media\/11144"}],"wp:attachment":[{"href":"https:\/\/www.europesays.com\/no\/wp-json\/wp\/v2\/media?parent=11143"}],"wp:term":[{"taxonomy":"category","embeddable":true,"href":"https:\/\/www.europesays.com\/no\/wp-json\/wp\/v2\/categories?post=11143"},{"taxonomy":"post_tag","embeddable":true,"href":"https:\/\/www.europesays.com\/no\/wp-json\/wp\/v2\/tags?post=11143"}],"curies":[{"name":"wp","href":"https:\/\/api.w.org\/{rel}","templated":true}]}}