{"id":111446,"date":"2025-12-12T15:22:26","date_gmt":"2025-12-12T15:22:26","guid":{"rendered":"https:\/\/www.europesays.com\/no\/111446\/"},"modified":"2025-12-12T15:22:26","modified_gmt":"2025-12-12T15:22:26","slug":"krim-naeringsliv-og-arbeidsliv-her-er-politiets-bilder-av-de-mistenkte-forstaelse-for-at-saken-oppleves-skremmende","status":"publish","type":"post","link":"https:\/\/www.europesays.com\/no\/111446\/","title":{"rendered":"Krim, N\u00e6ringsliv og arbeidsliv | Her er politiets bilder av de mistenkte: \u2013 Forst\u00e5else for at saken oppleves skremmende"},"content":{"rendered":"\n<p><b>Fredag ettermiddag har politiet sendt ut to bilder de har hentet ut fra videomaterialet de forel\u00f8pig har gjennomg\u00e5tt.<\/b><\/p>\n<p>Politiet ser sv\u00e6rt alvorlig p\u00e5 saken, og \u00f8nsker flere tips fra b\u00e5de publikum og andre n\u00e6ringsdrivende i Larvik, om det er noen som har sett de to mennene p\u00e5 bildene.<\/p>\n<p><b>\u2013 Vi har forst\u00e5else for at saken oppleves skremmende b\u00e5de for de som er direkte involvert, men ogs\u00e5 \u00f8vrige innbyggere i Larvik, sier politiadvokat Kristin Langbakk Bruholt.<\/b><\/p>\n<p>Torsdag forklarte politiet at de leter etter to gjerningspersoner. Vi har f\u00f8lgende beskrivelse p\u00e5 en av gjerningspersonene: Mann i 40\u201350 \u00e5rene, lav h\u00f8yde, kraftig kroppsbygning, m\u00f8rk hudfarge, engelskspr\u00e5klig og if\u00f8rt m\u00f8rke kl\u00e6r.<\/p>\n<p><b>N\u00e5 har de alts\u00e5 sendt ut disse bildene av det som trolig er de to gjerningspersonene:<\/b><\/p>\n<p>   <img decoding=\"async\" width=\"1161\" height=\"842\" fetchpriority=\"low\"  loading=\"lazy\"  src=\"https:\/\/www.europesays.com\/no\/wp-content\/uploads\/2025\/12\/larvik+1.jpg\" alt=\"\" class=\"brick-c-cFOWSL\" style=\"--brick-image-ratio: 1161 \/ 842;\"\/><\/p>\n<p>      VIDEOOVERV\u00c5KING: Politiet har sett ut dette bilde av ranerne i Larvik sentrum torsdag.<br \/>\n      Foto: Politiet\n    <\/p>\n<p>   <img decoding=\"async\" width=\"493\" height=\"691\" fetchpriority=\"low\"  loading=\"lazy\"  src=\"https:\/\/www.europesays.com\/no\/wp-content\/uploads\/2025\/12\/larvik+2.jpg\" alt=\"\" class=\"brick-c-cFOWSL\" style=\"--brick-image-ratio: 493 \/ 691;\"\/><\/p>\n<p>      FRA VIDEOOVERV\u00c5KING: En av de to mennene var helt m\u00f8rkkledd, og hadde litt skjegg.<br \/>\n      Foto: Politiet\n    <\/p>\n<p><b>\u2013 Saken har h\u00f8y prioritet for politiet, og vi oppfordrer folk som kan ha opplysninger om saken til \u00e5 kontakte oss p\u00e5 tipstelefon 476 96 500, sier Bruholt.<\/b><\/p>\n<p>Holder fortsatt stengt<\/p>\n<p><b>\u00abVi er stengt ut dagen grunnet ran. Beklager om det medf\u00f8rer ulempe for noen.\u00bb<\/b><\/p>\n<p>Det var beskjeden som butikken Dr\u00f8mmen\u00f8stet la ut p\u00e5 sosiale medier torsdag, og det str\u00f8mmet inn med tr\u00f8stende kommentarer og omtanke fra kunder og andre i Larvik.<\/p>\n<p>Det var litt f\u00f8r klokka 13 torsdag at butikken i sentrum ble utsatt for et <a class=\"simple-relation related-teaser article--c-eRUmMG article--c-eRUmMG-jKCPdD-design-default article--c-eRUmMG-iBPVJb-cv\" href=\"https:\/\/www.op.no\/butikkran-i-larvik-sentrum\/s\/5-36-1859920\" rel=\"nofollow noopener\" target=\"_blank\">v\u00e6pnet ran<\/a>. To personer utstyrt med kniv truet til seg blant annet penger fra en ansatt som var alene p\u00e5 jobb i butikken.<\/p>\n<p>Fredag melder et skilt p\u00e5 d\u00f8ra at butikken fortsatt er stengt. Innehaveren \u00f8nsker forel\u00f8pig ikke \u00e5 snakke med \u00d8stlands-Posten om det som skjedde.<\/p>\n<p><b>Samtidig jobber politiet p\u00e5 spreng med \u00e5 f\u00e5 til et gjennombrudd i saken. Forel\u00f8pig kjenner de ikke identiteten til de to som ranet med seg penger fra kassa og flere esker med garn.<\/b><\/p>\n<p>   <img decoding=\"async\" width=\"5712\" height=\"4284\" fetchpriority=\"low\"  loading=\"lazy\"  src=\"https:\/\/www.europesays.com\/no\/wp-content\/uploads\/2025\/12\/IMG_0760.jpg\" alt=\"\" class=\"brick-c-cFOWSL\" style=\"--brick-image-ratio: 5712 \/ 4284;\"\/><\/p>\n<p>      FREDAG MORGEN: Politiet fortsatte fredag morgen arbeidet med \u00e5 finne ut hvem sto bak ranet av butikken nederst p\u00e5 Torget.<br \/>\n      Foto: Frank Johansen\n    <\/p>\n<p>  Vitner, video og tekniske spor<\/p>\n<p><b>Politistasjonssjef Tor Eriksen er ikke p\u00e5 jobb fredag, men synes det er leit at en butikk i Larvik har v\u00e6rt utsatt for et ran:<\/b><\/p>\n<p>\u2013 Det etterforskerne n\u00e5 gj\u00f8r, er blant annet \u00e5 avh\u00f8re vitner som melder seg.<\/p>\n<p>Politijurist Kristin Langbakk Bruholt i S\u00f8r-\u00d8st politidistrikt er ansvarlig for prioriteringene fredag.<\/p>\n<p>\u2013 Hva er det viktigste dere jobber med i dag?<\/p>\n<p><b>\u2013 I dag fors\u00f8ker vi \u00e5 finne ut hvem de to personene er. Blant annet har vi innhentet en god del videomateriale som vi g\u00e5r gjennom. I tillegg unders\u00f8ker vi om det er flere som kan ha videoopptak som er interessante for oss.<\/b><\/p>\n<p>Bruholt forteller ogs\u00e5 at de rutinemessig sjekker alle bomstasjonspasseringer i distriktet, i tillegg til andre tekniske spor som ranerne kan ha lagt igjen.<\/p>\n<p>\u2013 Betyr det at dere vet om ranerne kom seg av g\u00e5rde med bil?<\/p>\n<p><b>\u2013 Nei, ikke n\u00f8dvendigvis, men vi gj\u00f8r de tekniske unders\u00f8kelsene vi kan gj\u00f8re for \u00e5 f\u00e5 flere opplysninger. For eventuelt \u00e5 utelukke ulike muligheter.<\/b><\/p>\n<p>   <img decoding=\"async\" width=\"4032\" height=\"3024\" fetchpriority=\"low\"  loading=\"lazy\"  src=\"https:\/\/www.europesays.com\/no\/wp-content\/uploads\/2025\/12\/image_1CA211E8-DA3E-472D-8D38-6919AF8413DB_1765456564.heic\" alt=\"\" class=\"brick-c-cFOWSL\" style=\"--brick-image-ratio: 4032 \/ 3024;\"\/><\/p>\n<p>      RAN: Innsatsleder Espen Solemdal ledet politiets arbeid p\u00e5 \u00e5stedet torsdag.<br \/>\n      Foto: Mads Andersen\n    <\/p>\n<p>  Femsifret bel\u00f8p<\/p>\n<p><b>Politiet har ikke f\u00e5tt noen meldinger om at ranerne har v\u00e6rt andre steder i Larvik enn i garnbutikken.<\/b><\/p>\n<p>Hvorfor de valgte nettopp denne butikken tvers overfor en gullsmed med langt st\u00f8rre verdier, er heller ikke kjent. En av \u00e5rsakene kan v\u00e6re at de vurderte at gullsmed-lokalene har et h\u00f8yere sikkerhetsopplegg.<\/p>\n<p><b>\u00d8P kjenner til at Felumb har gitt sitt overv\u00e5kingsmateriale til politiet, og at butikken skal ha gode videobilder av de to gjerningspersonene, som ogs\u00e5 var inne i deres lokaler i forkant av ranet.<\/b><\/p>\n<p>Ranerne fikk trolig med seg et femsifret bel\u00f8p da de slo til.<\/p>\n<p>\u2013 Vi har snakket med innehaveren av butikken, som mener at summen det kan dreie seg om er mellom 15.000 og 20.000 kroner, men det er noe vi m\u00e5 f\u00e5 klarhet i etter hvert.<\/p>\n<p><b>Bruholt kjenner ikke til hvor mange tips som har kommet inn etter at operasjonssentralen torsdag kveld opprettet et eget tipsmottak p\u00e5 telefonnummer 47 69 65 00.<\/b><\/p>\n<p>  <a href=\"https:\/\/www.op.no\/5-36-1860161\" class=\"related-teaser has-image default-story-teaser article--c-eRUmMG article--c-eRUmMG-jKCPdD-design-default\" rel=\"nofollow noopener\" target=\"_blank\"><\/p>\n<p>    <img decoding=\"async\" loading=\"lazy\"  src=\"https:\/\/www.europesays.com\/no\/wp-content\/uploads\/2025\/12\/IMG_8942.jpeg\" alt=\"\" class=\"brick-c-cFOWSL\" style=\"\"\/><\/p>\n<p>\n            Les ogs\u00e5<\/p>\n<p>              Oppnevnt av Kongen i statsr\u00e5d: \u2013 Jeg gleder meg skikkelig\n        <\/p>\n<p>  <\/a><\/p>\n<p>  <a href=\"https:\/\/www.op.no\/5-36-1860071\" class=\"related-teaser has-image default-story-teaser article--c-eRUmMG article--c-eRUmMG-jKCPdD-design-default\" rel=\"nofollow noopener\" target=\"_blank\"><\/p>\n<p>    <img decoding=\"async\" loading=\"lazy\"  src=\"https:\/\/www.europesays.com\/no\/wp-content\/uploads\/2025\/12\/photo+%2826%29+kopi.jpg\" alt=\"\" class=\"brick-c-cFOWSL\" style=\"\"\/><\/p>\n<p>\n            Les ogs\u00e5<\/p>\n<p>              Voldsom utforkj\u00f8ring: \u2013 Glatt, og veldig m\u00f8rkt\n        <\/p>\n<p>  <\/a><\/p>\n<p>  <a href=\"https:\/\/www.op.no\/5-36-1858053\" class=\"related-teaser has-image default-story-teaser article--c-eRUmMG article--c-eRUmMG-jKCPdD-design-default\" rel=\"nofollow noopener\" target=\"_blank\"><\/p>\n<p>    <img decoding=\"async\" loading=\"lazy\"  src=\"https:\/\/www.europesays.com\/no\/wp-content\/uploads\/2025\/12\/f004004a-7683-467f-b70f-d1d05184892b.jpg\" alt=\"\" class=\"brick-c-cFOWSL\" style=\"\"\/><\/p>\n<p>\n            Les ogs\u00e5<\/p>\n<p>              Nye regler skaper tr\u00f8bbel for Hans Andreas: \u2013 F\u00f8ler meg kjip\n        <\/p>\n<p>  <\/a><\/p>\n<p>  <a href=\"https:\/\/www.op.no\/5-36-1859135\" class=\"related-teaser has-image default-story-teaser article--c-eRUmMG article--c-eRUmMG-jKCPdD-design-default\" rel=\"nofollow noopener\" target=\"_blank\"><\/p>\n<p>    <img decoding=\"async\" loading=\"lazy\"  src=\"https:\/\/www.europesays.com\/no\/wp-content\/uploads\/2025\/12\/0fbec612-c3a9-4336-8feb-6e0828990365.jpeg\" alt=\"\" class=\"brick-c-cFOWSL\" style=\"\"\/><\/p>\n<p>\n            Les ogs\u00e5<\/p>\n<p>              Overtok som sjef i mai \u2013 n\u00e5 er Kevin best i fylket: \u2013 En laginnsats\n        <\/p>\n<p>  <\/a><\/p>\n","protected":false},"excerpt":{"rendered":"Fredag ettermiddag har politiet sendt ut to bilder de har hentet ut fra videomaterialet de forel\u00f8pig har gjennomg\u00e5tt.&hellip;\n","protected":false},"author":2,"featured_media":111447,"comment_status":"","ping_status":"","sticky":false,"template":"","format":"standard","meta":{"footnotes":""},"categories":[10],"tags":[36,20,21,24,25,15,983,113,22,23,1481,13,30,28,29,14,16,254,3878,1510,26,27,6075,941],"class_list":{"0":"post-111446","1":"post","2":"type-post","3":"status-publish","4":"format-standard","5":"has-post-thumbnail","7":"category-norge","8":"tag-art","9":"tag-breaking-news","10":"tag-breakingnews","11":"tag-featured-news","12":"tag-featurednews","13":"tag-headlines","14":"tag-krim","15":"tag-larvik","16":"tag-latest-news","17":"tag-latestnews","18":"tag-naeringsliv-og-arbeidsliv","19":"tag-news","20":"tag-no","21":"tag-norge","22":"tag-norway","23":"tag-nyheter","24":"tag-overskrifter","25":"tag-politi","26":"tag-ran","27":"tag-story","28":"tag-top-stories","29":"tag-topstories","30":"tag-torget","31":"tag-ulykker-og-hendelser"},"share_on_mastodon":{"url":"https:\/\/pubeurope.com\/@no\/115707284679594283","error":""},"_links":{"self":[{"href":"https:\/\/www.europesays.com\/no\/wp-json\/wp\/v2\/posts\/111446","targetHints":{"allow":["GET"]}}],"collection":[{"href":"https:\/\/www.europesays.com\/no\/wp-json\/wp\/v2\/posts"}],"about":[{"href":"https:\/\/www.europesays.com\/no\/wp-json\/wp\/v2\/types\/post"}],"author":[{"embeddable":true,"href":"https:\/\/www.europesays.com\/no\/wp-json\/wp\/v2\/users\/2"}],"replies":[{"embeddable":true,"href":"https:\/\/www.europesays.com\/no\/wp-json\/wp\/v2\/comments?post=111446"}],"version-history":[{"count":0,"href":"https:\/\/www.europesays.com\/no\/wp-json\/wp\/v2\/posts\/111446\/revisions"}],"wp:featuredmedia":[{"embeddable":true,"href":"https:\/\/www.europesays.com\/no\/wp-json\/wp\/v2\/media\/111447"}],"wp:attachment":[{"href":"https:\/\/www.europesays.com\/no\/wp-json\/wp\/v2\/media?parent=111446"}],"wp:term":[{"taxonomy":"category","embeddable":true,"href":"https:\/\/www.europesays.com\/no\/wp-json\/wp\/v2\/categories?post=111446"},{"taxonomy":"post_tag","embeddable":true,"href":"https:\/\/www.europesays.com\/no\/wp-json\/wp\/v2\/tags?post=111446"}],"curies":[{"name":"wp","href":"https:\/\/api.w.org\/{rel}","templated":true}]}}