{"id":111455,"date":"2025-12-12T15:29:12","date_gmt":"2025-12-12T15:29:12","guid":{"rendered":"https:\/\/www.europesays.com\/no\/111455\/"},"modified":"2025-12-12T15:29:12","modified_gmt":"2025-12-12T15:29:12","slug":"ukraina-sier-de-har-gjenerobret-landsbyer-naer-kupjansk","status":"publish","type":"post","link":"https:\/\/www.europesays.com\/no\/111455\/","title":{"rendered":"Ukraina sier de har gjenerobret landsbyer n\u00e6r Kupjansk"},"content":{"rendered":"\n<p class=\"_lead_o9xde_2 _lead_xtcu6_50 layout-component text-serif-m layout-normal text-serif-l layout-component layout-wide layout-padded _wide_17hqh_1 layout-padded\">Ukraina sier at de har gjenerobret flere landsbyer fra russiske styrker n\u00e6r byen Kupjansk i Kharkiv-regionen nord\u00f8st i landet.<\/p>\n<p><img alt=\"Ukrainas president Volodymyr Zelenskyj fotografert i London mandag.  Foto: Kin Cheung \/ AP \/ NTB\" class=\"_image_qp4xg_65 layout-component layout-wide\" data-fullscreen- data-track-element-type=\"Article image fullscreen\" data-track-name=\"ImageFullscreen\" fetchpriority=\"high\" decoding=\"sync\" loading=\"eager\" height=\"4141\" itemprop=\"image\"  src=\"https:\/\/www.europesays.com\/no\/wp-content\/uploads\/2025\/12\/91ff510f-8d34-47c9-8730-ba37cf66f293\"  style=\"object-position:0% 0%\" width=\"6211\"\/>Ukrainas president Volodymyr Zelenskyj fotografert i London mandag.  Foto: Kin Cheung \/ AP \/ NTB<\/p>\n<ul aria-hidden=\"true\" class=\"_images_ntbth_112\">\n<li><a class=\"_link_ntbth_117\" href=\"https:\/\/www.vg.no\/forfatter\/ntb\" style=\"z-index:1\" title=\"NTB\" rel=\"nofollow noopener\" target=\"_blank\"><img alt=\"Bilde av NTB\" class=\"_image_ntbth_93\" fetchpriority=\"low\" loading=\"lazy\" decoding=\"async\" itemprop=\"image\"  src=\"https:\/\/www.europesays.com\/no\/wp-content\/uploads\/2025\/12\/1765553352_616_c33980b0-5d07-4027-84a1-813f90a7c8d6\"  width=\"480\"\/><\/a><\/li>\n<\/ul>\n<p> Oppdatert fredag 12. desember kl. 15:52     <\/p>\n<p class=\"_paragraph_o9xde_4 _paragraph_xtcu6_10 layout-component text-serif-m layout-normal text-serif-m layout-padded\">If\u00f8lge den ukrainske milit\u00e6renheten Khartia-korpset er flere hundre russiske soldater omringet i omr\u00e5det. <\/p>\n<p class=\"_paragraph_o9xde_4 _paragraph_xtcu6_10 layout-component text-serif-m layout-normal text-serif-m layout-padded\">Ogs\u00e5 nordlige forsteder i Kupjansk oppgis \u00e5 v\u00e6re gjenerobret. Meldingene er ikke bekreftet av andre kilder. <\/p>\n<p class=\"_paragraph_o9xde_4 _paragraph_xtcu6_10 layout-component text-serif-m layout-normal text-serif-m layout-padded\">Ukrainas president <a href=\"https:\/\/www.vg.no\/tag\/volodymyr-zelenskyj?utm_source=vg-article&amp;utm_medium=auto-tagger&amp;utm_campaign=zOLPbv\" class=\"_link_o9xde_39\" rel=\"nofollow noopener\" target=\"_blank\">Volodymyr Zelenskyj<\/a> bes\u00f8kte omr\u00e5det fredag, viser en video publisert i hans sosiale mediekanaler. I videoen har han p\u00e5 seg en skuddsikker vest og st\u00e5r foran et skilt der det st\u00e5r Kupjansk. <\/p>\n<p class=\"_paragraph_o9xde_4 _paragraph_xtcu6_10 layout-component text-serif-m layout-normal text-serif-m layout-padded\">\u2013 Det er utrolig viktig \u00e5 oppn\u00e5 resultater ved fronten slik at Ukraina kan oppn\u00e5 resultater diplomatisk, sier Zelenskyj i videoen. Her takker han ogs\u00e5 alle som har kjempet i omr\u00e5det, \u00aballe som har v\u00e6rt med p\u00e5 \u00e5 \u00f8delegge okkupanten\u00bb.<\/p>\n<p class=\"_paragraph_o9xde_4 _paragraph_xtcu6_10 layout-component text-serif-m layout-normal text-serif-m layout-padded\">I midten av november hevdet den russiske h\u00e6ren at den har tatt kontroll over Kupjansk, noe Ukraina nektet for. <\/p>\n<p class=\"_paragraph_o9xde_4 _paragraph_xtcu6_10 layout-component text-serif-m layout-normal text-serif-m layout-padded\">Kupjansk er et viktig jernbaneknutepunkt som ble erobret av de russiske styrkene p\u00e5 f\u00f8rste dag av invasjonen i 2022. Noen m\u00e5neder senere ble den gjenerobret av Ukrainas forsvarsstyrker.<\/p>\n<p class=\"_paragraph_o9xde_4 _paragraph_xtcu6_10 layout-component text-serif-m layout-normal text-serif-m layout-padded\">De siste m\u00e5nedene har russerne igjen rykket framover i Kharkiv, og situasjonen for Ukrainas styrker har v\u00e6rt vanskelig.<\/p>\n","protected":false},"excerpt":{"rendered":"Ukraina sier at de har gjenerobret flere landsbyer fra russiske styrker n\u00e6r byen Kupjansk i Kharkiv-regionen nord\u00f8st i&hellip;\n","protected":false},"author":2,"featured_media":111456,"comment_status":"","ping_status":"","sticky":false,"template":"","format":"standard","meta":{"footnotes":""},"categories":[12],"tags":[20,21,24,25,15,179,22,23,13,30,28,29,14,16,26,27,489,42,488,43,44,45],"class_list":{"0":"post-111455","1":"post","2":"type-post","3":"status-publish","4":"format-standard","5":"has-post-thumbnail","7":"category-verden","8":"tag-breaking-news","9":"tag-breakingnews","10":"tag-featured-news","11":"tag-featurednews","12":"tag-headlines","13":"tag-krigen-i-ukraina","14":"tag-latest-news","15":"tag-latestnews","16":"tag-news","17":"tag-no","18":"tag-norge","19":"tag-norway","20":"tag-nyheter","21":"tag-overskrifter","22":"tag-top-stories","23":"tag-topstories","24":"tag-ukraina","25":"tag-verden","26":"tag-volodymyr-zelenskyj","27":"tag-world","28":"tag-world-news","29":"tag-worldnews"},"share_on_mastodon":{"url":"https:\/\/pubeurope.com\/@no\/115707312617842427","error":""},"_links":{"self":[{"href":"https:\/\/www.europesays.com\/no\/wp-json\/wp\/v2\/posts\/111455","targetHints":{"allow":["GET"]}}],"collection":[{"href":"https:\/\/www.europesays.com\/no\/wp-json\/wp\/v2\/posts"}],"about":[{"href":"https:\/\/www.europesays.com\/no\/wp-json\/wp\/v2\/types\/post"}],"author":[{"embeddable":true,"href":"https:\/\/www.europesays.com\/no\/wp-json\/wp\/v2\/users\/2"}],"replies":[{"embeddable":true,"href":"https:\/\/www.europesays.com\/no\/wp-json\/wp\/v2\/comments?post=111455"}],"version-history":[{"count":0,"href":"https:\/\/www.europesays.com\/no\/wp-json\/wp\/v2\/posts\/111455\/revisions"}],"wp:featuredmedia":[{"embeddable":true,"href":"https:\/\/www.europesays.com\/no\/wp-json\/wp\/v2\/media\/111456"}],"wp:attachment":[{"href":"https:\/\/www.europesays.com\/no\/wp-json\/wp\/v2\/media?parent=111455"}],"wp:term":[{"taxonomy":"category","embeddable":true,"href":"https:\/\/www.europesays.com\/no\/wp-json\/wp\/v2\/categories?post=111455"},{"taxonomy":"post_tag","embeddable":true,"href":"https:\/\/www.europesays.com\/no\/wp-json\/wp\/v2\/tags?post=111455"}],"curies":[{"name":"wp","href":"https:\/\/api.w.org\/{rel}","templated":true}]}}