{"id":111509,"date":"2025-12-12T16:16:09","date_gmt":"2025-12-12T16:16:09","guid":{"rendered":"https:\/\/www.europesays.com\/no\/111509\/"},"modified":"2025-12-12T16:16:09","modified_gmt":"2025-12-12T16:16:09","slug":"ikke-verdig-et-demokratisk-norge","status":"publish","type":"post","link":"https:\/\/www.europesays.com\/no\/111509\/","title":{"rendered":"\u2013 Ikke verdig et demokratisk Norge"},"content":{"rendered":"<p><strong>Sophie Matlary, medlem av Arbeiderpartiet og tidligere nestleder i Internasjonalt Forum, hevder hun over tid har blitt stengt ute fra interne debatter og skj\u00f8vet til side i partiet etter \u00e5 ha fremmet det som anses som kontroversielle synspunkter. <\/strong><\/p>\n<p>Matlary sier hun er i partiet for \u00e5 kjempe for retten til \u00e5 ytre seg \u2013 og at hun ikke kommer til \u00e5 gi seg. N\u00e5 krever hun \u00e5pen debatt \u2013 og retter kritikk mot det hun beskriver som indre sensur og manglende dialog.<\/p>\n<p>\u2013 Det er ikke akseptabelt at man ikke f\u00e5r ytre seg fritt i Arbeiderpartiet, sier Matlary til iNyheter.<\/p>\n<p><strong>Ble skj\u00f8vet ut etter kontroversielle ytringer<\/strong><\/p>\n<p>Bakgrunnen er det hun beskriver som en langvarig og systematisk ekskludering fra Aps  diskusjonsarenaer, s\u00e6rlig i partiets interne Facebook-grupper. Hennes utenrikspolitiske og strategiske sp\u00f8rsm\u00e5l internt i Ap f\u00e5r ikke slippe til.<\/p>\n<p>\u2013 Jeg har gjentatte ganger fors\u00f8kt \u00e5 l\u00f8fte temaer som er avgj\u00f8rende for landet v\u00e5rt \u2013 slik som behovet for faktisk \u00e5 sette vanlige folk f\u00f8rst. Men i partiet var det ingen som tok dialogen. I stedet ble jeg, som satt i redakt\u00f8rgruppen i Internasjonalt Forum, skj\u00f8vet til side. Jeg ble ogs\u00e5 fjernet fra utvalget Espen Barth Eide en gang utnevnte meg til, sier Matlary, og peker p\u00e5 \u00e9n bestemt hendelse som et vendepunkt:<\/p>\n<p>\u2013 Etter at jeg skrev om Ungarns utenrikspolitikk i Klassekampen \u2013 en politikk som i dag fungerer godt for landet \u2013 opplevde jeg at min mulighet til \u00e5 ytre meg internt gradvis ble strupet.<\/p>\n<p>If\u00f8lge Matlary ble hun kort tid senere fjernet fra redakt\u00f8rgruppen for Internasjonalt Forum, Ap\u2019s nest st\u00f8rste faglige nettverk, der hun b\u00e5de var medlem og tidligere nestleder. Samtidig hevder hun at hun ogs\u00e5 ble tatt ut av Internasjonalt Utvalg, som hun opprinnelig ble oppnevnt til av dav\u00e6rende utenriksminister Espen Barth Eide.<\/p>\n<p>Hun sier artikkelen skapte stor debatt, ogs\u00e5 internt i partiet, men at responsen fra partiledelsen uteble. Siden skal hun ha blitt sensurert.<\/p>\n<p>\u2013 N\u00e5r jeg skriver innlegg p\u00e5 interne Facebook-grupper som \u00abarbeiderpartifolk\u00bb, blir innleggene mine aldri godkjent. Jeg har spurt flere ganger om grunnen. Jeg f\u00e5r ingen svar.<\/p>\n<p>iNyheter spurte Matlary hvem som styrer modereringen av de interne gruppene.<\/p>\n<p>\u2013 Det er ulike partimedlemmer, men de har en form for beskyttelse overfor partiet og narrativet som gis.<\/p>\n<p>P\u00e5 sp\u00f8rsm\u00e5l om hun opplever at dette gjelder flere i partiet, eller om det er et isolert tilfelle, svarer hun:<\/p>\n<p>\u2013 Det finnes ikke slike perspektiver noen steder fordi de ikke kommer til. Jeg tror det jeg gj\u00f8r n\u00e5 vil \u00e5pne opp folks lyst og mot. Det vil skape splid internt, men det er p\u00e5 tide. Vi opplever at partiet bruker \u00abdivide and conquer\u00bb-teknikker.<\/p>\n<p>Hun mener hun sitter p\u00e5 et kunnskapsgrunnlag partiet ikke \u00f8nsker \u00e5 forholde seg til.<\/p>\n<p>\u2013 Jeg kommer med en form for politisk debatt som ikke kan vris eller vrenges p\u00e5. Den er basert p\u00e5 logiske fakta \u00abfra bakken\u00bb. Jeg sitter p\u00e5 et stort nettverk som forteller meg ting hele tiden, s\u00e5 jeg kj\u00f8per jeg ikke politikk som ikke er forankret grundig i realitetene.<\/p>\n<p><strong>Les ogs\u00e5: <a href=\"https:\/\/inyheter.no\/18\/10\/2025\/sannheten-er-at-de-loy-i-valgkampen\/\" rel=\"nofollow noopener\" target=\"_blank\">\u2013 Sannheten er at de l\u00f8y i valgkampen<\/a><\/strong><\/p>\n<p><strong>N\u00f8dvendig oppgj\u00f8r<\/strong><\/p>\n<p>Hun mener saken ikke bare handler om henne personlig, men om partiets forhold til intern uenighet. Saken er del av en st\u00f8rre reaksjon internt: folk mot eliter, grasrot mot partiapparat.<\/p>\n<p>\u2013 Opplever du at visse utenrikspolitiske standpunkter er \u00abutenfor det tillatte\u00bb i Ap? I s\u00e5 fall hvilke?, sp\u00f8r iNyheter.<\/p>\n<p>\u2013 Ja \u2013 selvsagt. Ukraina-krigen og st\u00f8tten. EU-sp\u00f8rsm\u00e5let. Salg av norsk energi og nasjonale interesser. Alt skal overnasjonaliseres i partiet, svarer Matlary, og f\u00f8lger opp med:<\/p>\n<p>\u2013 Det er helt feil! Vi er partiet for arbeiderne som setter folket f\u00f8rst. N\u00e5 m\u00e5 de virkelig ta seg sammen og snu skuta. Dette ender i masseprotester. Det er v\u00e5rt demokratiske v\u00e5pen. Vi krever v\u00e5r rett.<\/p>\n<p>Hun viser til oppmerksomheten innlegget hennes har f\u00e5tt:<\/p>\n<p>\u2013 N\u00e5r \u00e9n post f\u00e5r 150 000 visninger fra Norge p\u00e5 to og en halv dag, betyr det at engasjementet og sinnet er enormt. Dette burde virkelig vekke Jonas og co.<\/p>\n<p>Matlary mener kompetansen hennes kan v\u00e6re en del av forklaringen p\u00e5 motstanden hun m\u00f8ter. Hun peker p\u00e5 sin side lang internasjonal erfaring som et fortrinn, ikke et problem.<\/p>\n<p>\u2013 Jeg er retorisk sterk, politisk skolert og har omfattende utenrikspolitisk erfaring \u2013 erfaringer jeg \u00f8nsker \u00e5 bruke i norsk politikk, og som Arbeiderpartiet faktisk trenger.<\/p>\n<p>\u2013 Jeg har bodd og arbeidet i Saudi-Arabia, Egypt, Ungarn, Frankrike, England, Bulgaria, Jordan, UAE, Spania \u2013 og flere andre steder. Jeg er formet av m\u00f8tene\u00a0mellom \u00f8st og vest, religion og sekularitet, fransk skolegang og sv\u00e6rt h\u00f8ye krav. Jeg snakker 5 spr\u00e5k. Jeg har et bredt internasjonalt nettverk. Jeg vet hva arbeid betyr. Og jeg er enn\u00e5 p\u00e5 et tidlig sted i karrieren.<\/p>\n<p><strong>Les ogs\u00e5: <a href=\"https:\/\/inyheter.no\/28\/11\/2025\/jens-stoltenberg-tildeles-gjev-pris-fra-jury-tungt-forankret-i-ap\/\" rel=\"nofollow noopener\" target=\"_blank\">Jens Stoltenberg tildeles gjev pris \u2013 fra jury tungt forankret i Ap<\/a><\/strong><\/p>\n<p><strong>Vil bli v\u00e6rende i Ap \u2013 men tar kampen<\/strong><\/p>\n<p>If\u00f8lge Matlary er det nettopp hennes meritter som kan oppleves som utfordrende for etablerte maktstrukturer.<\/p>\n<p>\u2013 Kanskje er det dette som uroer enkelte seniorer i partiet. Det er ikke alltid lett \u00e5 slippe til kompetanse som utfordrer etablerte posisjoner.<\/p>\n<p>Selv om hun f\u00f8ler seg sensurert og skj\u00f8vet ut, sier hun at hun ikke har noen planer om \u00e5 forlate partiet.<\/p>\n<p>\u2013 Kampen min n\u00e5 er retten jeg har til \u00e5 ytre seg \u2013 en kamp ikke bare for min egen del, men for alle unge mennesker som insisterer p\u00e5 sin demokratiske frihet under den liberale og demokratiske regjeringen i Norge.<\/p>\n<p>Sophie Matlary akter ikke \u00e5 gi fra seg stemmen sin. Hun mener Arbeiderpartiet n\u00e5 st\u00e5r ved et veiskille.<\/p>\n<p><strong>\u2013 Dette er ikke verdig et demokratisk Norge. Jeg krever derfor endring. Jeg krever debatt.<\/strong><\/p>\n","protected":false},"excerpt":{"rendered":"Sophie Matlary, medlem av Arbeiderpartiet og tidligere nestleder i Internasjonalt Forum, hevder hun over tid har blitt stengt&hellip;\n","protected":false},"author":2,"featured_media":111510,"comment_status":"","ping_status":"","sticky":false,"template":"","format":"standard","meta":{"footnotes":""},"categories":[12],"tags":[3622,499,20,21,24,25,15,201,22,23,13,30,28,29,14,16,13658,26,27,42,43,44,45],"class_list":{"0":"post-111509","1":"post","2":"type-post","3":"status-publish","4":"format-standard","5":"has-post-thumbnail","7":"category-verden","8":"tag-ap","9":"tag-arbeiderpartiet","10":"tag-breaking-news","11":"tag-breakingnews","12":"tag-featured-news","13":"tag-featurednews","14":"tag-headlines","15":"tag-jonas-gahr-store","16":"tag-latest-news","17":"tag-latestnews","18":"tag-news","19":"tag-no","20":"tag-norge","21":"tag-norway","22":"tag-nyheter","23":"tag-overskrifter","24":"tag-sophie-matlary","25":"tag-top-stories","26":"tag-topstories","27":"tag-verden","28":"tag-world","29":"tag-world-news","30":"tag-worldnews"},"share_on_mastodon":{"url":"https:\/\/pubeurope.com\/@no\/115707496793063745","error":""},"_links":{"self":[{"href":"https:\/\/www.europesays.com\/no\/wp-json\/wp\/v2\/posts\/111509","targetHints":{"allow":["GET"]}}],"collection":[{"href":"https:\/\/www.europesays.com\/no\/wp-json\/wp\/v2\/posts"}],"about":[{"href":"https:\/\/www.europesays.com\/no\/wp-json\/wp\/v2\/types\/post"}],"author":[{"embeddable":true,"href":"https:\/\/www.europesays.com\/no\/wp-json\/wp\/v2\/users\/2"}],"replies":[{"embeddable":true,"href":"https:\/\/www.europesays.com\/no\/wp-json\/wp\/v2\/comments?post=111509"}],"version-history":[{"count":0,"href":"https:\/\/www.europesays.com\/no\/wp-json\/wp\/v2\/posts\/111509\/revisions"}],"wp:featuredmedia":[{"embeddable":true,"href":"https:\/\/www.europesays.com\/no\/wp-json\/wp\/v2\/media\/111510"}],"wp:attachment":[{"href":"https:\/\/www.europesays.com\/no\/wp-json\/wp\/v2\/media?parent=111509"}],"wp:term":[{"taxonomy":"category","embeddable":true,"href":"https:\/\/www.europesays.com\/no\/wp-json\/wp\/v2\/categories?post=111509"},{"taxonomy":"post_tag","embeddable":true,"href":"https:\/\/www.europesays.com\/no\/wp-json\/wp\/v2\/tags?post=111509"}],"curies":[{"name":"wp","href":"https:\/\/api.w.org\/{rel}","templated":true}]}}