{"id":111511,"date":"2025-12-12T16:17:23","date_gmt":"2025-12-12T16:17:23","guid":{"rendered":"https:\/\/www.europesays.com\/no\/111511\/"},"modified":"2025-12-12T16:17:23","modified_gmt":"2025-12-12T16:17:23","slug":"skal-lede-debatten-pa-nrk","status":"publish","type":"post","link":"https:\/\/www.europesays.com\/no\/111511\/","title":{"rendered":"Skal lede \u00abDebatten\u00bb p\u00e5 NRK"},"content":{"rendered":"\n<p class=\"_paragraph_o9xde_4 _paragraph_xtcu6_10 layout-component text-serif-m layout-normal text-serif-m layout-padded\">\u2013 Vi er veldig glade for at to s\u00e5 dyktige programledere som Espen Aas og \u00c5sa Vartdal\u00a0 har sagt ja til \u00e5 lede \u00abDebatten\u203a neste sesong, sier redakt\u00f8r for Debatten, Ole Eivind Henden.<\/p>\n<p class=\"_paragraph_o9xde_4 _paragraph_xtcu6_10 layout-component text-serif-m layout-normal text-serif-m layout-padded\">Han sier at begge har lang erfaring som journalister i <a href=\"https:\/\/www.vg.no\/tag\/nrk?utm_source=vg-article&amp;utm_medium=auto-tagger&amp;utm_campaign=Ar29Jn\" class=\"_link_o9xde_39\" rel=\"nofollow noopener\" target=\"_blank\">NRK<\/a> og har bred kompetanse p\u00e5 omr\u00e5der som er viktig for \u00abDebatten.\u00bb<\/p>\n<p>\u2013 Ikke sp\u00f8r meg om det!<\/p>\n<p class=\"_paragraph_o9xde_4 _paragraph_xtcu6_10 layout-component text-serif-m layout-normal text-serif-m layout-padded\">\u2013 Med disse to om bord vil \u00abDebatten\u00bb v\u00e6re godt rustet til fortsatt \u00e5 v\u00e6re den st\u00f8rste og viktigste plattformen for den offentlige samtalen i Norge.<\/p>\n<p class=\"_paragraph_o9xde_4 _paragraph_xtcu6_10 layout-component text-serif-m layout-normal text-serif-m layout-padded\">Tidligere i h\u00f8st annonserte programleder Fredrik Solvang at han trer av som frontfigur for programmet. Det har v\u00e6rt knyttet stor spenning til hvem som skal ta over.<\/p>\n<p class=\"_paragraph_o9xde_4 _paragraph_xtcu6_10 layout-component text-serif-m layout-normal text-serif-m layout-padded\">\u2013 Dette er et solid og godt valg. Espen og \u00c5sa er drivende dyktige journalister og fine folk, de kommer til \u00e5 utfylle hverandre godt og jeg h\u00e5per de gj\u00f8r endringer slik at de f\u00e5r formet Debatten til sitt eget, skriver Solvang i en tekstmelding til VG.<\/p>\n<p class=\"_paragraph_o9xde_4 _paragraph_xtcu6_10 layout-component text-serif-m layout-normal text-serif-m layout-padded\">\u2013 Jeg \u00f8nsker dem og Norges beste debattredaksjon hell og lykke! <\/p>\n<p class=\"_paragraph_o9xde_4 _paragraph_xtcu6_10 layout-component text-serif-m layout-normal text-serif-m layout-padded\">\u00c5sa Vartal er programleder i \u00abDagsrevyen\u00bb, og har ledet store nyhets- og valgsendinger. Espen Aas har lang fartstid som reporter, korrespondent og har gjennom flere \u00e5r ledet \u00abDagsnytt 18\u00bb.<\/p>\n<p class=\"_paragraph_o9xde_4 _paragraph_xtcu6_10 layout-component text-serif-m layout-normal text-serif-m layout-padded\">\u2013 \u00c5 nei, ikke sp\u00f8r meg om det! var det f\u00f8rste jeg tenkte da jeg ble spurt. Har som alle andre tenkt at det blir umulig \u00e5 gj\u00f8re den jobben etter Fredrik, og lurt p\u00e5 hvilken stakkar som skal st\u00e5 der p\u00e5 f\u00f8rste sending i januar, sier Vartdal i pressemeldingen.<\/p>\n<p> \u00abDette skal jeg si nei til\u00bb<\/p>\n<p class=\"_paragraph_o9xde_4 _paragraph_xtcu6_10 layout-component text-serif-m layout-normal text-serif-m layout-padded\">Hun sier at hun m\u00e5tte tenke seg godt om f\u00f8r hun takket ja, men at det er en jobb det er vanskelig \u00e5 si nei til. <\/p>\n<p class=\"_paragraph_o9xde_4 _paragraph_xtcu6_10 layout-component text-serif-m layout-normal text-serif-m layout-padded\">Aas hadde samme opplevelse som Vartdal, forteller han til VG. <\/p>\n<p class=\"_paragraph_o9xde_4 _paragraph_xtcu6_10 layout-component text-serif-m layout-normal text-serif-m layout-padded\">Han hadde egentlig hadde tenkt at dette var en jobb han ikke ville ha, og at han derfor aldri \u00abkastet hatten i ringen\u00bb\u00abkastet hatten i ringen\u00bbEt idiom som betyr \u00e5 kunngj\u00f8re at man har til hensikt \u00e5 for eksempel delta i en konkurranse, et valg eller utfordring. Stammer fra boksing.. <\/p>\n<p class=\"_paragraph_o9xde_4 _paragraph_xtcu6_10 layout-component text-serif-m layout-normal text-serif-m layout-padded\">S\u00e5 kom foresp\u00f8rselen fra NRK. <\/p>\n<p class=\"_paragraph_o9xde_4 _paragraph_xtcu6_10 layout-component text-serif-m layout-normal text-serif-m layout-padded\">\u2013 Jeg tenkte at \u00abdette blir en kort samtale\u00bb, og at \u00abdette skal jeg si nei til\u00bb, sier Aas. <\/p>\n<p class=\"_paragraph_o9xde_4 _paragraph_xtcu6_10 layout-component text-serif-m layout-normal text-serif-m layout-padded\"><strong class=\"_strong_o9xde_25\">Da han h\u00f8rte at ogs\u00e5 Vartdal skulle v\u00e6re programleder snudde han tvert om, forteller han. <\/strong><\/p>\n<p class=\"_paragraph_o9xde_4 _paragraph_xtcu6_10 layout-component text-serif-m layout-normal text-serif-m layout-padded\">N\u00e5 ser Aas frem til \u00e5 jobbe med Vartdal. <\/p>\n<p class=\"_paragraph_o9xde_4 _paragraph_xtcu6_10 layout-component text-serif-m layout-normal text-serif-m layout-padded\">\u2013 Jeg gleder meg til \u00e5 jobbe med en god venn gjennom flere ti\u00e5r og en redaksjon der jeg kjenner alle godt fra f\u00f8r. Jeg skal jo ikke flytte meg mer enn ca. sju meter fra kontorplassen jeg har i dag, sier Aas.<\/p>\n<p class=\"_paragraph_o9xde_4 _paragraph_xtcu6_10 layout-component text-serif-m layout-normal text-serif-m layout-padded\">\u00abDebatten\u00bb har sin f\u00f8rste sending tirsdag 6. januar, og sender som vanlig tirsdag og torsdag.<\/p>\n<p>   Skjegg- og slipskritikk<\/p>\n<p class=\"_paragraph_o9xde_4 _paragraph_xtcu6_10 layout-component text-serif-m layout-normal text-serif-m layout-padded\">Espen Aas har ledet debattprogrammet \u00abDagsnytt 18\u00bb i flere \u00e5r, og har tidligere f\u00e5tt hard medfart for b\u00e5de spesielle slipsknuter, bustete h\u00e5r og rufsete skjegg. <\/p>\n<p class=\"_paragraph_o9xde_4 _paragraph_xtcu6_10 layout-component text-serif-m layout-normal text-serif-m layout-padded\">S\u00e6rlig <a href=\"https:\/\/borsen.dagbladet.no\/nyheter\/de-ble-flaue\/83444009\" class=\"_link_o9xde_39\" rel=\"nofollow noopener\" target=\"_blank\">Dagbladet<\/a> har <a href=\"https:\/\/www.dagbladet.no\/nyheter\/nrk-tar-hargrep-1\/80164668\" class=\"_link_o9xde_39\" rel=\"nofollow noopener\" target=\"_blank\">fattet interesse<\/a> for \u00abDagsnytt 18\u00bb-programlederens <a href=\"https:\/\/www.dagbladet.no\/kjendis\/stoppet-pa-gata-du-ma-slutte\/83221374\" class=\"_link_o9xde_39\" rel=\"nofollow noopener\" target=\"_blank\">utseende<\/a>. <\/p>\n<p class=\"_paragraph_o9xde_4 _paragraph_xtcu6_10 layout-component text-serif-m layout-normal text-serif-m layout-padded\">\u2013 Det er tatt litt h\u00e5rgrep allerede, s\u00e5 jeg tipper vi kommer til \u00e5 passe godt p\u00e5 b\u00e5de lokker og slips, sier Aas og ler.<\/p>\n<p class=\"_paragraph_o9xde_4 _paragraph_xtcu6_10 layout-component text-serif-m layout-normal text-serif-m layout-padded\">Han fortsetter:<\/p>\n<p class=\"_paragraph_o9xde_4 _paragraph_xtcu6_10 layout-component text-serif-m layout-normal text-serif-m layout-padded\"><strong class=\"_strong_o9xde_25\">\u2013 &#8230; s\u00e5 kan det hende at jeg finner p\u00e5 noe spikk likevel.<\/strong><\/p>\n<p>    <img decoding=\"async\" alt=\"Tips oss illustrasjon\" src=\"https:\/\/www.europesays.com\/no\/wp-content\/uploads\/2025\/10\/pssst-small.webp.webp\"\/>    <\/p>\n<p class=\"title-serif-s\">Har du tips?<\/p>\n<p class=\"text-sans-m\">Send oss informasjon, bilder eller video.<\/p>\n<p>  <a href=\"https:\/\/www.vg.no\/tips-oss\" rel=\"nofollow noopener\" target=\"_blank\"> Tips oss <\/a>      <\/p>\n","protected":false},"excerpt":{"rendered":"\u2013 Vi er veldig glade for at to s\u00e5 dyktige programledere som Espen Aas og \u00c5sa Vartdal\u00a0 har&hellip;\n","protected":false},"author":2,"featured_media":111512,"comment_status":"","ping_status":"","sticky":false,"template":"","format":"standard","meta":{"footnotes":""},"categories":[10],"tags":[31,20,21,13659,24,25,1413,15,22,23,13,30,28,29,787,14,16,26,27],"class_list":{"0":"post-111511","1":"post","2":"type-post","3":"status-publish","4":"format-standard","5":"has-post-thumbnail","7":"category-norge","8":"tag-breaking","9":"tag-breaking-news","10":"tag-breakingnews","11":"tag-espen-aas","12":"tag-featured-news","13":"tag-featurednews","14":"tag-fredrik-solvang","15":"tag-headlines","16":"tag-latest-news","17":"tag-latestnews","18":"tag-news","19":"tag-no","20":"tag-norge","21":"tag-norway","22":"tag-nrk","23":"tag-nyheter","24":"tag-overskrifter","25":"tag-top-stories","26":"tag-topstories"},"share_on_mastodon":{"url":"https:\/\/pubeurope.com\/@no\/115707500665036059","error":""},"_links":{"self":[{"href":"https:\/\/www.europesays.com\/no\/wp-json\/wp\/v2\/posts\/111511","targetHints":{"allow":["GET"]}}],"collection":[{"href":"https:\/\/www.europesays.com\/no\/wp-json\/wp\/v2\/posts"}],"about":[{"href":"https:\/\/www.europesays.com\/no\/wp-json\/wp\/v2\/types\/post"}],"author":[{"embeddable":true,"href":"https:\/\/www.europesays.com\/no\/wp-json\/wp\/v2\/users\/2"}],"replies":[{"embeddable":true,"href":"https:\/\/www.europesays.com\/no\/wp-json\/wp\/v2\/comments?post=111511"}],"version-history":[{"count":0,"href":"https:\/\/www.europesays.com\/no\/wp-json\/wp\/v2\/posts\/111511\/revisions"}],"wp:featuredmedia":[{"embeddable":true,"href":"https:\/\/www.europesays.com\/no\/wp-json\/wp\/v2\/media\/111512"}],"wp:attachment":[{"href":"https:\/\/www.europesays.com\/no\/wp-json\/wp\/v2\/media?parent=111511"}],"wp:term":[{"taxonomy":"category","embeddable":true,"href":"https:\/\/www.europesays.com\/no\/wp-json\/wp\/v2\/categories?post=111511"},{"taxonomy":"post_tag","embeddable":true,"href":"https:\/\/www.europesays.com\/no\/wp-json\/wp\/v2\/tags?post=111511"}],"curies":[{"name":"wp","href":"https:\/\/api.w.org\/{rel}","templated":true}]}}