{"id":111517,"date":"2025-12-12T16:29:09","date_gmt":"2025-12-12T16:29:09","guid":{"rendered":"https:\/\/www.europesays.com\/no\/111517\/"},"modified":"2025-12-12T16:29:09","modified_gmt":"2025-12-12T16:29:09","slug":"narges-mohammadi-pagrepet-i-iran-nrk-urix-utenriksnyheter-og-dokumentarer","status":"publish","type":"post","link":"https:\/\/www.europesays.com\/no\/111517\/","title":{"rendered":"Narges Mohammadi p\u00e5grepet i Iran \u2013 NRK Urix \u2013 Utenriksnyheter og -dokumentarer"},"content":{"rendered":"<p>Arrestasjonen var voldsom, if\u00f8lge st\u00f8ttespillere fra Narges Foundation.<\/p>\n<p>Mohammadis ektemann, Taghi Rahmani, bekrefter til NRK at hun er arrestert.<\/p>\n<p>Menneskerettsaktivisten mottok Nobels fredspris i 2023 for sin kamp for kvinners rettigheter i Iran \u2013 mens hun satt fengslet i det beryktede Evin-fengselet i Teheran.<\/p>\n<p>Denne gangen skal Iranske styrker ha arrestert henne under en minneseremoni for den kjente iranske advokaten Khosrow Alikordi. Han ble funnet d\u00f8d p\u00e5 sitt kontor tidligere denne uken.<\/p>\n<p>P\u00e5 Mohammadis Instagram-konto er det publisert videoer der hun st\u00e5r midt i en folkemengde og roper i en mikrofon med knyttneven i v\u00e6ret.<\/p>\n<p>Flere aktivister ble ogs\u00e5 arrestert samtidig, skriver <a href=\"https:\/\/www.bbc.com\/persian\/articles\/c62nn5ryj12o\" ec-id=\"https:\/\/www.bbc.com\/persian\/articles\/c62nn5ryj12o\" ec-name=\"persiske BBC.\" rel=\"nofollow noopener\" target=\"_blank\">persiske BBC.<\/a> Iranske myndigheter har ikke kommentert arrestasjonene.<\/p>\n<p>D\u00f8mt til 154 stokkeslag<\/p>\n<p>Iranske myndigheter ford\u00f8mte utdelingen til Mohammadi og sa det var \u00abanti-iransk\u00bb.<\/p>\n<p>Hun er d\u00f8mt for en rekke saker av regimet, blant annet \u00abpropaganda mot staten\u00bb og \u00ab\u00e5 handle mot nasjonens sikkerhet\u00bb.<\/p>\n<p>Regimet har blant annet d\u00f8mt henne til 31 \u00e5r fengsel og 154 stokkeslag.<\/p>\n<p>I sommer uttrykte nobelkomiteen bekymring for Mohammadi.<\/p>\n<p><img decoding=\"async\"   src=\"data:image\/gif;base64,R0lGODlhAQABAIAAAAAAAP\/\/\/yH5BAEAAAAALAAAAAABAAEAAAIBRAA7\" loading=\"eager\" alt=\"Den iranske fredsprisvinneren, Narges Mohammadi, er l\u00f8slatt i tre uker for helsemessige \u00e5rsaker. Mohammadi vant fredsprisen i 2023 for sitt arbeid mot kvinneundertrykking i Iran og for menneskerettigheter. Hun soner en straff p\u00e5 31 \u00e5r. N\u00e5 krever nobelkomiteen at Mohammadi slippes helt fri fra fengsel. &#10;Lagt opp av n645897 (Aurora Ytreberg Mel\u00f8e)&#10;Se i Potion: https:\/\/potion.felles.ds.nrk.no\/program\/bdea530a-4f07-494e-aa53-0a4f07894efa\/pub\/bdea530a-4f07-494e-aa53-0a4f07894efa\" title=\"\"\/><\/p>\n<p class=\"no-credit\">Her ble Mohammadi sluppet fri fra fengselet for en kort periode p\u00e5 grunn av sykdom. <\/p>\n<p>Hun har tilbrakt store deler av det siste ti\u00e5ret i fengsel. I fjor ble hun midlertidig l\u00f8slatt fra Evin-fengselet <a href=\"http:\/\/apnews.com\/article\/iran-arrest-narges-mohammadi-8523591777ccf6338f9adc1afcf00d90\" ec-id=\"http:\/\/apnews.com\/article\/iran-arrest-narges-mohammadi-8523591777ccf6338f9adc1afcf00d90\" ec-name=\"av helsemessige grunner.\" rel=\"nofollow noopener\" target=\"_blank\">av helsemessige grunner. <\/a><\/p>\n<p>S\u00e5 snart hun var ute av fengsel fortsatte hun aktivismen og kritiserte regimet i internasjonal presse.<\/p>\n<p>Interessert i utenriks? H\u00f8r redaksjonens nyeste podkast: <\/p>\n<p>Publisert<\/p>\n<p>12.12.2025, kl. 15.20<\/p>\n<p>Oppdatert<\/p>\n<p>12.12.2025, kl. 17.03<\/p>\n","protected":false},"excerpt":{"rendered":"Arrestasjonen var voldsom, if\u00f8lge st\u00f8ttespillere fra Narges Foundation. Mohammadis ektemann, Taghi Rahmani, bekrefter til NRK at hun er&hellip;\n","protected":false},"author":2,"featured_media":111518,"comment_status":"","ping_status":"","sticky":false,"template":"","format":"standard","meta":{"footnotes":""},"categories":[12],"tags":[20,21,24,25,15,22,23,13,30,28,29,14,16,26,27,42,43,44,45],"class_list":{"0":"post-111517","1":"post","2":"type-post","3":"status-publish","4":"format-standard","5":"has-post-thumbnail","7":"category-verden","8":"tag-breaking-news","9":"tag-breakingnews","10":"tag-featured-news","11":"tag-featurednews","12":"tag-headlines","13":"tag-latest-news","14":"tag-latestnews","15":"tag-news","16":"tag-no","17":"tag-norge","18":"tag-norway","19":"tag-nyheter","20":"tag-overskrifter","21":"tag-top-stories","22":"tag-topstories","23":"tag-verden","24":"tag-world","25":"tag-world-news","26":"tag-worldnews"},"share_on_mastodon":{"url":"https:\/\/pubeurope.com\/@no\/115707547843800012","error":""},"_links":{"self":[{"href":"https:\/\/www.europesays.com\/no\/wp-json\/wp\/v2\/posts\/111517","targetHints":{"allow":["GET"]}}],"collection":[{"href":"https:\/\/www.europesays.com\/no\/wp-json\/wp\/v2\/posts"}],"about":[{"href":"https:\/\/www.europesays.com\/no\/wp-json\/wp\/v2\/types\/post"}],"author":[{"embeddable":true,"href":"https:\/\/www.europesays.com\/no\/wp-json\/wp\/v2\/users\/2"}],"replies":[{"embeddable":true,"href":"https:\/\/www.europesays.com\/no\/wp-json\/wp\/v2\/comments?post=111517"}],"version-history":[{"count":0,"href":"https:\/\/www.europesays.com\/no\/wp-json\/wp\/v2\/posts\/111517\/revisions"}],"wp:featuredmedia":[{"embeddable":true,"href":"https:\/\/www.europesays.com\/no\/wp-json\/wp\/v2\/media\/111518"}],"wp:attachment":[{"href":"https:\/\/www.europesays.com\/no\/wp-json\/wp\/v2\/media?parent=111517"}],"wp:term":[{"taxonomy":"category","embeddable":true,"href":"https:\/\/www.europesays.com\/no\/wp-json\/wp\/v2\/categories?post=111517"},{"taxonomy":"post_tag","embeddable":true,"href":"https:\/\/www.europesays.com\/no\/wp-json\/wp\/v2\/tags?post=111517"}],"curies":[{"name":"wp","href":"https:\/\/api.w.org\/{rel}","templated":true}]}}