{"id":111526,"date":"2025-12-12T16:37:08","date_gmt":"2025-12-12T16:37:08","guid":{"rendered":"https:\/\/www.europesays.com\/no\/111526\/"},"modified":"2025-12-12T16:37:08","modified_gmt":"2025-12-12T16:37:08","slug":"sjomannskirken-selger-nok-en-kirke","status":"publish","type":"post","link":"https:\/\/www.europesays.com\/no\/111526\/","title":{"rendered":"Sj\u00f8mannskirken selger nok en kirke"},"content":{"rendered":"<p>\n        LEGGER NED: Jeffrey Huseby legger ned Sj\u00f8mannskirken i Florida.<br \/>\n        BA arkiv\n    <\/p>\n<p>    Jevn nedgang i bes\u00f8kende er grunnen til at Sj\u00f8mannskirken n\u00e5 legger kirken i Florida ut for salg. Tidligere i \u00e5r ble Mallorca lagt ned.<\/p>\n<p>N\u00e5 legger Sj\u00f8mannskirken om driften i Florida.\u00a0<\/p>\n<p>Hovedstyret til det som i gamle dager ble kalt Sj\u00f8mannsmisjonen, har n\u00e5 vedtatt \u00e5 selge eiendommen i Florida, og g\u00e5 over til s\u00e5kalt ambulerende betjening av nordmenn i delstaten.<\/p>\n<p>\u2013 Det har v\u00e6rt en jevn nedgang i antall bes\u00f8kende og brukere over tid. I tillegg har anstrengt \u00f8konomi p\u00e5 et stort anlegg gjort at vi n\u00e5 har bestemt oss for \u00e5 selge, sier generalsekret\u00e6r i Sj\u00f8mannskirken, Jeffrey Huseby til Dagen.<\/p>\n","protected":false},"excerpt":{"rendered":"LEGGER NED: Jeffrey Huseby legger ned Sj\u00f8mannskirken i Florida. BA arkiv Jevn nedgang i bes\u00f8kende er grunnen til&hellip;\n","protected":false},"author":2,"featured_media":111527,"comment_status":"","ping_status":"","sticky":false,"template":"","format":"standard","meta":{"footnotes":""},"categories":[12],"tags":[20,21,24,25,15,22,23,13,30,28,29,14,16,26,27,42,43,44,45],"class_list":{"0":"post-111526","1":"post","2":"type-post","3":"status-publish","4":"format-standard","5":"has-post-thumbnail","7":"category-verden","8":"tag-breaking-news","9":"tag-breakingnews","10":"tag-featured-news","11":"tag-featurednews","12":"tag-headlines","13":"tag-latest-news","14":"tag-latestnews","15":"tag-news","16":"tag-no","17":"tag-norge","18":"tag-norway","19":"tag-nyheter","20":"tag-overskrifter","21":"tag-top-stories","22":"tag-topstories","23":"tag-verden","24":"tag-world","25":"tag-world-news","26":"tag-worldnews"},"share_on_mastodon":{"url":"https:\/\/pubeurope.com\/@no\/115707579197464335","error":""},"_links":{"self":[{"href":"https:\/\/www.europesays.com\/no\/wp-json\/wp\/v2\/posts\/111526","targetHints":{"allow":["GET"]}}],"collection":[{"href":"https:\/\/www.europesays.com\/no\/wp-json\/wp\/v2\/posts"}],"about":[{"href":"https:\/\/www.europesays.com\/no\/wp-json\/wp\/v2\/types\/post"}],"author":[{"embeddable":true,"href":"https:\/\/www.europesays.com\/no\/wp-json\/wp\/v2\/users\/2"}],"replies":[{"embeddable":true,"href":"https:\/\/www.europesays.com\/no\/wp-json\/wp\/v2\/comments?post=111526"}],"version-history":[{"count":0,"href":"https:\/\/www.europesays.com\/no\/wp-json\/wp\/v2\/posts\/111526\/revisions"}],"wp:featuredmedia":[{"embeddable":true,"href":"https:\/\/www.europesays.com\/no\/wp-json\/wp\/v2\/media\/111527"}],"wp:attachment":[{"href":"https:\/\/www.europesays.com\/no\/wp-json\/wp\/v2\/media?parent=111526"}],"wp:term":[{"taxonomy":"category","embeddable":true,"href":"https:\/\/www.europesays.com\/no\/wp-json\/wp\/v2\/categories?post=111526"},{"taxonomy":"post_tag","embeddable":true,"href":"https:\/\/www.europesays.com\/no\/wp-json\/wp\/v2\/tags?post=111526"}],"curies":[{"name":"wp","href":"https:\/\/api.w.org\/{rel}","templated":true}]}}