{"id":111538,"date":"2025-12-12T16:53:13","date_gmt":"2025-12-12T16:53:13","guid":{"rendered":"https:\/\/www.europesays.com\/no\/111538\/"},"modified":"2025-12-12T16:53:13","modified_gmt":"2025-12-12T16:53:13","slug":"carola-haggkvist-sjokkerte-pa-date-med-nrodmann","status":"publish","type":"post","link":"https:\/\/www.europesays.com\/no\/111538\/","title":{"rendered":"Carola H\u00e4ggkvist sjokkerte p\u00e5 date med nrodmann"},"content":{"rendered":"<p class=\"kicker \" style=\"\">Carola H\u00e4ggkvist<\/p>\n<p>  N\u00e5 avsl\u00f8rer \u00abFr\u00e4mling\u00bb-stjernen hva som gikk galt p\u00e5 Valentines-daten, og hva hun har f\u00e5tt tillatelse til.\u00a0<\/p>\n<p>\n    SINGEL: Den svenske artisten Carola har v\u00e6rt p\u00e5 skandaledate med nordmann. Her fra lanseringen av albumet \u00abElvis, Barbra &amp; Jag\u00bb Foto: Morten Holm \/ NTB\n  <\/p>\n<p><a href=\"https:\/\/www.seher.no\/kjendis\/roper-gladnyhet\/83697450\" rel=\"nofollow noopener\" target=\"_blank\">Carola H\u00e4ggkvist (59) <\/a>har f\u00e5tt mye oppmerksomhet den siste tiden &#8211; og n\u00e5 ler hun h\u00f8yt av seg selv.<\/p>\n<p>I et innlegg p\u00e5 sosiale medier avsl\u00f8rer den svenske artisten at hun faktisk sovnet litt under en Valentines-konsert tidligere i \u00e5r. \u00c5rsaken? Det var rett og slett for fredfullt og vakkert.\u00a0<\/p>\n<p>        <img loading=\"lazy\" decoding=\"async\" src=\"https:\/\/www.europesays.com\/no\/wp-content\/uploads\/2025\/12\/83976641.webp\" width=\"579\" height=\"516\" title=\"DELTE ARTYIKKEL: Carola m\u00e5tte le da hun s\u00e5 tittelen, og delte bilde av G\u00f8teborgs.Postens artikkel p\u00e5 sin Facebookside. Foto: Skjermdump \/ Facebook.\" alt=\"\" class=\"\" style=\"--aspect-ratio-image: 1.12; \"\/><\/p>\n<p>\n        DELTE ARTYIKKEL: Carola m\u00e5tte le da hun s\u00e5 tittelen, og delte bilde av G\u00f8teborgs.Postens artikkel p\u00e5 sin Facebookside. Foto: Skjermdump \/ Facebook.\n    <\/p>\n<p class=\"font-weight-bold m-font-weight-bold\" data-lab-font_weight=\"font-weight-bold\">\u00abJeg hvilte \u00f8ynene og sovnet litt under Valentines-konserten, for det var s\u00e5 fredfullt og vakkert, og jeg var vel litt tr\u00f8tt ogs\u00e5\u00bb, skriver Carola.<\/p>\n<p>Artisten legger raskt til at hun passet p\u00e5 \u00e5 hvile n\u00e5r lyset ikke var p\u00e5 henne.<\/p>\n<p>P\u00e5 date med nordmann\t<\/p>\n<p>Artisten avsl\u00f8rer ogs\u00e5 at hun var p\u00e5 konserten sammen med en mann, men at det ikke var mer enn en god venn, god middag og konsert med masse lys.<\/p>\n<p>\u00a0\u00abHyggelig mann, ikke kjedelig heller, men ikke mer enn en god venn\u00bb, skriver hun.<\/p>\n<p>        BR\u00d8T L\u00d8FTE: \u00abLove Island Australia\u00bb-deltakeren avsl\u00f8rer at foreldrene ba henne om \u00e5 ikke gj\u00f8re \u00e9n ting p\u00e5 TV.  Video: \u00abLove Island Australia\u00bb\/ TV 2 Play\/ YouTube\/ R\u00f8d L\u00f8per<\/p>\n<p>Carola forklarer at mannen viste seg \u00e5 v\u00e6re nordmann, noe som tydeligvis gjorde det ekstra vanskelig for ham.<\/p>\n<p>\u00abHan viste seg ogs\u00e5 \u00e5 v\u00e6re nordmann, s\u00e5 det var litt ekstra motbakke for ham\u00bb, skriver hun med en rekke smilefjes.<\/p>\n<p>\u00abHard to catch chic\u00bb, s\u00e5 \u00e5 si!<\/p>\n<p>Norsk ekteskap bak seg\t<\/p>\n<p>Det er ikke f\u00f8rste gang Carola har hatt en nordmann i livet sitt. Artisten var gift med den norske pastoren Runar S\u00f8gaard (58) fra 1990 til 1999, og sammen har de s\u00f8nnen <a href=\"https:\/\/www.seher.no\/kjendis\/jeg-er-sa-lykkelig-pa-deres-vegne\/83197428\" rel=\"nofollow noopener\" target=\"_blank\">Amadeus (27).<\/a><\/p>\n<p>Etter skilsmissen har Carola v\u00e6rt \u00e5pen om at hun ikke har funnet den rette. Hun har tidligere uttalt at hun er kresne n\u00e5r det gjelder kj\u00e6rlighet, og at hun heller er alene enn i feil forhold.<\/p>\n<p>        <img loading=\"lazy\" decoding=\"async\" src=\"https:\/\/www.europesays.com\/no\/wp-content\/uploads\/2025\/12\/76206569.webp\" width=\"980\" height=\"716\" title=\"KJENDISBARN: Carola og Runar fikk s\u00f8nnen Amadeus sammen i 1998. Her fra 2003. Foto: Karin T\u00f6rnblom\/IBL\/NTB\" alt=\"\" class=\"\" style=\"--aspect-ratio-image: 1.37; \"\/><\/p>\n<p>\n        KJENDISBARN: Carola og Runar fikk s\u00f8nnen Amadeus sammen i 1998. Her fra 2003. Foto: Karin T\u00f6rnblom\/IBL\/NTB\n    <\/p>\n<p>        <img loading=\"lazy\" decoding=\"async\" src=\"https:\/\/www.europesays.com\/no\/wp-content\/uploads\/2025\/12\/83697551.webp\" width=\"686\" height=\"666\" title=\"BLE VOKSEN: Og slik s\u00e5 de ut da Amadeus fikk sitt vitnem\u00e5l noen \u00e5r senere. Foto: Skjermdump \/ Instagram\" alt=\"\" class=\"\" style=\"--aspect-ratio-image: 1.03; \"\/><\/p>\n<p>\n        BLE VOKSEN: Og slik s\u00e5 de ut da Amadeus fikk sitt vitnem\u00e5l noen \u00e5r senere. Foto: Skjermdump \/ Instagram\n    <\/p>\n<p>N\u00e5 ser det alts\u00e5 ut til at det gikk skeis igjen \u2013 denne gangen med en annen nordmann. Men Carola tar det hele med godt hum\u00f8r.<\/p>\n<p>\u2013 Ha ha \u2026 jeg lo h\u00f8yt da jeg leste overskriften! Endelig litt humor. Og historien er sann!, skriver hun.<\/p>\n<p>    <a itemprop=\"url\" href=\"https:\/\/www.seher.no\/kongelig\/sonja-feirer-jul-med-durek\/83968700\" rel=\"nofollow noopener\" target=\"_blank\"><\/p>\n<p>        <img loading=\"lazy\" decoding=\"async\" src=\"https:\/\/www.europesays.com\/no\/wp-content\/uploads\/2025\/12\/1765558393_645_83969026.webp\" width=\"147\" height=\"98\" title=\"Sonja feirer med Durek\" alt=\"\" class=\"lazyload\" style=\"--aspect-ratio-image: 1.50; \"\/><\/p>\n<p>        Sonja feirer med Durek<\/p>\n<p>    <\/a><\/p>\n<p>Gleder seg til julekonsert: &#8211; Jeg elsker dere\t<\/p>\n<p>N\u00e5 gleder Carola seg til julekonserten p\u00e5 Scandinavium, hvor Viktor Nor\u00e9n skal gjeste henne og koret By Grace med musikere.<\/p>\n<p>\u2013 Dette kommer til \u00e5 bli noe helt spesielt i morgen, f\u00f8ler jeg, skriver hun.<\/p>\n<p>        UVANLIG: Kong Charles, som for tiden f\u00e5r behandling for kreft, skal fredag kveld dele en videooppdatering om sin helsetilstand. If\u00f8lge Se og H\u00f8rs kongehusekspert er dette et uvanlig grep fra det britiske kongehuset. Reporter: Caroline Vagle. Video: Kine Falch<\/p>\n<p>Artisten takker ogs\u00e5 det trofaste publikummet som har kommet i tusentall til julekonsertene.<\/p>\n<p class=\"font-weight-bold m-font-weight-bold\" data-lab-font_weight=\"font-weight-bold\">\u2013 Jeg elsker dere! Fra hjertet, avslutter hun.<\/p>\n<p>Og til alle som lurer:<\/p>\n<p>\u2013 Og jeg lover at jeg ikke kommer til \u00e5 sovne blant lysene p\u00e5 l\u00f8rdag, skriver hun avslutningsvis.<\/p>\n","protected":false},"excerpt":{"rendered":"Carola H\u00e4ggkvist N\u00e5 avsl\u00f8rer \u00abFr\u00e4mling\u00bb-stjernen hva som gikk galt p\u00e5 Valentines-daten, og hva hun har f\u00e5tt tillatelse til.\u00a0&hellip;\n","protected":false},"author":2,"featured_media":111539,"comment_status":"","ping_status":"","sticky":false,"template":"","format":"standard","meta":{"footnotes":""},"categories":[58],"tags":[13661,13660,9350,4104,71,479,30,28,29,72,13662],"class_list":{"0":"post-111538","1":"post","2":"type-post","3":"status-publish","4":"format-standard","5":"has-post-thumbnail","7":"category-underholdning","8":"tag-carola","9":"tag-carola-heggqvist","10":"tag-date","11":"tag-eksklusivt","12":"tag-entertainment","13":"tag-kjendis","14":"tag-no","15":"tag-norge","16":"tag-norway","17":"tag-underholdning","18":"tag-valentines"},"share_on_mastodon":{"url":"https:\/\/pubeurope.com\/@no\/115707642313987890","error":""},"_links":{"self":[{"href":"https:\/\/www.europesays.com\/no\/wp-json\/wp\/v2\/posts\/111538","targetHints":{"allow":["GET"]}}],"collection":[{"href":"https:\/\/www.europesays.com\/no\/wp-json\/wp\/v2\/posts"}],"about":[{"href":"https:\/\/www.europesays.com\/no\/wp-json\/wp\/v2\/types\/post"}],"author":[{"embeddable":true,"href":"https:\/\/www.europesays.com\/no\/wp-json\/wp\/v2\/users\/2"}],"replies":[{"embeddable":true,"href":"https:\/\/www.europesays.com\/no\/wp-json\/wp\/v2\/comments?post=111538"}],"version-history":[{"count":0,"href":"https:\/\/www.europesays.com\/no\/wp-json\/wp\/v2\/posts\/111538\/revisions"}],"wp:featuredmedia":[{"embeddable":true,"href":"https:\/\/www.europesays.com\/no\/wp-json\/wp\/v2\/media\/111539"}],"wp:attachment":[{"href":"https:\/\/www.europesays.com\/no\/wp-json\/wp\/v2\/media?parent=111538"}],"wp:term":[{"taxonomy":"category","embeddable":true,"href":"https:\/\/www.europesays.com\/no\/wp-json\/wp\/v2\/categories?post=111538"},{"taxonomy":"post_tag","embeddable":true,"href":"https:\/\/www.europesays.com\/no\/wp-json\/wp\/v2\/tags?post=111538"}],"curies":[{"name":"wp","href":"https:\/\/api.w.org\/{rel}","templated":true}]}}