{"id":11155,"date":"2025-08-18T09:38:08","date_gmt":"2025-08-18T09:38:08","guid":{"rendered":"https:\/\/www.europesays.com\/no\/11155\/"},"modified":"2025-08-18T09:38:08","modified_gmt":"2025-08-18T09:38:08","slug":"skal-vi-danse-2025-disse-skal-vaere-med","status":"publish","type":"post","link":"https:\/\/www.europesays.com\/no\/11155\/","title":{"rendered":"\u00abSkal vi danse\u00bb 2025: Disse skal v\u00e6re med"},"content":{"rendered":"\n<p class=\"_lead_1bvmi_2 _lead_xtcu6_50 layout-component text-serif-m layout-normal text-serif-l layout-component layout-wide layout-padded _wide_17hqh_1 layout-padded\">Emma Ellingsen, Vendela Kirsebom og Emilie Enger Mehl er blant kjendisene som skal svinge seg p\u00e5 parketten i h\u00f8st.<\/p>\n<p><img alt=\" Foto: Espen Solli \/ TV 2\" class=\"_image_qp4xg_65 layout-component layout-wide\" data-fullscreen- data-track-element-type=\"Article image fullscreen\" data-track-name=\"ImageFullscreen\" fetchpriority=\"high\" decoding=\"sync\" loading=\"eager\" height=\"2668\" itemprop=\"image\"  src=\"https:\/\/www.europesays.com\/no\/wp-content\/uploads\/2025\/08\/5b6d8b5b-4625-401b-8e84-0f0048a66b73\"  style=\"object-position:49.2375% 44.65892053973013%\" width=\"4000\"\/> Foto: Espen Solli \/ TV 2 Oppdatert mandag 18. august kl. 11:23     <\/p>\n<p class=\"_paragraph_1bvmi_4 _paragraph_xtcu6_10 layout-component text-serif-m layout-normal text-serif-m layout-padded\">L\u00f8rdag 4. oktober starter den 20. sesongen av \u00abSkal vi danse\u00bb p\u00e5 TV 2.<\/p>\n<p class=\"_paragraph_1bvmi_4 _paragraph_xtcu6_10 layout-component text-serif-m layout-normal text-serif-m layout-padded\">13 nye kjendiser er klare for \u00e5 innta dansegulvet, etter at programmet har hatt en pause i ett \u00e5r. <\/p>\n<p class=\"_paragraph_1bvmi_4 _paragraph_xtcu6_10 layout-component text-serif-m layout-normal text-serif-m layout-padded\">\u00c5rets dommerpanel best\u00e5r av Cengiz Al, Jan Thomas, Nadya Khamitskaya og Merete M\u00f8rk Lingj\u00e6rde.<\/p>\n<p class=\"_paragraph_1bvmi_4 _paragraph_xtcu6_10 layout-component text-serif-m layout-normal text-serif-m layout-padded\">\u2013 Jeg har v\u00e6rt ute p\u00e5 byen i Oslo, s\u00e5 jeg har noen \u00abdansemoves\u00bb, sier Trygve Bennetsen, som ogs\u00e5 er med i \u00e5rets sesong, under presentasjonen av deltagerne. <\/p>\n<p class=\"_paragraph_1bvmi_4 _paragraph_xtcu6_10 layout-component text-serif-m layout-normal text-serif-m layout-padded\">Se hele listen over hvem som skal delta lenger ned i saken.<\/p>\n<p class=\"_paragraph_1bvmi_4 _paragraph_xtcu6_10 layout-component text-serif-m layout-normal text-serif-m layout-padded\">\u2013 Jeg m\u00e5 f\u00e5 \u00f8ve, svarer Desta Marie Beeder n\u00e5r VG sp\u00f8r om hun kan vise noen \u00abdansemoves\u00bb.<\/p>\n<p class=\"_paragraph_1bvmi_4 _paragraph_xtcu6_10 layout-component text-serif-m layout-normal text-serif-m layout-padded\">Hun gleder seg til \u00e5 st\u00e5 p\u00e5 parketten.<\/p>\n<p class=\"_paragraph_1bvmi_4 _paragraph_xtcu6_10 layout-component text-serif-m layout-normal layout-padded\"><strong class=\"_strong_1bvmi_25\">Les ogs\u00e5:<\/strong> <a href=\"https:\/\/www.vg.no\/i\/wgWok1\" data-track-element-type=\"Link\" data-track-id=\"link:wgWok1\" class=\"_link_1bvmi_39\" rel=\"nofollow noopener\" target=\"_blank\">Halvor Bakke er kreftfri<\/a><\/p>\n<p class=\"_paragraph_1bvmi_4 _paragraph_xtcu6_10 layout-component text-serif-m layout-normal text-serif-m layout-padded\">Interi\u00f8rdesigner og programleder Halvor Bakke <a href=\"https:\/\/www.vg.no\/rampelys\/i\/yEA4Lr\/halvor-bakke-det-var-helt-svart\" data-track-element-type=\"Link\" data-track-id=\"link:yEA4Lr\" class=\"_link_1bvmi_39\" rel=\"nofollow noopener\" target=\"_blank\">kan endelig puste lettet ut.<\/a><\/p>\n<p class=\"_paragraph_1bvmi_4 _paragraph_xtcu6_10 layout-component text-serif-m layout-normal text-serif-m layout-padded\">Etter flere \u00e5r med kreft er han n\u00e5 erkl\u00e6rt kreftfri, det fortalte han da han ble presentert som danse-deltager.<\/p>\n<p class=\"_paragraph_1bvmi_4 _paragraph_xtcu6_10 layout-component text-serif-m layout-normal text-serif-m layout-padded\">\u2013 Fantastisk \u00e5 v\u00e6re ferdig med det. Jeg er frist og rask, og skal starte p\u00e5 resten av livet, sier Bakke til VG.<\/p>\n<p class=\"_paragraph_1bvmi_4 _paragraph_xtcu6_10 layout-component text-serif-m layout-normal text-serif-m layout-padded\">Han har visst om deltagelsen i ett \u00e5r.<\/p>\n<p class=\"_paragraph_1bvmi_4 _paragraph_xtcu6_10 layout-component text-serif-m layout-normal text-serif-m layout-padded\"><strong class=\"_strong_1bvmi_25\">\u00abSkal vi danse\u00bb 2025: Disse skal delta og danse sammen:<\/strong><\/p>\n<ul class=\"_list_1bvmi_3 _list_xtcu6_9 _unordered_1bvmi_99 layout-component text-serif-m layout-normal text-serif-m layout-padded\">\n<li class=\"_item_1bvmi_30\">Emma Ellingsen (23), med Catalin Mihu.<\/li>\n<li class=\"_item_1bvmi_30\">Vendela Kirsebom (58), med Ivo Havranek.<\/li>\n<li class=\"_item_1bvmi_30\">Bernt Hulsker (47), med Marianne Sandaker.<\/li>\n<li class=\"_item_1bvmi_30\">Tale Torp Torjussen (20), med Antonio Careri.<\/li>\n<li class=\"_item_1bvmi_30\">Trygve Bennetsen (23), med Ida Amy Sund.<\/li>\n<li class=\"_item_1bvmi_30\">Tobias \u00abBecs\u00bb Brandal Bus\u00e6t (33), med Vyara Klisurska.<\/li>\n<li class=\"_item_1bvmi_30\">Desta Marie Beeder (36), med Tarjei Svalastog.<\/li>\n<li class=\"_item_1bvmi_30\">Carina Dahl (40), med Ole-Thomas Hansen.<\/li>\n<li class=\"_item_1bvmi_30\">Danby Choi (32), med Norunn Ringvoll.<\/li>\n<li class=\"_item_1bvmi_30\">Viggo Venn (36), med Rikke Lund.<\/li>\n<li class=\"_item_1bvmi_30\">Tiril Eckhoff (35), med Santino Mirenna.<\/li>\n<li class=\"_item_1bvmi_30\">Halvor Bakke (54), med Amalie Aune.<\/li>\n<li class=\"_item_1bvmi_30\">Emilie Enger Mehl (32), med J\u00f8rgen Nilsen.<\/li>\n<\/ul>\n<p class=\"_paragraph_1bvmi_4 _paragraph_xtcu6_10 layout-component text-serif-m layout-normal text-serif-m layout-padded\">Programlederne er som sist Helene Olafsen og Anders Hoff.<\/p>\n<p class=\"_paragraph_1bvmi_4 _paragraph_xtcu6_10 layout-component text-serif-m layout-normal text-serif-m layout-padded\">\u2013 Det er f\u00f8rst i dag deltagerne fikk vite hvem de skal danse med, sier Olafsen til VG n\u00e5r \u00e5rets kjendiser ble lansert 18. august.<\/p>\n","protected":false},"excerpt":{"rendered":"Emma Ellingsen, Vendela Kirsebom og Emilie Enger Mehl er blant kjendisene som skal svinge seg p\u00e5 parketten i&hellip;\n","protected":false},"author":2,"featured_media":11156,"comment_status":"","ping_status":"","sticky":false,"template":"","format":"standard","meta":{"footnotes":""},"categories":[58],"tags":[2291,2289,2288,2077,2282,71,2285,2292,2286,30,28,29,2280,2284,2287,2283,72,2281,2290],"class_list":{"0":"post-11155","1":"post","2":"type-post","3":"status-publish","4":"format-standard","5":"has-post-thumbnail","7":"category-underholdning","8":"tag-amalie-aune","9":"tag-bernt-hulsker","10":"tag-carina-dahl","11":"tag-danby-choi","12":"tag-emma-ellingsen","13":"tag-entertainment","14":"tag-halvor-bakke","15":"tag-helene-olafsen","16":"tag-jan-thomas","17":"tag-no","18":"tag-norge","19":"tag-norway","20":"tag-skal-vi-danse","21":"tag-tale-torp-torjussen","22":"tag-tiril-eckhoff","23":"tag-trygve-bennetsen","24":"tag-underholdning","25":"tag-vendela-kirsebom","26":"tag-viggo-venn"},"share_on_mastodon":{"url":"","error":""},"_links":{"self":[{"href":"https:\/\/www.europesays.com\/no\/wp-json\/wp\/v2\/posts\/11155","targetHints":{"allow":["GET"]}}],"collection":[{"href":"https:\/\/www.europesays.com\/no\/wp-json\/wp\/v2\/posts"}],"about":[{"href":"https:\/\/www.europesays.com\/no\/wp-json\/wp\/v2\/types\/post"}],"author":[{"embeddable":true,"href":"https:\/\/www.europesays.com\/no\/wp-json\/wp\/v2\/users\/2"}],"replies":[{"embeddable":true,"href":"https:\/\/www.europesays.com\/no\/wp-json\/wp\/v2\/comments?post=11155"}],"version-history":[{"count":0,"href":"https:\/\/www.europesays.com\/no\/wp-json\/wp\/v2\/posts\/11155\/revisions"}],"wp:featuredmedia":[{"embeddable":true,"href":"https:\/\/www.europesays.com\/no\/wp-json\/wp\/v2\/media\/11156"}],"wp:attachment":[{"href":"https:\/\/www.europesays.com\/no\/wp-json\/wp\/v2\/media?parent=11155"}],"wp:term":[{"taxonomy":"category","embeddable":true,"href":"https:\/\/www.europesays.com\/no\/wp-json\/wp\/v2\/categories?post=11155"},{"taxonomy":"post_tag","embeddable":true,"href":"https:\/\/www.europesays.com\/no\/wp-json\/wp\/v2\/tags?post=11155"}],"curies":[{"name":"wp","href":"https:\/\/api.w.org\/{rel}","templated":true}]}}