{"id":111559,"date":"2025-12-12T17:27:08","date_gmt":"2025-12-12T17:27:08","guid":{"rendered":"https:\/\/www.europesays.com\/no\/111559\/"},"modified":"2025-12-12T17:27:08","modified_gmt":"2025-12-12T17:27:08","slug":"to-massorer-har-fatt-pavist-lepra-ved-spa-i-romania","status":"publish","type":"post","link":"https:\/\/www.europesays.com\/no\/111559\/","title":{"rendered":"To mass\u00f8rer har f\u00e5tt p\u00e5vist lepra ved spa i Romania"},"content":{"rendered":"\n<p class=\"_lead_o9xde_2 _lead_xtcu6_50 layout-component text-serif-m layout-normal text-serif-l layout-component layout-wide layout-padded _wide_17hqh_1 layout-padded\">For f\u00f8rste gang p\u00e5 over 40 \u00e5r er det p\u00e5vist leprasmitte i EU. Det er snakk om to mass\u00f8rer som jobber ved et spa i den rumenske byen Cluj.<\/p>\n<ul aria-hidden=\"true\" class=\"_images_ntbth_112\">\n<li><a class=\"_link_ntbth_117\" href=\"https:\/\/www.vg.no\/forfatter\/ntb\" style=\"z-index:1\" title=\"NTB\" rel=\"nofollow noopener\" target=\"_blank\"><img alt=\"Bilde av NTB\" class=\"_image_ntbth_93\" fetchpriority=\"low\" loading=\"lazy\" decoding=\"async\" itemprop=\"image\"  src=\"https:\/\/www.europesays.com\/no\/wp-content\/uploads\/2025\/12\/1765560428_689_c33980b0-5d07-4027-84a1-813f90a7c8d6\"  width=\"480\"\/><\/a><\/li>\n<\/ul>\n<p> Oppdatert fredag 12. desember kl. 17:53     <\/p>\n<p class=\"_paragraph_o9xde_4 _paragraph_xtcu6_10 layout-component text-serif-m layout-normal text-serif-m layout-padded\">Lepra er ogs\u00e5 kjent som spedalskhet og Hansens sykdom.<\/p>\n<p class=\"_paragraph_o9xde_4 _paragraph_xtcu6_10 layout-component text-serif-m layout-normal text-serif-m layout-padded\">Begge mass\u00f8rene er fra Indonesia. De er 21 og 25 \u00e5r gamle og f\u00e5r n\u00e5 behandling, opplyser <a href=\"https:\/\/www.vg.no\/tag\/romania?utm_source=vg-article&amp;utm_medium=auto-tagger&amp;utm_campaign=oERz0B\" class=\"_link_o9xde_39\" rel=\"nofollow noopener\" target=\"_blank\">Romanias<\/a> helsedepartement fredag.<\/p>\n<p class=\"_paragraph_o9xde_4 _paragraph_xtcu6_10 layout-component text-serif-m layout-normal text-serif-m layout-padded\">Ytterligere to personer blir testet for sykdommen. En av kvinnene er nylig kommet tilbake etter en tur til Asia, der hun tilbrakte en m\u00e5ned med moren, som n\u00e5 er innlagt med den samme sykdommen.<\/p>\n<p class=\"_paragraph_o9xde_4 _paragraph_xtcu6_10 layout-component text-serif-m layout-normal text-serif-m layout-padded\">Romanias helseminister Alexandru Rogobet sier at spa-kunder ikke beh\u00f8ver \u00e5 v\u00e6re bekymret ettersom sykdommen f\u00f8rst smitter ved langvarig tett kontakt. <\/p>\n<p class=\"_paragraph_o9xde_4 _paragraph_xtcu6_10 layout-component text-serif-m layout-normal text-serif-m layout-padded\">Sist gang det ble p\u00e5vist lepra i Romania, var for 44 \u00e5r siden. <\/p>\n<p class=\"_paragraph_o9xde_4 _paragraph_xtcu6_10 layout-component text-serif-m layout-normal text-serif-m layout-padded\">Sykdommen for\u00e5rsakes av en bakterie. Den kan f\u00f8re til skader p\u00e5 nerver, hud og \u00f8yne. I dag kan sykdommen kureres med medisiner.<\/p>\n","protected":false},"excerpt":{"rendered":"For f\u00f8rste gang p\u00e5 over 40 \u00e5r er det p\u00e5vist leprasmitte i EU. Det er snakk om to&hellip;\n","protected":false},"author":2,"featured_media":111560,"comment_status":"","ping_status":"","sticky":false,"template":"","format":"standard","meta":{"footnotes":""},"categories":[12],"tags":[20,21,24,25,15,22,23,13,30,28,29,14,16,8603,1185,26,27,42,43,44,45],"class_list":{"0":"post-111559","1":"post","2":"type-post","3":"status-publish","4":"format-standard","5":"has-post-thumbnail","7":"category-verden","8":"tag-breaking-news","9":"tag-breakingnews","10":"tag-featured-news","11":"tag-featurednews","12":"tag-headlines","13":"tag-latest-news","14":"tag-latestnews","15":"tag-news","16":"tag-no","17":"tag-norge","18":"tag-norway","19":"tag-nyheter","20":"tag-overskrifter","21":"tag-romania","22":"tag-sykdom","23":"tag-top-stories","24":"tag-topstories","25":"tag-verden","26":"tag-world","27":"tag-world-news","28":"tag-worldnews"},"share_on_mastodon":{"url":"https:\/\/pubeurope.com\/@no\/115707776108090095","error":""},"_links":{"self":[{"href":"https:\/\/www.europesays.com\/no\/wp-json\/wp\/v2\/posts\/111559","targetHints":{"allow":["GET"]}}],"collection":[{"href":"https:\/\/www.europesays.com\/no\/wp-json\/wp\/v2\/posts"}],"about":[{"href":"https:\/\/www.europesays.com\/no\/wp-json\/wp\/v2\/types\/post"}],"author":[{"embeddable":true,"href":"https:\/\/www.europesays.com\/no\/wp-json\/wp\/v2\/users\/2"}],"replies":[{"embeddable":true,"href":"https:\/\/www.europesays.com\/no\/wp-json\/wp\/v2\/comments?post=111559"}],"version-history":[{"count":0,"href":"https:\/\/www.europesays.com\/no\/wp-json\/wp\/v2\/posts\/111559\/revisions"}],"wp:featuredmedia":[{"embeddable":true,"href":"https:\/\/www.europesays.com\/no\/wp-json\/wp\/v2\/media\/111560"}],"wp:attachment":[{"href":"https:\/\/www.europesays.com\/no\/wp-json\/wp\/v2\/media?parent=111559"}],"wp:term":[{"taxonomy":"category","embeddable":true,"href":"https:\/\/www.europesays.com\/no\/wp-json\/wp\/v2\/categories?post=111559"},{"taxonomy":"post_tag","embeddable":true,"href":"https:\/\/www.europesays.com\/no\/wp-json\/wp\/v2\/tags?post=111559"}],"curies":[{"name":"wp","href":"https:\/\/api.w.org\/{rel}","templated":true}]}}