{"id":111563,"date":"2025-12-12T17:29:14","date_gmt":"2025-12-12T17:29:14","guid":{"rendered":"https:\/\/www.europesays.com\/no\/111563\/"},"modified":"2025-12-12T17:29:14","modified_gmt":"2025-12-12T17:29:14","slug":"det-ble-dyrt-veldig-dyrt-e24","status":"publish","type":"post","link":"https:\/\/www.europesays.com\/no\/111563\/","title":{"rendered":"\u2013 Det ble dyrt, veldig dyrt \u2013 E24"},"content":{"rendered":"<p class=\"fullWidthDesktop hyperion-css-71ztg2\" data-test-tag=\"lead-text\">Jan Petter Sisseners boligprosjekt endte med store tap.<\/p>\n<p><img decoding=\"async\" class=\"image-asset hyperion-css-u06ts1\" data-test-tag=\"image-asset\" src=\"https:\/\/www.europesays.com\/no\/wp-content\/uploads\/2025\/12\/b2bde692-fbdb-45e1-b4fb-875fe25bf59b\"  alt=\"FERDIG SOM BOLIGINVESTOR: Jan P. Sissener fraskriver seg muligheten for boligprosjekter i fremtiden. \"  loading=\"eager\" fetchpriority=\"high\" style=\"aspect-ratio:1900 \/ 1267\"\/>FERDIG SOM BOLIGINVESTOR: Jan P. Sissener fraskriver seg muligheten for boligprosjekter i fremtiden. Foto: Skjalg B\u00f8hmer VoldPublisert: Publisert: <\/p>\n<p>For mindre enn 20 minutter siden<\/p>\n<ul class=\"hyperion-css-pte5x0\">\n<li aria-label=\"link\" class=\"narrow-button hyperion-css-1sz7d3n\">Kopier lenke<\/li>\n<li aria-label=\"link\" class=\"wide-button hyperion-css-1sz7d3n\">Kopier lenke<\/li>\n<li aria-label=\"facebook\" class=\"narrow-button hyperion-css-1sz7d3n\">Del p\u00e5 Facebook<\/li>\n<li aria-label=\"facebook\" class=\"wide-button hyperion-css-1sz7d3n\">Del p\u00e5 Facebook<\/li>\n<li aria-label=\"email\" class=\"narrow-button hyperion-css-1sz7d3n\">Del med e-post<\/li>\n<li aria-label=\"email\" class=\"wide-button hyperion-css-1sz7d3n\">Del med e-post<\/li>\n<\/ul>\n<p class=\"hyperion-css-1lemvax\">Investor Jan Petter Sissener har omsider f\u00e5tt solgt den siste leiligheten i sitt pengeslukende boligprosjekt. <\/p>\n<p class=\"hyperion-css-1lemvax\">N\u00e5 legger han hele prosjektet og alle tanker om boliginvestering bak seg. <\/p>\n<p class=\"hyperion-css-1lemvax\">\u2013 Jeg holder meg til det jeg kan \u2013 \u00e5 forvalte penger, sier Sissener.<\/p>\n<p><a data-test-tag=\"teaser-small:link-internal\" href=\"https:\/\/e24.no\/naeringsliv\/i\/L401zQ\/knallsterkt-shipping-aar-var-lavt-priset\" class=\"imagePosition-top inline hyperion-css-6238vu\" rel=\"nofollow noopener\" target=\"\" aria-label=\"Knallsterkt shipping-\u00e5r: \u2013 Var lavt priset\"><\/p>\n<p>Les p\u00e5 E24+<\/p>\n<p>Knallsterkt shipping-\u00e5r: \u2013 Var lavt priset<\/p>\n<p><\/a>\u2013 Det vil jeg ikke tenke p\u00e5<\/p>\n<p class=\"hyperion-css-1lemvax\">\u2013 Mennesker har en evne til \u00e5 legge det vonde bak seg. Det er det jeg gj\u00f8r n\u00e5, sier Sissener om boligeventyret. <\/p>\n<p class=\"hyperion-css-1lemvax\">I 2017 kj\u00f8pte han Melkeveien 15 av investor Torstein Tvenge for 32 millioner. <\/p>\n<p class=\"hyperion-css-1lemvax\">Der har han bygget to bygg med til sammen fire leiligheter.<\/p>\n<p class=\"hyperion-css-1lemvax\">Selv bor Sissener i den st\u00f8rste leiligheten p\u00e5 329 kvadrat. Den ga han 60 millioner for i desember i fjor.<\/p>\n<p class=\"hyperion-css-1lemvax\">\u2013 Prosjektet begynte med at vi ville bygge noe for oss selv. S\u00e5 ble det mye st\u00f8rre, forteller han. <\/p>\n<p class=\"hyperion-css-1lemvax\">Boligprosjektet endte med et tap, men hvor stort, vil ikke Sissener si. <\/p>\n<p class=\"hyperion-css-1lemvax\">\u2013 Det ble dyrt, veldig dyrt. Jeg har enn\u00e5 ikke lagt sammen sluttsummen, det vil jeg ikke tenke p\u00e5. <\/p>\n<p><img decoding=\"async\" class=\"image-asset hyperion-css-u06ts1\" data-test-tag=\"image-asset\" src=\"https:\/\/www.europesays.com\/no\/wp-content\/uploads\/2025\/12\/920d735d-8cf2-4522-b69c-25f33610172a\"  alt=\"STORE TAP: Boligprosjektet har tapt penger, hvor stor summen er, vet ikke Sissener. \"  loading=\"eager\" fetchpriority=\"high\" style=\"aspect-ratio:1600 \/ 1067\"\/>STORE TAP: Boligprosjektet har tapt penger, hvor stor summen er, vet ikke Sissener. Foto: \u00d8rnlund v\/ Lasse LerdahlVentet tap<\/p>\n<p class=\"hyperion-css-1lemvax\">I 2024 uttalte Sissener til <a aria-label=\"Finansavisen\" class=\"default hyperion-css-1rezu2g\" href=\"https:\/\/www.finansavisen.no\/bolig\/2024\/05\/29\/8136271\/luksussmell-for-sissener\" rel=\"noopener nofollow noreferrer\" data-test-tag=\"external-link\" target=\"_blank\">Finansavisen<\/a> at han \u00f8nsket 200.000 kroner per kvadratmeter.<\/p>\n<p class=\"hyperion-css-1lemvax\">Han gikk da hardt ut mot seg selv som boliginvestor.<\/p>\n<p class=\"hyperion-css-1lemvax\">Allerede f\u00f8r leilighetene ble lagt ut for salg ventet han et tap p\u00e5 prosjektet. <\/p>\n<p class=\"hyperion-css-1lemvax\">Den nylig solgte leiligheten har et areal p\u00e5 147 kvadratmeter. Den ble solgt til prisantydningen p\u00e5 22,5 millioner. <\/p>\n<p class=\"hyperion-css-1lemvax\">Prisen per kvadratmeter endte p\u00e5 158.451 kroner, langt mindre enn den originale prisantydningen.<\/p>\n<p class=\"hyperion-css-1lemvax\">\u2013 Leiligheten l\u00e5 f\u00f8rst ute for 29,5 millioner, forteller Sissener. <\/p>\n<p class=\"hyperion-css-1lemvax\">De to andre leilighetene ble solgt for \u00e9n million under prisantydningen:<\/p>\n<ul class=\"hyperion-css-pkq1ci\" data-test-tag=\"list\">\n<li class=\"hyperion-css-12h2ush\">Leiligheten p\u00e5 176 kvadrat gikk for 26 millioner, 152.047 per kvadratmeter. <\/li>\n<li class=\"hyperion-css-12h2ush\">Leiligheten p\u00e5 90 kvadrat gikk for 12,7 millioner, 150.000 per kvadratmeter. <\/li>\n<\/ul>\n<p class=\"hyperion-css-1lemvax\">Melkeveien 15 er Sisseners f\u00f8rste og siste boligprosjekt.<\/p>\n<p class=\"hyperion-css-1lemvax\">\u2013 Det blir overhodet ingen boligprosjekter i fremtiden, sier aksjemegleren.<\/p>\n<p><img decoding=\"async\" class=\"image-asset hyperion-css-u06ts1\" data-test-tag=\"image-asset\" src=\"https:\/\/www.europesays.com\/no\/wp-content\/uploads\/2025\/12\/bb39dcdd-74a3-4bd0-940c-64151e5cb2c7\"  alt=\"FERDIG SOM BOLIGINVESTOR: Sissener har lagt fra seg alle ideer om nye boligprosjekter.\"  loading=\"eager\" fetchpriority=\"high\" style=\"aspect-ratio:1600 \/ 1067\"\/>FERDIG SOM BOLIGINVESTOR: Sissener har lagt fra seg alle ideer om nye boligprosjekter. Foto: \u00d8rnlund v\/ Lasse Lerdahl\u2013 Fortjent \u00e5 g\u00e5 for mer<\/p>\n<p class=\"hyperion-css-1lemvax\">Eiendomsmegler Alexander Sandaas mener de har oppn\u00e5dd greie priser i et utfordrende marked.<\/p>\n<p class=\"hyperion-css-1lemvax\">\u2013 Heldige er de som kan glede seg over dette, for et flottere prosjekt skal man lete lenger etter.<\/p>\n<p class=\"hyperion-css-1lemvax\">For \u00e5 f\u00e5 solgt leilighetene har de m\u00e5ttet tilpasse seg et annet marked enn forventet, if\u00f8lge megleren.<\/p>\n<p class=\"hyperion-css-1lemvax\">\u2013 Prosjektet ble priset med utgangspunkt i et marked hvor det var bortimot \u00abgratis\u00bb \u00e5 l\u00e5ne penger, og dynamikken i markedet s\u00e5 helt annerledes ut enn hva vi har opplevd det siste \u00e5ret. <\/p>\n<p class=\"hyperion-css-1lemvax\">\u2013 Det har derfor v\u00e6rt n\u00f8dvendig \u00e5 tilpasse seg dette, for \u00e5 skape aktivitet. Leilighetene i dette prosjektet hadde i utgangspunktet fortjent \u00e5 g\u00e5 til h\u00f8yere priser enn hva som har blitt realiteten, det er det liten tvil om, mener Sandaas.<\/p>\n<p class=\"hyperion-css-1lemvax\">Til tross for at prisforventningene m\u00e5tte endres, er de glade for at prosjektet n\u00e5 er utsolgt. <\/p>\n<p class=\"hyperion-css-1lemvax\">\u2013 Kan du si noe om hvor store tap prosjektet endte med?<\/p>\n<p class=\"hyperion-css-1lemvax\">\u2013 Det m\u00e5 i s\u00e5 fall selger selv svare p\u00e5, men at dette ble et prosjekt som antagelig endte p\u00e5 minussiden er nok ikke noen hemmelighet, sier Sandaas. <\/p>\n<p class=\"hyperion-css-1lemvax\">\u2013 Her har selger bygget med hjertet, ettersom de selv skulle bo i en av leilighetene, og det har ikke v\u00e6rt deres intensjon \u00e5 sitte igjen med noen stor gevinst i dette prosjektet. N\u00e5r det er sagt, hadde de i det minste fortjent \u00e5 ende opp med et nullsumspill, mener megleren.<\/p>\n<p>Skylder p\u00e5 St\u00f8re <\/p>\n<p class=\"hyperion-css-1lemvax\">Luksussegmentet i boligmarkedet g\u00e5r d\u00e5rlig for tiden, opplever Sissener. Det har en klar \u00e5rsak, mener han. <\/p>\n<p class=\"hyperion-css-1lemvax\">\u2013 Jonas har jaget mange av kj\u00f8perne ut av landet, sier han, og sikter da til statsminister Jonas Gahr St\u00f8re.<\/p>\n<p class=\"hyperion-css-1lemvax\">En kombinasjon av at folk har d\u00e5rligere r\u00e5d og fraflyttere som drar utenlands har g\u00e5tt hardt utover boligmarkedet, if\u00f8lge Sissener. <\/p>\n<p class=\"hyperion-css-1lemvax\">\u2013 Det ville uten tvil g\u00e5tt bedre uten en Arbeiderparti-regjering, mener han. <\/p>\n<p><img decoding=\"async\" class=\"image-asset hyperion-css-u06ts1\" data-test-tag=\"image-asset\" src=\"https:\/\/www.europesays.com\/no\/wp-content\/uploads\/2025\/12\/0486e8a5-e73a-48df-8f0b-0917e442a58c\"  alt=\" SKULLE VENTET: Sissener bor selv i byggets st\u00f8rste leilighet.\"  loading=\"eager\" fetchpriority=\"high\" style=\"aspect-ratio:1600 \/ 1067\"\/>SKULLE VENTET: Sissener bor selv i byggets st\u00f8rste leilighet. Foto: \u00d8rnlund v\/ Lasse Lerdahl\u2013 Landets flotteste leiligheter <\/p>\n<p class=\"hyperion-css-1lemvax\">Til tross for at prosjektet endte med et tap, er han selv forn\u00f8yd med leilighetene.<\/p>\n<p class=\"hyperion-css-1lemvax\">\u2013 Jeg skulle kanskje ha ventet med \u00e5 kj\u00f8pe min egen leilighet, s\u00e5 kunne jeg ogs\u00e5 f\u00e5tt den for en mindre kvadratpris.<\/p>\n<p class=\"hyperion-css-1lemvax\">\u2013 Jeg sitter igjen med en f\u00f8lelse av at jeg har f\u00e5tt skapt et av de fineste boligprosjektene i landet. Her har vi fire av landets flotteste leiligheter, mener Sissener. <\/p>\n","protected":false},"excerpt":{"rendered":"Jan Petter Sisseners boligprosjekt endte med store tap. FERDIG SOM BOLIGINVESTOR: Jan P. Sissener fraskriver seg muligheten for&hellip;\n","protected":false},"author":2,"featured_media":111564,"comment_status":"","ping_status":"","sticky":false,"template":"","format":"standard","meta":{"footnotes":""},"categories":[5],"tags":[20,21,24,25,15,19,22,23,17,18,13,30,28,29,14,16,26,27],"class_list":{"0":"post-111563","1":"post","2":"type-post","3":"status-publish","4":"format-standard","5":"has-post-thumbnail","7":"category-overskrifter","8":"tag-breaking-news","9":"tag-breakingnews","10":"tag-featured-news","11":"tag-featurednews","12":"tag-headlines","13":"tag-hovedoppslag","14":"tag-latest-news","15":"tag-latestnews","16":"tag-main-news","17":"tag-mainnews","18":"tag-news","19":"tag-no","20":"tag-norge","21":"tag-norway","22":"tag-nyheter","23":"tag-overskrifter","24":"tag-top-stories","25":"tag-topstories"},"share_on_mastodon":{"url":"https:\/\/pubeurope.com\/@no\/115707784837491748","error":""},"_links":{"self":[{"href":"https:\/\/www.europesays.com\/no\/wp-json\/wp\/v2\/posts\/111563","targetHints":{"allow":["GET"]}}],"collection":[{"href":"https:\/\/www.europesays.com\/no\/wp-json\/wp\/v2\/posts"}],"about":[{"href":"https:\/\/www.europesays.com\/no\/wp-json\/wp\/v2\/types\/post"}],"author":[{"embeddable":true,"href":"https:\/\/www.europesays.com\/no\/wp-json\/wp\/v2\/users\/2"}],"replies":[{"embeddable":true,"href":"https:\/\/www.europesays.com\/no\/wp-json\/wp\/v2\/comments?post=111563"}],"version-history":[{"count":0,"href":"https:\/\/www.europesays.com\/no\/wp-json\/wp\/v2\/posts\/111563\/revisions"}],"wp:featuredmedia":[{"embeddable":true,"href":"https:\/\/www.europesays.com\/no\/wp-json\/wp\/v2\/media\/111564"}],"wp:attachment":[{"href":"https:\/\/www.europesays.com\/no\/wp-json\/wp\/v2\/media?parent=111563"}],"wp:term":[{"taxonomy":"category","embeddable":true,"href":"https:\/\/www.europesays.com\/no\/wp-json\/wp\/v2\/categories?post=111563"},{"taxonomy":"post_tag","embeddable":true,"href":"https:\/\/www.europesays.com\/no\/wp-json\/wp\/v2\/tags?post=111563"}],"curies":[{"name":"wp","href":"https:\/\/api.w.org\/{rel}","templated":true}]}}