{"id":111569,"date":"2025-12-12T17:36:12","date_gmt":"2025-12-12T17:36:12","guid":{"rendered":"https:\/\/www.europesays.com\/no\/111569\/"},"modified":"2025-12-12T17:36:12","modified_gmt":"2025-12-12T17:36:12","slug":"rana-blad-ung-sport-avlyser-juleforestillingen-i-max-arena-grunnet-strombruddet","status":"publish","type":"post","link":"https:\/\/www.europesays.com\/no\/111569\/","title":{"rendered":"Rana Blad Ung, Sport | Avlyser juleforestillingen i Max Arena grunnet str\u00f8mbruddet"},"content":{"rendered":"\n<p>Et str\u00f8mbrudd kommer sjeldent beleilig, og det gjorde heller ikke fredagens str\u00f8mbrudd i Mo i Rana. <\/p>\n<p>Blant de mange som ble skadelidende var Rana turnforening som skulle gjennomf\u00f8re sin tradisjonelle juleforestilling i Max Arena p\u00e5 Gruben fredag ettermiddag.<\/p>\n<p>Dessverre er forestillingen n\u00e5 avlyst. Det opplyser Rana Blads G\u00f8ran O. Pedersen som er til stede for \u00e5 dekke forestillingen. <\/p>\n<p>\u2013 Str\u00f8mmen gikk i bygget n\u00e5r st\u00f8mbruddet fant sted. Vi fikk f\u00f8rst melding om at det ville komme en beskjed til klokken 1730 om hva som skjer. S\u00e5 litt f\u00f8r klokken 1730 fikk vi beskjed om at alle som var til stede m\u00e5tte forlate bygget for da gikk n\u00f8dlyset, opplyser Pedersen. <\/p>\n<p>Det skal ogs\u00e5 v\u00e6re to forestillinger i morgen &#8211; klokken 1300 og klokken 1600.<\/p>\n","protected":false},"excerpt":{"rendered":"Et str\u00f8mbrudd kommer sjeldent beleilig, og det gjorde heller ikke fredagens str\u00f8mbrudd i Mo i Rana. Blant de&hellip;\n","protected":false},"author":2,"featured_media":5826,"comment_status":"","ping_status":"","sticky":false,"template":"","format":"standard","meta":{"footnotes":""},"categories":[10],"tags":[36,20,21,24,25,15,22,23,13,30,28,29,14,16,1360,1079,83,1510,26,27],"class_list":{"0":"post-111569","1":"post","2":"type-post","3":"status-publish","4":"format-standard","5":"has-post-thumbnail","7":"category-norge","8":"tag-art","9":"tag-breaking-news","10":"tag-breakingnews","11":"tag-featured-news","12":"tag-featurednews","13":"tag-headlines","14":"tag-latest-news","15":"tag-latestnews","16":"tag-news","17":"tag-no","18":"tag-norge","19":"tag-norway","20":"tag-nyheter","21":"tag-overskrifter","22":"tag-rana","23":"tag-rana-blad-ung","24":"tag-sport","25":"tag-story","26":"tag-top-stories","27":"tag-topstories"},"share_on_mastodon":{"url":"","error":""},"_links":{"self":[{"href":"https:\/\/www.europesays.com\/no\/wp-json\/wp\/v2\/posts\/111569","targetHints":{"allow":["GET"]}}],"collection":[{"href":"https:\/\/www.europesays.com\/no\/wp-json\/wp\/v2\/posts"}],"about":[{"href":"https:\/\/www.europesays.com\/no\/wp-json\/wp\/v2\/types\/post"}],"author":[{"embeddable":true,"href":"https:\/\/www.europesays.com\/no\/wp-json\/wp\/v2\/users\/2"}],"replies":[{"embeddable":true,"href":"https:\/\/www.europesays.com\/no\/wp-json\/wp\/v2\/comments?post=111569"}],"version-history":[{"count":0,"href":"https:\/\/www.europesays.com\/no\/wp-json\/wp\/v2\/posts\/111569\/revisions"}],"wp:featuredmedia":[{"embeddable":true,"href":"https:\/\/www.europesays.com\/no\/wp-json\/wp\/v2\/media\/5826"}],"wp:attachment":[{"href":"https:\/\/www.europesays.com\/no\/wp-json\/wp\/v2\/media?parent=111569"}],"wp:term":[{"taxonomy":"category","embeddable":true,"href":"https:\/\/www.europesays.com\/no\/wp-json\/wp\/v2\/categories?post=111569"},{"taxonomy":"post_tag","embeddable":true,"href":"https:\/\/www.europesays.com\/no\/wp-json\/wp\/v2\/tags?post=111569"}],"curies":[{"name":"wp","href":"https:\/\/api.w.org\/{rel}","templated":true}]}}