{"id":111576,"date":"2025-12-12T17:45:09","date_gmt":"2025-12-12T17:45:09","guid":{"rendered":"https:\/\/www.europesays.com\/no\/111576\/"},"modified":"2025-12-12T17:45:09","modified_gmt":"2025-12-12T17:45:09","slug":"helse-sykehus-planlegger-massive-lonnskutt-sterke-reaksjoner-pa-hmrs-2026-budsjett-tidens-krav","status":"publish","type":"post","link":"https:\/\/www.europesays.com\/no\/111576\/","title":{"rendered":"Helse, Sykehus | Planlegger massive l\u00f8nnskutt. Sterke reaksjoner p\u00e5 HMRs 2026-budsjett &#8211; Tidens Krav"},"content":{"rendered":"<ol>\n<li><a href=\"https:\/\/news.google.com\/rss\/articles\/CBMiowFBVV95cUxPU1ItTHlMUm45bnNHRDlUcUNSZnozdGlBX2F1eFFsTDFHS1UwUEdkb0x1dUtJSWNVa2ZBVTc4RUliZzFCVU5ncU5QNUJKRnlxcWk0anlseXlTWDlkNmNHaVMxLUJfdEhxZTZseWpVS0F5ZFRySUw5emI4Y29ZSXRwTEl6RFZ3OXJ4emRjZERJbzNaRWNVSnVvTmltOFNyWWlJWVA0?oc=5\" target=\"_blank\" rel=\"nofollow noopener\">Helse, Sykehus | Planlegger massive l\u00f8nnskutt. Sterke reaksjoner p\u00e5 HMRs 2026-budsjett<\/a>&nbsp;&nbsp;Tidens Krav<\/li>\n<li><a href=\"https:\/\/news.google.com\/rss\/articles\/CBMiggFBVV95cUxPTXU4bFc3UXUtbTlGTk82a2EzdFhmR0xlb1dQem5fOTZzQWtkbldSZ2MxN01yX25QREVucmk0MklOU2tZMnl1dmVXZ2ZWTXA5UlBSTmhUYWw2SDhGa1NGS2U5ZmZQZ0pwZUx4ODhBV01RaE9TTW9fRHVsOGVqZDNNenF3?oc=5\" target=\"_blank\" rel=\"nofollow noopener\">M\u00e5 kutte flere hundre millioner<\/a>&nbsp;&nbsp;rbnett.no<\/li>\n<li><a href=\"https:\/\/news.google.com\/rss\/articles\/CBMid0FVX3lxTFBYNGlfeGJPWjFPWmZiV2Z3RnpaWUZuUzk2bXlsTTkxMFhWMlBXMlRlLXY3ek9mNE9Bd0sybEFscHBaS2dndC01RXh0NTF6dVduYzB0NlNlOWoyYnNabHBOSGdsMXpxc3lWWjlOczRaTjY5YjBhTFlF?oc=5\" target=\"_blank\" rel=\"nofollow noopener\">(+) Nye r\u00f8de tall \u2013 220 millioner verre enn planlagt<\/a>&nbsp;&nbsp;smp.no<\/li>\n<li><a href=\"https:\/\/news.google.com\/rss\/articles\/CBMickFVX3lxTE5FU08xTTQtbk8yVDJ1VURIU0N6LVVTUW9SQUNVekFxOGFhbFZkby1tZ2FmUXpwa0ZfZ2lGdmlXUGdqaVdXWUVPNWFQYjVGeEFpZDhIdDBqOW1xOGp5THFqSW1zOUcxWE9kRUYtRWFqM2tjZw?oc=5\" target=\"_blank\" rel=\"nofollow noopener\">Fortsatt minus i helseforetaket<\/a>&nbsp;&nbsp;NRK<\/li>\n<li><a href=\"https:\/\/news.google.com\/rss\/articles\/CBMipgFBVV95cUxOU25fbTczc1BfMVhQTDNKSThHZl9ORUtaSjIzOVp0SDQ5TE1tUFBzMUhPbENyQWx6VFJCMnBCR3RrWk95OEU2VGpCMTd3dEF4dlF3M3p4eUdGQWFpeGpNZTdxSm9QSEtZd180WkJyMHRLNGtPUmNNSHRhS3dnUUs1ZTdDSWhGcHRUcTBvSXZWSTNVNldaY25uUElkSFdsd2diQWpkTHRB?oc=5\" target=\"_blank\" rel=\"nofollow noopener\">(+) Vil ikke at helsa i nord skal styres fra s\u00f8r<\/a>&nbsp;&nbsp;folkebladet.no<\/li>\n<\/ol>\n","protected":false},"excerpt":{"rendered":"Helse, Sykehus | Planlegger massive l\u00f8nnskutt. Sterke reaksjoner p\u00e5 HMRs 2026-budsjett&nbsp;&nbsp;Tidens Krav M\u00e5 kutte flere hundre millioner&nbsp;&nbsp;rbnett.no (+)&hellip;\n","protected":false},"author":2,"featured_media":111577,"comment_status":"","ping_status":"","sticky":false,"template":"","format":"standard","meta":{"footnotes":""},"categories":[10],"tags":[20,21,24,25,15,22,23,13,30,28,29,14,16,26,27],"class_list":{"0":"post-111576","1":"post","2":"type-post","3":"status-publish","4":"format-standard","5":"has-post-thumbnail","7":"category-norge","8":"tag-breaking-news","9":"tag-breakingnews","10":"tag-featured-news","11":"tag-featurednews","12":"tag-headlines","13":"tag-latest-news","14":"tag-latestnews","15":"tag-news","16":"tag-no","17":"tag-norge","18":"tag-norway","19":"tag-nyheter","20":"tag-overskrifter","21":"tag-top-stories","22":"tag-topstories"},"share_on_mastodon":{"url":"https:\/\/pubeurope.com\/@no\/115707846782787012","error":""},"_links":{"self":[{"href":"https:\/\/www.europesays.com\/no\/wp-json\/wp\/v2\/posts\/111576","targetHints":{"allow":["GET"]}}],"collection":[{"href":"https:\/\/www.europesays.com\/no\/wp-json\/wp\/v2\/posts"}],"about":[{"href":"https:\/\/www.europesays.com\/no\/wp-json\/wp\/v2\/types\/post"}],"author":[{"embeddable":true,"href":"https:\/\/www.europesays.com\/no\/wp-json\/wp\/v2\/users\/2"}],"replies":[{"embeddable":true,"href":"https:\/\/www.europesays.com\/no\/wp-json\/wp\/v2\/comments?post=111576"}],"version-history":[{"count":0,"href":"https:\/\/www.europesays.com\/no\/wp-json\/wp\/v2\/posts\/111576\/revisions"}],"wp:featuredmedia":[{"embeddable":true,"href":"https:\/\/www.europesays.com\/no\/wp-json\/wp\/v2\/media\/111577"}],"wp:attachment":[{"href":"https:\/\/www.europesays.com\/no\/wp-json\/wp\/v2\/media?parent=111576"}],"wp:term":[{"taxonomy":"category","embeddable":true,"href":"https:\/\/www.europesays.com\/no\/wp-json\/wp\/v2\/categories?post=111576"},{"taxonomy":"post_tag","embeddable":true,"href":"https:\/\/www.europesays.com\/no\/wp-json\/wp\/v2\/tags?post=111576"}],"curies":[{"name":"wp","href":"https:\/\/api.w.org\/{rel}","templated":true}]}}