{"id":111578,"date":"2025-12-12T17:46:12","date_gmt":"2025-12-12T17:46:12","guid":{"rendered":"https:\/\/www.europesays.com\/no\/111578\/"},"modified":"2025-12-12T17:46:12","modified_gmt":"2025-12-12T17:46:12","slug":"fikk-svenskebank-i-davos","status":"publish","type":"post","link":"https:\/\/www.europesays.com\/no\/111578\/","title":{"rendered":"Fikk svenskebank i Davos"},"content":{"rendered":"<p>Norge stilte med to lag i lagsprinten i Davos \u2013 og begge endte p\u00e5 pallen.<\/p>\n<p>Men ingen klarte \u00e5 matche Sverige 1, som tok en solid og kontrollert seier.<\/p>\n<p>Jonna Sundling og Maja Dahlqvist gikk tiln\u00e6rmet feilfritt og skaffet seg tidlig en luke som aldri ble truet. Petter Soleng Skinstad mener l\u00f8pet bekreftet hvorfor duoen dominerer denne \u00f8velsen.<\/p>\n<p>\u2013 Jonna Sundling og Maja Dahlqvist er n\u00e6rmest usl\u00e5elige p\u00e5 teamsprint, og i dag viste de hvorfor! applauderer TV 2s langrennsekspert Petter Soleng Skinstad.<\/p>\n<p>        <img class=\"image__img lazyload\" itemprop=\"image\" title=\"Foto: Maxim Thore \/ BILDBYR\u00c5N\" alt=\"PALL: Sverige tok skalpen p\u00e5 Norge i Davos. Foto: Maxim Thore \/ BILDBYR\u00c5N\" width=\"978\" height=\"551\" bad-src=\"https:\/\/www.europesays.com\/no\/wp-content\/uploads\/2025\/12\/18380757.webp\" fetchpriority=\"auto\" \/><\/p>\n<p>      PALL: Sverige tok skalpen p\u00e5 Norge i Davos.<br \/>\n         Foto: Maxim Thore \/ BILDBYR\u00c5N<\/p>\n<p>Norge 1 sl\u00e5tt av Norge 2<\/p>\n<p>P\u00e5 Norge 1 gikk Kristin Austgulen Fosn\u00e6s og Kristine Stav\u00e5s Skistad. Men i avslutningen ble de satt p\u00e5 plass \u2013 ikke av svenskene, men av sitt eget andrelag.<\/p>\n<p>Stav\u00e5s Skistad erkjenner at hun ikke hadde mer \u00e5 gi p\u00e5 oppl\u00f8pet.<\/p>\n<p>\u2013 Jeg la meg bak og planen var \u00e5 ta hun p\u00e5 slutten. Men hun kj\u00f8rte s\u00e5 hardt at jeg ble s\u00e5 stiv at jeg s\u00e5 vidt klarte \u00e5 st\u00e5 p\u00e5 beina, sier hun til Viaplay.<\/p>\n<p>Hun peker b\u00e5de p\u00e5 h\u00f8yden og Myhrvolds sterke l\u00f8p.<\/p>\n<p>\u2013 Det er nok litt h\u00f8yden, men Mathilde gikk ogs\u00e5 veldig bra. S\u00e5 jeg er imponert over henne, fortsetter hun.<\/p>\n<p>Myhrvold imponerte<\/p>\n<p>Norge 2, med Astrid \u00d8yre Slind og Mathilde Myhrvold, leverte et imponerende l\u00f8p helt inn. Myhrvold dro hardt gjennom siste etappe og parkerte b\u00e5de Skistad og Rydzek p\u00e5 oppl\u00f8pet, og sikret en sterk andreplass \u2013 litt over tre sekunder bak de svenske vinnerne.<\/p>\n<p>Skinstad mener Myhrvold leverte noe av det r\u00e5este i hele finalen.<\/p>\n<p>\u2013 For noen etapper, og ikke minst for en spurt, av Mathilde Myhrvold. Myhrvold drar p\u00e5 feltet gjennom hele den siste etappen og sl\u00e5r b\u00e5de Skistad og Rydzek, to av feltets raskeste, p\u00e5 oppl\u00f8pet. Det er rett og slett veldig imponerende, roser skieksperten.<\/p>\n<p>Reiser OL-sp\u00f8rsm\u00e5l<\/p>\n<p>Samtidig mener eksperten at l\u00f8pet etterlater sp\u00f8rsm\u00e5l rundt hvem som b\u00f8r g\u00e5 lagsprinten i vinter-OL.<\/p>\n<p>Skinstad mener prestasjonen til f\u00f8rstelaget \u2013 og Skistads gjennomf\u00f8ring \u2013 gir grunn til \u00e5 vurdere alternativer.<\/p>\n<p>\u2013 Etter dagens teamsprint, og ikke minst det vi fikk se under teamsprinten i VM i Gran\u00e5sen, er jeg faktisk usikker p\u00e5 om Kristine Stav\u00e5s Skistad i det hele tatt b\u00f8r g\u00e5 teamsprinten i OL, sier han.<\/p>\n<p>Han understreker at Skistad fortsatt er en av verdens aller beste sprintere, men at lagsprinten stiller helt andre krav.<\/p>\n<p>\u2013 Hun er en av verdens beste sprintere, men teamsprint er ingen sprint. Da blir det mange drag og korte pauser, og det passer ikke Skistad like godt. L\u00f8ypene i Val di Fiemme er ogs\u00e5 t\u00f8ffe, s\u00e5 jeg har mer tro p\u00e5 et lag best\u00e5ende av raske l\u00f8pere som ogs\u00e5 har god utholdenhet, konkluderer han.<\/p>\n","protected":false},"excerpt":{"rendered":"Norge stilte med to lag i lagsprinten i Davos \u2013 og begge endte p\u00e5 pallen. Men ingen klarte&hellip;\n","protected":false},"author":2,"featured_media":111579,"comment_status":"","ping_status":"","sticky":false,"template":"","format":"standard","meta":{"footnotes":""},"categories":[5],"tags":[20,21,24,25,15,19,22,23,17,18,13,30,28,29,14,16,26,27],"class_list":{"0":"post-111578","1":"post","2":"type-post","3":"status-publish","4":"format-standard","5":"has-post-thumbnail","7":"category-overskrifter","8":"tag-breaking-news","9":"tag-breakingnews","10":"tag-featured-news","11":"tag-featurednews","12":"tag-headlines","13":"tag-hovedoppslag","14":"tag-latest-news","15":"tag-latestnews","16":"tag-main-news","17":"tag-mainnews","18":"tag-news","19":"tag-no","20":"tag-norge","21":"tag-norway","22":"tag-nyheter","23":"tag-overskrifter","24":"tag-top-stories","25":"tag-topstories"},"share_on_mastodon":{"url":"https:\/\/pubeurope.com\/@no\/115707850480996049","error":""},"_links":{"self":[{"href":"https:\/\/www.europesays.com\/no\/wp-json\/wp\/v2\/posts\/111578","targetHints":{"allow":["GET"]}}],"collection":[{"href":"https:\/\/www.europesays.com\/no\/wp-json\/wp\/v2\/posts"}],"about":[{"href":"https:\/\/www.europesays.com\/no\/wp-json\/wp\/v2\/types\/post"}],"author":[{"embeddable":true,"href":"https:\/\/www.europesays.com\/no\/wp-json\/wp\/v2\/users\/2"}],"replies":[{"embeddable":true,"href":"https:\/\/www.europesays.com\/no\/wp-json\/wp\/v2\/comments?post=111578"}],"version-history":[{"count":0,"href":"https:\/\/www.europesays.com\/no\/wp-json\/wp\/v2\/posts\/111578\/revisions"}],"wp:featuredmedia":[{"embeddable":true,"href":"https:\/\/www.europesays.com\/no\/wp-json\/wp\/v2\/media\/111579"}],"wp:attachment":[{"href":"https:\/\/www.europesays.com\/no\/wp-json\/wp\/v2\/media?parent=111578"}],"wp:term":[{"taxonomy":"category","embeddable":true,"href":"https:\/\/www.europesays.com\/no\/wp-json\/wp\/v2\/categories?post=111578"},{"taxonomy":"post_tag","embeddable":true,"href":"https:\/\/www.europesays.com\/no\/wp-json\/wp\/v2\/tags?post=111578"}],"curies":[{"name":"wp","href":"https:\/\/api.w.org\/{rel}","templated":true}]}}