{"id":111580,"date":"2025-12-12T17:52:09","date_gmt":"2025-12-12T17:52:09","guid":{"rendered":"https:\/\/www.europesays.com\/no\/111580\/"},"modified":"2025-12-12T17:52:09","modified_gmt":"2025-12-12T17:52:09","slug":"verdens-forste-offisielle-klimaflyktninger-har-landet-nrk-klima","status":"publish","type":"post","link":"https:\/\/www.europesays.com\/no\/111580\/","title":{"rendered":"Verdens f\u00f8rste offisielle klima\u00adflyktninger har landet \u2013 NRK \u2013 Klima"},"content":{"rendered":"<p><strong>Selv om mange tidligere har flyktet fra t\u00f8rke, flom og andre klimaendringene, er tuvalerne de f\u00f8rste som offisielt er registrert som klimaflyktninger<\/strong>.<\/p>\n<p>Blant de som kom til Australia var Kitai Haulapi. Hun er Tuvalus f\u00f8rste kvinnelige gaffeltrucksj\u00e5f\u00f8r.<\/p>\n<p>Nygifte Haulapi planlegger \u00e5 flytte til Melbourne, Australias nest st\u00f8rste by.<\/p>\n<p><strong>\u2013 Jeg h\u00e5per \u00e5 f\u00e5 meg jobb i Australia og \u00e5 kunne fortsette \u00e5 bidra til Tuvalu ved \u00e5 sende penger hjem til familien, sier hun i en video if\u00f8lge <a href=\"https:\/\/www.independent.co.uk\/climate-change\/news\/tuvalu-climate-migration-australia-b2882532.html\" ec-id=\"https:\/\/www.independent.co.uk\/climate-change\/news\/tuvalu-climate-migration-australia-b2882532.html\" ec-name=\"The Independent\" rel=\"nofollow noopener\" target=\"_blank\">The Independent<\/a>. <\/strong><\/p>\n<p>Tannlegen Masina Matolu planlegger \u00e5 flytte til Darwin, nord i Australia, med sine tre barn.<\/p>\n<p>Hun h\u00e5per \u00e5 kunne bruke sine kunnskaper til \u00e5 hjelpe den australske urbefolkningen.<\/p>\n<p><img decoding=\"async\"   src=\"data:image\/gif;base64,R0lGODlhAQABAIAAAAAAAP\/\/\/yH5BAEAAAAALAAAAAABAAEAAAIBRAA7\" loading=\"eager\" alt=\"Tuvalus utenriksminister Simon Kofe holdt sin tale til klimatoppm\u00f8tet i Glasgow st\u00e5ende til knes i havet, kledd i dress og med talerstolen i vannet.\" title=\"Foto: Tuvalu Foreign Ministry \/ Reuters\"\/><\/p>\n<p class=\"\">Under klimatoppm\u00f8tet i Glasgow i 2021 holdt Tuvalus utenriksminister Simon Kofe holdt sin tale st\u00e5ende til knes i havet, kledd i dress og med talerstolen i vannet.<\/p>\n<p>Foto: Tuvalu Foreign Ministry \/ Reuters<\/p>\n<p>Mest utsatte land<\/p>\n<p>\u00d8ystaten Tuvalu i Stillehavet er blant landene i verden som er mest utsatt for klimaendringer.<\/p>\n<p>Landet best\u00e5r av ni atoller spredt over et havomr\u00e5de p\u00e5 rundt 1,3 millioner kvadratkilometer.<\/p>\n<p><strong>Alle \u00f8yene ligger er sv\u00e6rt lavtliggende. I gjennomsnitt er de to meter over havet, med det h\u00f8yeste punktet p\u00e5 under 5 meter.<\/strong><\/p>\n<p>90 prosent kan bli under havet<\/p>\n<p>Tuvalu er dermed ekstremt utsatt for havstigning, skriver Reuters.<\/p>\n<p>Forskere fra Nasa ansl\u00e5r at i 2050 vil det daglige tidevannet sette halvparten av \u00f8ya Funafuti under vann.<\/p>\n<p>Funafuti er hjem for rundt 60 prosent av Tuvalus rundt 11.000 innbyggere.<\/p>\n<p><strong>Anslaget fra Nasa er basert p\u00e5 en havstigning p\u00e5 en meter. I det verste scenarioet til Nasa \u2013 med en havstigning p\u00e5 to meter \u2013 vil 90 prosent av Funafuti st\u00e5 under vann.<\/strong><\/p>\n<p><img decoding=\"async\"   src=\"data:image\/gif;base64,R0lGODlhAQABAIAAAAAAAP\/\/\/yH5BAEAAAAALAAAAAABAAEAAAIBRAA7\" loading=\"eager\" alt=\"En mann if\u00f8rt en dress med skjorte og slips g\u00e5r gjennom en bygate. Han har p\u00e5 seg en spesiell smykkegenstand rundt halsen. I bakgrunnen er det uskarpe bilder av biler og personer, samt politifolk. Omgivelsene indikerer en urban setting. (Bildebeskrivelsen er laget av en KI-tjeneste)\" title=\"Foto: Ann Wang \/ Reuters \/ NTB\"\/><\/p>\n<p class=\"\">Tuvalu statsminister Feleti Teo frykter hjerneflukt fra \u00f8ystaten.<\/p>\n<p>Foto: Ann Wang \/ Reuters \/ NTB<\/p>\n<p>Inngikk avtale<\/p>\n<p>For to \u00e5r siden inngikk Australia og Tuvalu en avtale om at \u00f8ynasjonens innbyggere kunne s\u00f8ke status som klimaflyktninger i Australia.<\/p>\n<p>Hvert \u00e5r skal Australia ta imot 280 migranter fra Tuvalu.<\/p>\n<p>Tidligere i h\u00f8st ble det klart at 8750 tuvalere <a href=\"https:\/\/www.nrk.no\/nyheter\/8-av-10-innbyggere-i-tuvalu-har-sokt-om-a-bli-klimaflyktning-i-australia-1.17502109\" ec-id=\"pp:article:1.17502109\" ec-name=\"hadde s\u00f8kt om klimaflyktningsvisum\" rel=\"nofollow noopener\" target=\"_blank\">hadde s\u00f8kt om klimaflyktningsvisum<\/a>. Det tilsvarer 82 prosent av Tuvalus befolkning.<\/p>\n<p>Hvem som skal f\u00e5 dra blir trukket ut ved loddtrekning.<\/p>\n<p><img decoding=\"async\"   src=\"data:image\/gif;base64,R0lGODlhAQABAIAAAAAAAP\/\/\/yH5BAEAAAAALAAAAAABAAEAAAIBRAA7\" loading=\"eager\" alt=\"En person som sitter under et tre (Bildebeskrivelsen er laget av en KI-tjeneste)\" title=\"Foto: AFP\"\/><\/p>\n<p class=\"\">Tekaai Sio og datteren Sio ser tidevannet sl\u00e5 inn over Funafuti. Tilsynelatende en idyll, men fremtiden er truende.<\/p>\n<p>Foto: AFP<\/p>\n<p>F\u00f8rste klimaflyktninger<\/p>\n<p>De 27 tuvalerne som kom til Australia torsdag er verdens f\u00f8rste offisielle klimaflyktninger, skriver Reuters.<\/p>\n<p>Australias utenriksminister Penny Wong sier at tuvalerne vil bidra til det australske samfunnet.<\/p>\n<p>Hun sier at ordningen gir \u00abmobilitet med verdighet ved \u00e5 gi tuvalere muligheten til \u00e5 leve, studere og arbeide i Australia mens klimaendringene blir verre\u00bb.<\/p>\n<p><img decoding=\"async\"   src=\"data:image\/gif;base64,R0lGODlhAQABAIAAAAAAAP\/\/\/yH5BAEAAAAALAAAAAABAAEAAAIBRAA7\" loading=\"eager\" alt=\"En person i gul skjorte fyller flere hvite b\u00f8tter med vann fra en kran. Bakgrunnen viser en vanntank og bygninger. Omgivelsene er \u00e5pne, med vegetasjon i omr\u00e5det. En annen person st\u00e5r i bakgrunnen n\u00e6r bygningene. (Bildebeskrivelsen er laget av en KI-tjeneste)\" title=\"Foto: Alastair Grant \/ AP \/ NTB\"\/><\/p>\n<p class=\"\">Det er nesten ikke ferskvann p\u00e5 Funafuti. Her henter en av innbyggerne sin rasjon vann fra et anlegg som gj\u00f8r om saltvann.<\/p>\n<p>Foto: Alastair Grant \/ AP \/ NTB<\/p>\n<p>Nasjon uten land<\/p>\n<p>Ordningen som lar tuvalerne komme til Australia er en del av en st\u00f8rre avtale mellom landene fra 2023, kjent som <a href=\"https:\/\/www.dfat.gov.au\/geo\/tuvalu\/australia-tuvalu-falepili-union\" ec-id=\"https:\/\/www.dfat.gov.au\/geo\/tuvalu\/australia-tuvalu-falepili-union\" ec-name=\"Falepili Union\" rel=\"nofollow noopener\" target=\"_blank\">Falepili Union<\/a>.<\/p>\n<p>I avtalen anerkjenner Australia at Tuvalus status som nasjon vil fortsette \u00e5 eksistere, selv om \u00f8yene skulle forsvinne i havet.<\/p>\n<p><strong><a href=\"https:\/\/www.economist.com\/the-world-ahead\/2025\/11\/12\/the-worlds-first-climate-refugees-will-arrive-in-australia-in-2026\" ec-id=\"https:\/\/www.economist.com\/the-world-ahead\/2025\/11\/12\/the-worlds-first-climate-refugees-will-arrive-in-australia-in-2026\" ec-name=\"The Economist\" rel=\"nofollow noopener\" target=\"_blank\">The Economist<\/a> skriver at dette \u00e5pner for en ny definisjon av en nasjons suverenitet. Tuvalu kan bli verdens f\u00f8rste \u00abnasjon uten land\u00bb.<\/strong><\/p>\n<p>Dermed kan tuvalerne opprettholde fiskerettigheter selv om alle innbyggerne har flyktet til Australia.<\/p>\n<p>    CO\u2082 i atmosf\u00e6ren<br \/>\n      m\u00e5lt i deler per million partikler (ppm)460deler per million partikler (ppm)?Trykk for forklaring av deler per million, forkortet ppm<a class=\"klimastatus-link-2rXk0X svelte-bswcvn\" href=\"https:\/\/www.nrk.no\/klima\/status\" rel=\"nofollow noopener\" target=\"_blank\">G\u00e5 til NRKs Klimastatus<br \/>\n      <\/a>Hvorfor er grafen s\u00e5 b\u00f8lgete?<\/p>\n<p>Dette handler om \u00e5rstider. Om sommeren g\u00e5r mengden CO\u2082 ned fordi planter og tr\u00e6r tar opp CO\u2082 fra lufta. Om vinteren d\u00f8r plantene, CO\u2082-en slipper ut og grafen g\u00e5r opp. Siden det er mer planter og tr\u00e6r p\u00e5 den nordlige halvkule er det \u00e5rstidene her som styrer mengden CO\u2082 i atmosf\u00e6ren.<\/p>\n<p>Hva er problemet med mye CO\u2082 i atmosf\u00e6ren?<\/p>\n<p>Drivhuseffekten gj\u00f8r jorden levelig, men mer drivhusgasser, som CO\u2082, \u00f8ker denne effekten og gj\u00f8r jorden varmere. Grafen starter i 1960 fordi dette var \u00e5ret da verden begynte \u00e5 m\u00e5le CO\u2082 systematisk. Det skjedde p\u00e5 Mauna Loa p\u00e5 Hawaii og kurven viser m\u00e5lingene derfra. F\u00f8r verden ble industrialisert var det rundt 280 ppm CO\u2082 i atmosf\u00e6ren (\u00e5r 1700). Det har forskerne funnet ut ved \u00e5 analysere iskjernepr\u00f8ver.<\/p>\n<p>Blir det mindre CO\u2082 i atmosf\u00e6ren om utslipp kuttes?<\/p>\n<p>Nei, ikke umiddelbart. Dersom vi kutter utslipp, vil mengden CO\u2082 i atmosf\u00e6ren bare \u00f8ke langsommere. Nedgangen i utslipp m\u00e5 v\u00e6re stor og vare lenge f\u00f8r vi kan se effekt. <\/p>\n<p>Tenk deg at atmosf\u00e6ren er et badekar og klimagassene er vannet du fyller i. Selv om du skrur igjen kranen blir ikke badekaret tomt for vann. Slik er det med klimagasser og CO\u2082. Det tar lang tid f\u00f8r CO\u2082 brytes ned i atmosf\u00e6ren. Dette er grunnen til at ekspertene \u00f8nsker teknologi som suger ut drivhusgasser fra atmosf\u00e6ren, i tillegg til at vi kutter utslippene.<\/p>\n<p>Verdens politikere har bestemt at de vil pr\u00f8ve \u00e5 begrense oppvarmingen av verden til 1,5 grader, sammenlignet med slik temperaturen var f\u00f8r den industrielle revolusjon. Da m\u00e5 vi holde mengden CO\u2082 i atmosf\u00e6ren p\u00e5 under 430 ppm, if\u00f8lge FN sitt klimapanel.<\/p>\n<p>Publisert<\/p>\n<p>12.12.2025, kl. 18.12<\/p>\n","protected":false},"excerpt":{"rendered":"Selv om mange tidligere har flyktet fra t\u00f8rke, flom og andre klimaendringene, er tuvalerne de f\u00f8rste som offisielt&hellip;\n","protected":false},"author":2,"featured_media":111581,"comment_status":"","ping_status":"","sticky":false,"template":"","format":"standard","meta":{"footnotes":""},"categories":[12],"tags":[20,21,24,25,15,22,23,13,30,28,29,14,16,26,27,42,43,44,45],"class_list":{"0":"post-111580","1":"post","2":"type-post","3":"status-publish","4":"format-standard","5":"has-post-thumbnail","7":"category-verden","8":"tag-breaking-news","9":"tag-breakingnews","10":"tag-featured-news","11":"tag-featurednews","12":"tag-headlines","13":"tag-latest-news","14":"tag-latestnews","15":"tag-news","16":"tag-no","17":"tag-norge","18":"tag-norway","19":"tag-nyheter","20":"tag-overskrifter","21":"tag-top-stories","22":"tag-topstories","23":"tag-verden","24":"tag-world","25":"tag-world-news","26":"tag-worldnews"},"share_on_mastodon":{"url":"https:\/\/pubeurope.com\/@no\/115707874179807381","error":""},"_links":{"self":[{"href":"https:\/\/www.europesays.com\/no\/wp-json\/wp\/v2\/posts\/111580","targetHints":{"allow":["GET"]}}],"collection":[{"href":"https:\/\/www.europesays.com\/no\/wp-json\/wp\/v2\/posts"}],"about":[{"href":"https:\/\/www.europesays.com\/no\/wp-json\/wp\/v2\/types\/post"}],"author":[{"embeddable":true,"href":"https:\/\/www.europesays.com\/no\/wp-json\/wp\/v2\/users\/2"}],"replies":[{"embeddable":true,"href":"https:\/\/www.europesays.com\/no\/wp-json\/wp\/v2\/comments?post=111580"}],"version-history":[{"count":0,"href":"https:\/\/www.europesays.com\/no\/wp-json\/wp\/v2\/posts\/111580\/revisions"}],"wp:featuredmedia":[{"embeddable":true,"href":"https:\/\/www.europesays.com\/no\/wp-json\/wp\/v2\/media\/111581"}],"wp:attachment":[{"href":"https:\/\/www.europesays.com\/no\/wp-json\/wp\/v2\/media?parent=111580"}],"wp:term":[{"taxonomy":"category","embeddable":true,"href":"https:\/\/www.europesays.com\/no\/wp-json\/wp\/v2\/categories?post=111580"},{"taxonomy":"post_tag","embeddable":true,"href":"https:\/\/www.europesays.com\/no\/wp-json\/wp\/v2\/tags?post=111580"}],"curies":[{"name":"wp","href":"https:\/\/api.w.org\/{rel}","templated":true}]}}