{"id":111582,"date":"2025-12-12T17:53:41","date_gmt":"2025-12-12T17:53:41","guid":{"rendered":"https:\/\/www.europesays.com\/no\/111582\/"},"modified":"2025-12-12T17:53:41","modified_gmt":"2025-12-12T17:53:41","slug":"2-bataljon-i-haeren-skifter-navn-til-narvik-bataljon","status":"publish","type":"post","link":"https:\/\/www.europesays.com\/no\/111582\/","title":{"rendered":"2. bataljon i H\u00e6ren skifter navn til Narvik bataljon"},"content":{"rendered":"<p class=\"kicker t15 font-weight-bold m-font-weight-bold color_mobile_no_bg_color quaternary color_mobile_quaternary font-Trim text-case-transform-upper mobile-hasTextPadding\" style=\"\">Nyheter<\/p>\n<p>    \u2013 Dette er en del av et st\u00f8rre arbeid med \u00e5 l\u00f8fte fram v\u00e5r snart 400 \u00e5r lange historie i H\u00e6ren, sier sjef for H\u00e6ren Lars Lervik om det nye navnet.\u00a0<\/p>\n<p>\n        NYTT NAVN: 2. bataljon, n\u00e5 Narvik bataljon krysser en elv under \u00f8velse Joint Viking 2025.<br \/>\n        Foto: Synne Nilsson, Forsvaret\n    <\/p>\n<p>Fredag fikk 2. bataljon i Brigade nord i H\u00e6ren nytt navn. N\u00e5 er navnet Narvik bataljon.<\/p>\n<p>Det skjedde under en seremoni i Skjold leir.<\/p>\n<p>\u2013 Dette er en del av et st\u00f8rre arbeid med \u00e5 l\u00f8fte frem v\u00e5r snart 400 \u00e5r lange historie i H\u00e6ren, som aktivt bidrar til \u00e5 styrke b\u00e5de avdelingsstolthet og kampkraft, i dag og i \u00e5rene som kommer, sier sjef for H\u00e6ren, Lars Lervik i en pressemelding.<\/p>\n<p><a href=\"https:\/\/www.nrk.no\/tromsogfinnmark\/2.-bataljon-har-skiftet-navn-til-narvik-bataljon_-_-tar-vare-pa-den-historiske-arven-1.17689834\" rel=\"nofollow noopener\" target=\"_blank\">NRK<\/a> omtalte navnebyttet f\u00f8rst.<\/p>\n<p>Det nye navnet har ikke noe med geografi \u00e5 gj\u00f8re \u2013 bataljonens base p\u00e5 Skjold leir er 13 mil unna Narvik.<\/p>\n<p>Narvik Bataljon er oppkalt etter slaget om Narvik i 2. verdenskrig. Det nye navnet har en historie helt tilbake til Tysklandsbrigaden, og skal hylle innsatsen i Narvik i 1940.<\/p>\n<p>\u2013 Navneendringen styrker b\u00e5ndet til v\u00e5rt opphav og vi b\u00e6rer historien med stolthet inn i framtida, sier bataljonssjef Erlend Floer Johnsen i en pressemelding.<\/p>\n<p>                <img decoding=\"async\" src=\"https:\/\/www.europesays.com\/no\/wp-content\/uploads\/2025\/12\/472767.webp\" width=\"480\" height=\"274\" title=\"SEREMONI: Her blir navnebyttet markert p\u00e5 Skjold.\" alt=\"\" loading=\"lazy\" style=\"\"\/><\/p>\n<p>\n            SEREMONI: Her blir navnebyttet markert p\u00e5 Skjold.<br \/>\n            Foto: Sondre Mosdal, H\u00e6ren\n        <\/p>\n","protected":false},"excerpt":{"rendered":"Nyheter \u2013 Dette er en del av et st\u00f8rre arbeid med \u00e5 l\u00f8fte fram v\u00e5r snart 400 \u00e5r&hellip;\n","protected":false},"author":2,"featured_media":111583,"comment_status":"","ping_status":"","sticky":false,"template":"","format":"standard","meta":{"footnotes":""},"categories":[10],"tags":[20,21,24,25,15,22,23,13,30,28,29,14,16,26,27],"class_list":{"0":"post-111582","1":"post","2":"type-post","3":"status-publish","4":"format-standard","5":"has-post-thumbnail","7":"category-norge","8":"tag-breaking-news","9":"tag-breakingnews","10":"tag-featured-news","11":"tag-featurednews","12":"tag-headlines","13":"tag-latest-news","14":"tag-latestnews","15":"tag-news","16":"tag-no","17":"tag-norge","18":"tag-norway","19":"tag-nyheter","20":"tag-overskrifter","21":"tag-top-stories","22":"tag-topstories"},"share_on_mastodon":{"url":"https:\/\/pubeurope.com\/@no\/115707878239802927","error":""},"_links":{"self":[{"href":"https:\/\/www.europesays.com\/no\/wp-json\/wp\/v2\/posts\/111582","targetHints":{"allow":["GET"]}}],"collection":[{"href":"https:\/\/www.europesays.com\/no\/wp-json\/wp\/v2\/posts"}],"about":[{"href":"https:\/\/www.europesays.com\/no\/wp-json\/wp\/v2\/types\/post"}],"author":[{"embeddable":true,"href":"https:\/\/www.europesays.com\/no\/wp-json\/wp\/v2\/users\/2"}],"replies":[{"embeddable":true,"href":"https:\/\/www.europesays.com\/no\/wp-json\/wp\/v2\/comments?post=111582"}],"version-history":[{"count":0,"href":"https:\/\/www.europesays.com\/no\/wp-json\/wp\/v2\/posts\/111582\/revisions"}],"wp:featuredmedia":[{"embeddable":true,"href":"https:\/\/www.europesays.com\/no\/wp-json\/wp\/v2\/media\/111583"}],"wp:attachment":[{"href":"https:\/\/www.europesays.com\/no\/wp-json\/wp\/v2\/media?parent=111582"}],"wp:term":[{"taxonomy":"category","embeddable":true,"href":"https:\/\/www.europesays.com\/no\/wp-json\/wp\/v2\/categories?post=111582"},{"taxonomy":"post_tag","embeddable":true,"href":"https:\/\/www.europesays.com\/no\/wp-json\/wp\/v2\/tags?post=111582"}],"curies":[{"name":"wp","href":"https:\/\/api.w.org\/{rel}","templated":true}]}}