{"id":111586,"date":"2025-12-12T17:56:08","date_gmt":"2025-12-12T17:56:08","guid":{"rendered":"https:\/\/www.europesays.com\/no\/111586\/"},"modified":"2025-12-12T17:56:08","modified_gmt":"2025-12-12T17:56:08","slug":"reagerer-pa-utspill-litt-tidlig","status":"publish","type":"post","link":"https:\/\/www.europesays.com\/no\/111586\/","title":{"rendered":"Reagerer p\u00e5 utspill: \u2013 Litt tidlig"},"content":{"rendered":"\n<p class=\"_lead_o9xde_2 _lead_xtcu6_50 layout-component text-serif-m layout-normal text-serif-l layout-component layout-wide layout-padded _wide_17hqh_1 layout-padded\">Johannes H\u00f8sflot Kl\u00e6bo tok Norges f\u00f8rstelag til soleklar seier p\u00e5 OL-\u00f8velsen lagsprint, men m\u00e5tte svare for uttaket for andrelaget etter rennet.<\/p>\n<p><img alt=\"F\u00d8RSTELAGET: Kl\u00e6bo og Valnes ble ikke mindre favoritter til \u00e5 f\u00e5 g\u00e5 lagsprinten i OL for Norge etter dagens seier. Italia ble nummer to og Sverige nummer tre. Foto: MAXIM THORE \/ Bildbyr\u00e5n\" class=\"_image_qp4xg_65 layout-component layout-wide\" data-fullscreen- data-track-element-type=\"Article image fullscreen\" data-track-name=\"ImageFullscreen\" fetchpriority=\"high\" decoding=\"sync\" loading=\"eager\" height=\"3903\" itemprop=\"image\"  src=\"https:\/\/www.europesays.com\/no\/wp-content\/uploads\/2025\/12\/9895503e-4b9f-4b98-a857-16e71c6d2419\"  style=\"object-position:0% 0%\" width=\"5854\"\/>F\u00d8RSTELAGET: Kl\u00e6bo og Valnes ble ikke mindre favoritter til \u00e5 f\u00e5 g\u00e5 lagsprinten i OL for Norge etter dagens seier. Italia ble nummer to og Sverige nummer tre. Foto: MAXIM THORE \/ Bildbyr\u00e5nDavos, Sveits Oppdatert fredag 12. desember kl. 18:55     <\/p>\n<p class=\"_paragraph_o9xde_4 _paragraph_xtcu6_10 layout-component text-serif-m layout-normal text-serif-m layout-padded\">Det er nemlig mange norske herrel\u00f8pere som vil g\u00e5 lagsprinten i fristil i OL i februar som Kl\u00e6bos makker.<\/p>\n<p class=\"_paragraph_o9xde_4 _paragraph_xtcu6_10 layout-component text-serif-m layout-normal text-serif-m layout-padded\">Einar Hedegart er blant dem. Tr\u00f8nderkometen \u2013 som vant sitt f\u00f8rste verdenscuprenn sist helg, ble vraket til fredagens lagsprint i Davos og uttalte flere steder at han var b\u00e5de skuffet. Hedegart hadde ogs\u00e5 bedt om et oppklaringsm\u00f8te med landslagstrener Arild Monsen.<\/p>\n<p class=\"_paragraph_o9xde_4 _paragraph_xtcu6_10 layout-component text-serif-m layout-normal text-serif-m layout-padded\">\u2013 Jeg har f\u00e5tt beskjed om at det er mulig \u00e5 kvalifisere seg til sprintstafett hvis man g\u00e5r fort p\u00e5 10 kilometer skate. Og det f\u00f8ler jeg at jeg har gjort, sier 24-\u00e5ringen if\u00f8lge <a href=\"https:\/\/www.langrenn.com\/langrenn-allround\/fly-forbanna-etter-davos-vraking-foler-seg-frarovet-ol-drommen\/\" class=\"_link_o9xde_39\" rel=\"nofollow noopener\" target=\"_blank\">langrenn.com<\/a>.<\/p>\n<p><img alt=\"Foto: Geir Olsen \/ NTB\" class=\"_image_qp4xg_65 layout-component layout-normal\" data-fullscreen- data-track-element-type=\"Article image fullscreen\" data-track-name=\"ImageFullscreen\" decoding=\"async\" loading=\"lazy\" height=\"3392\" itemprop=\"image\"  src=\"https:\/\/www.europesays.com\/no\/wp-content\/uploads\/2025\/12\/033f245a-d311-4d1d-a190-8e0f58ba3fb2\"  style=\"object-position:0% 0%\" width=\"5088\"\/>Foto: Geir Olsen \/ NTB<\/p>\n<p class=\"_paragraph_o9xde_4 _paragraph_xtcu6_10 layout-component text-serif-m layout-normal text-serif-m layout-padded\">\u2013 Han skal f\u00e5 melde det han vil, ogs\u00e5 er det s\u00e5nn at det er Arild som tar ut laget, sier Kl\u00e6bo til VG.<\/p>\n<p class=\"_paragraph_o9xde_4 _paragraph_xtcu6_10 layout-component text-serif-m layout-normal text-serif-m layout-padded\">For selv om Hedegart har gode resultater p\u00e5 10 kilometer fristil, har han knapt noe \u00e5 vise til i sprint. Og ingenting \u00e5 vise til i sprint i verdenscupen.<\/p>\n<p class=\"_paragraph_o9xde_4 _paragraph_xtcu6_10 layout-component text-serif-m layout-normal text-serif-m layout-padded\">\u2013 Det er en fordel \u00e5 ha g\u00e5tt distansen f\u00f8r, sier Kl\u00e6bo.<\/p>\n<p class=\"_paragraph_o9xde_4 _paragraph_xtcu6_10 layout-component text-serif-m layout-normal text-serif-m layout-padded\">Det er Erik Valnes som per n\u00e5 fremst\u00e5r som Kl\u00e6bos OL-makker. Han g\u00e5r gode distanserenn og har dermed god utholdenhet. Valnes er ogs\u00e5 en lynrask sprinter. Han var med p\u00e5 fredagens f\u00f8rstelag.<\/p>\n<p class=\"_paragraph_o9xde_4 _paragraph_xtcu6_10 layout-component text-serif-m layout-normal text-serif-m layout-padded\">Men til andrelaget var Harald \u00d8stberg Amundsen og unge Oskar Opstad Vike valgt ut. Foran Hedegart.<\/p>\n<p class=\"_paragraph_o9xde_4 _paragraph_xtcu6_10 layout-component text-serif-m layout-normal text-serif-m layout-padded\">De satt ikke n\u00f8dvendigvis stor pris p\u00e5 at tr\u00f8nderens skuffelse n\u00e5dde offentligheten i b\u00e5de NRK og Dagbladet.<\/p>\n<p class=\"_paragraph_o9xde_4 _paragraph_xtcu6_10 layout-component text-serif-m layout-normal text-serif-m layout-padded\">\u2013 Jeg syns det var litt tidlig. Jeg syns Erik og Johannes er et ganske soleklart f\u00f8rstelag. Vi st\u00e5r ogs\u00e5 her med pallplasser i sprint. Einar kunne sikkert g\u00e5tt kjempebra, men det er tett om beinet. Han m\u00e5 gjerne g\u00e5 enda mer sprint og f\u00e5 mer erfaring s\u00e5 kan det bli veldig bra, sier Amundsen til VG.<\/p>\n<p class=\"_paragraph_o9xde_4 _paragraph_xtcu6_10 layout-component text-serif-m layout-normal text-serif-m layout-padded\">\u2013 Det biter ikke s\u00e5 mye p\u00e5 oss som g\u00e5r, men han kunne ventet til etter l\u00f8pet, det kunne han, sier Vike.<\/p>\n<p class=\"_paragraph_o9xde_4 _paragraph_xtcu6_10 layout-component text-serif-m layout-normal text-serif-m layout-padded\">Norges f\u00f8rstelag, Erik Valnes og <a href=\"https:\/\/www.vg.no\/tag\/johannes-hoesflot-klaebo?utm_source=vg-article&amp;utm_medium=auto-tagger&amp;utm_campaign=OknBxl\" class=\"_link_o9xde_39\" rel=\"nofollow noopener\" target=\"_blank\">Johannes H\u00f8sflot Kl\u00e6bo<\/a>, var ikke uventet raskest \u2013 slik de ogs\u00e5 var i prologen under lagsprinten i langrennsverdenscupen i Davos fredag. <\/p>\n<p class=\"_paragraph_o9xde_4 _paragraph_xtcu6_10 layout-component text-serif-m layout-normal text-serif-m layout-padded\">\u2013 Han viser hvem som er kongen, sa Viaplay-kommentator J\u00f8rn Sundby om Kl\u00e6bos maktdemonstrasjon.<\/p>\n<p class=\"_paragraph_o9xde_4 _paragraph_xtcu6_10 layout-component text-serif-m layout-normal text-serif-m layout-padded\">For mens flere av de andre lagene fikk problemer med fall og uhell underveis, hadde Valnes og Kl\u00e6bo full kontroll. Og s\u00e5 satte Kl\u00e6bo \u2013 i kjent stil \u2013 inn et skikkelig rykk f\u00f8r oppl\u00f8pet og skaffet seg med det 15\u201320 meters forsprang umiddelbart, som holdt hele veien til m\u00e5l. <\/p>\n<p class=\"_paragraph_o9xde_4 _paragraph_xtcu6_10 layout-component text-serif-m layout-normal text-serif-m layout-padded\">\u2013 Han er s\u00e5 leken teknisk og han har mindre melkesyre i beina enn Edvin Anger, som m\u00e5tte bruke mye krefter p\u00e5 fallet han var med p\u00e5, sier Viaplay-ekspert Niklas Dyrhaug.<\/p>\n<p class=\"_paragraph_o9xde_4 _paragraph_xtcu6_10 layout-component text-serif-m layout-normal text-serif-m layout-padded\">Anger gikk p\u00e5 Sveriges f\u00f8rstelag sammen med Johan H\u00e4ggstr\u00f6m. B\u00e5de de og det andre svenske laget gikk p\u00e5 trynet:<\/p>\n<p class=\"_paragraph_o9xde_4 _paragraph_xtcu6_10 layout-component text-serif-m layout-normal text-serif-m layout-padded\">Det andre norske laget, som besto av Harald \u00d8stberg Amundsen og Oskar Opstad Vike, endte utenfor pallen p\u00e5 sjuendeplass. Italia ble nummer to, mens Sverige tok tredjeplassen.<\/p>\n<p class=\"_paragraph_o9xde_4 _paragraph_xtcu6_10 layout-component text-serif-m layout-normal text-serif-m layout-padded\">Rennet er den eneste sjansen til \u00e5 vise seg frem p\u00e5 distansen f\u00f8r OL senere i vinter, og derfor sv\u00e6rt viktig for det laguttaket.<\/p>\n<p class=\"_paragraph_o9xde_4 _paragraph_xtcu6_10 layout-component text-serif-m layout-normal text-serif-m layout-padded\">\u2013 Kl\u00e6bo er selvskreven, sl\u00e5r Dyrhaug fast om mannen som tok seks av seks gull under ski-VM i Trondheim forrige vinter.<\/p>\n<p class=\"_paragraph_o9xde_4 _paragraph_xtcu6_10 layout-component text-serif-m layout-normal text-serif-m layout-padded\">P\u00e5 kvinnenes lagsprint ble Astrid \u00d8yre Slind og Mathilde Myhrvold best av de norske lagene med sin 2.-plass p\u00e5 lagsprinten under verdenscuprunden i Davos.<\/p>\n<p class=\"_paragraph_o9xde_4 _paragraph_xtcu6_10 layout-component text-serif-m layout-normal text-serif-m layout-padded\">Kristine Stav\u00e5s Skistad og Kristin Austgulen Fosn\u00e6s ble nummer tre etter at Myhrvold slo Skistad i spurten. Sverige med Jonna Sundling og Maja Dahlquist vant.<\/p>\n<p class=\"_paragraph_o9xde_4 _paragraph_xtcu6_10 layout-component text-serif-m layout-normal text-serif-m layout-padded\">L\u00f8rdag st\u00e5r individuell sprint i fri teknikk p\u00e5 programmet. S\u00f8ndag er det 10 km i fri teknikk.<\/p>\n","protected":false},"excerpt":{"rendered":"Johannes H\u00f8sflot Kl\u00e6bo tok Norges f\u00f8rstelag til soleklar seier p\u00e5 OL-\u00f8velsen lagsprint, men m\u00e5tte svare for uttaket for&hellip;\n","protected":false},"author":2,"featured_media":111587,"comment_status":"","ping_status":"","sticky":false,"template":"","format":"standard","meta":{"footnotes":""},"categories":[59],"tags":[711,398,30,28,29,83,82],"class_list":{"0":"post-111586","1":"post","2":"type-post","3":"status-publish","4":"format-standard","5":"has-post-thumbnail","7":"category-sport","8":"tag-johannes-hosflot-klaebo","9":"tag-langrenn","10":"tag-no","11":"tag-norge","12":"tag-norway","13":"tag-sport","14":"tag-sports"},"share_on_mastodon":{"url":"https:\/\/pubeurope.com\/@no\/115707890119251396","error":""},"_links":{"self":[{"href":"https:\/\/www.europesays.com\/no\/wp-json\/wp\/v2\/posts\/111586","targetHints":{"allow":["GET"]}}],"collection":[{"href":"https:\/\/www.europesays.com\/no\/wp-json\/wp\/v2\/posts"}],"about":[{"href":"https:\/\/www.europesays.com\/no\/wp-json\/wp\/v2\/types\/post"}],"author":[{"embeddable":true,"href":"https:\/\/www.europesays.com\/no\/wp-json\/wp\/v2\/users\/2"}],"replies":[{"embeddable":true,"href":"https:\/\/www.europesays.com\/no\/wp-json\/wp\/v2\/comments?post=111586"}],"version-history":[{"count":0,"href":"https:\/\/www.europesays.com\/no\/wp-json\/wp\/v2\/posts\/111586\/revisions"}],"wp:featuredmedia":[{"embeddable":true,"href":"https:\/\/www.europesays.com\/no\/wp-json\/wp\/v2\/media\/111587"}],"wp:attachment":[{"href":"https:\/\/www.europesays.com\/no\/wp-json\/wp\/v2\/media?parent=111586"}],"wp:term":[{"taxonomy":"category","embeddable":true,"href":"https:\/\/www.europesays.com\/no\/wp-json\/wp\/v2\/categories?post=111586"},{"taxonomy":"post_tag","embeddable":true,"href":"https:\/\/www.europesays.com\/no\/wp-json\/wp\/v2\/tags?post=111586"}],"curies":[{"name":"wp","href":"https:\/\/api.w.org\/{rel}","templated":true}]}}