{"id":111588,"date":"2025-12-12T18:00:18","date_gmt":"2025-12-12T18:00:18","guid":{"rendered":"https:\/\/www.europesays.com\/no\/111588\/"},"modified":"2025-12-12T18:00:18","modified_gmt":"2025-12-12T18:00:18","slug":"nye-epstein-bilder-viser-trump-som-poserer-med-flere-kvinner","status":"publish","type":"post","link":"https:\/\/www.europesays.com\/no\/111588\/","title":{"rendered":"Nye Epstein-bilder viser Trump som poserer med flere kvinner"},"content":{"rendered":"<p class=\"extendedContent hyperion-css-eyn926\" data-test-tag=\"lead-text\">Demokrater i Kongressen har publisert nye bilder fra Jeffrey Epsteins papirer. De viser Trump-kondomer, sexleket\u00f8y og flere bilder av den amerikanske presidenten. <\/p>\n<p><img decoding=\"async\" class=\"image-asset hyperion-css-u06ts1\" data-test-tag=\"image-asset\" src=\"https:\/\/www.europesays.com\/no\/wp-content\/uploads\/2025\/12\/60225330-ee46-42b7-8092-a7aba3ea8a39\"  alt=\"Donald Trump og Jeffrey Epstein var lenge venner, men Trump har sagt at han br\u00f8t kontakten lenge f\u00f8r Epstein ble arrestert f\u00f8rste gang i 2006.\"  loading=\"eager\" fetchpriority=\"high\" style=\"aspect-ratio:1280 \/ 1017\"\/>Donald Trump og Jeffrey Epstein var lenge venner, men Trump har sagt at han br\u00f8t kontakten lenge f\u00f8r Epstein ble arrestert f\u00f8rste gang i 2006. Foto: House Oversight Democrats<\/p>\n<p>Publisert: 12.12.2025 16:49 |\u00a0Oppdatert: 12.12.2025 18:02<\/p>\n<p class=\"paywall hyperion-css-1j42uic\">Kontrollkomiteen i den amerikanske kongressen har fredag sluppet nye bilder fra de mye omtalte Epstein-dokumentene.<\/p>\n<p class=\"paywall hyperion-css-1j42uic\">Det er snakk om 19 nye bilder. De er ikke daterte.<\/p>\n<p class=\"paywall hyperion-css-1j42uic\">Tidligere denne m\u00e5neden ble det ogs\u00e5 <a data-test-tag=\"internal-link\" href=\"https:\/\/www.aftenposten.no\/verden\/i\/43jnyR\/slipper-nye-bilder-og-videoer-fra-epsteins-private-oey-forstyrrende-innblikk\" class=\"hyperion-css-1raymq9\" rel=\"nofollow noopener\" target=\"\" aria-label=\"sluppet en rekke bilder\">sluppet en rekke bilder<\/a> og videoer fra Epsteins \u00f8y. <\/p>\n<p class=\"paywall hyperion-css-1j42uic\">\u2013 Disse urovekkende bildene reiser enda flere sp\u00f8rsm\u00e5l om Epstein og hans forhold til noen av verdens mektigste menn, skriver demokratene p\u00e5 <a aria-label=\"X\" class=\"default hyperion-css-1raymq9\" href=\"https:\/\/x.com\/OversightDems\/status\/1999498082493280689?ref_src=twsrc^tfw|twcamp^tweetembed|twterm^1999498082493280689|twgr^c283efa8fe1af3a99bd13b1fdc016ba01d79b807|twcon^s1_&amp;ref_url=https%3A%2F%2Fnews.sky.com%2Fstory%2Fepstein-latest-more-photos-from-epsteins-estate-released-13482572\" target=\"_blank\" rel=\"noopener nofollow noreferrer\" data-test-tag=\"external-link\">X<\/a>. <\/p>\n<p class=\"paywall hyperion-css-1j42uic\">Det er ogs\u00e5 publisert bilder som viser tidligere president Bill Clinton, Steve Bannon, Bill Gates, Richard Branson, Woody Allen og flere andre. <\/p>\n<p class=\"paywall hyperion-css-1j42uic\">If\u00f8lge <a aria-label=\"BBC\" class=\"default hyperion-css-1raymq9\" href=\"https:\/\/www.bbc.com\/news\/live\/c8dyr661911t\" target=\"_blank\" rel=\"noopener nofollow noreferrer\" data-test-tag=\"external-link\">BBC<\/a> sier representant Robert Garcia i en uttalelse at komiteen har gjennomg\u00e5tt over 95 000 bilder mottatt fra Epsteins d\u00f8dsbo, og at flere av dem vil bli offentliggjort i dagene og ukene som kommer.<\/p>\n<p>Her er Bill Clinton med p\u00e5 et bilde med (t.v.) Ghislaine maxwell og Jeffrey Epstein.<\/p>\n<p>1 av 6Foto: House Oversight Committee<\/p>\n<p class=\"paywall hyperion-css-1j42uic\">Blant bildene er det ogs\u00e5 ett som tilsynelatende viser en bolle med kondomer dekorert med Donald Trumps ansikt. P\u00e5 sk\u00e5len st\u00e5r det \u00abTrump condom $4.50\u00bb. <\/p>\n<p class=\"paywall hyperion-css-1j42uic\">Andre bilder viser sexleket\u00f8y og manualer for hvordan man knyter bondage-knuter. <\/p>\n<p><img decoding=\"async\" class=\"image-asset hyperion-css-u06ts1\" data-test-tag=\"image-asset\" src=\"https:\/\/www.europesays.com\/no\/wp-content\/uploads\/2025\/12\/cec06804-6183-4c7a-bb93-3afa63f4798f\"  alt=\"\"  loading=\"eager\" fetchpriority=\"high\" style=\"aspect-ratio:800 \/ 1057\"\/> Foto: House Oversight DemocratsKritiseres for \u00e5 \u00abh\u00e5ndplukke bilder\u00bb<\/p>\n<p class=\"paywall hyperion-css-1j42uic\">Fleertallet i den republikansk-ledede kontrollkomiteen mener demokratene \u00abb\u00f8r skamme seg\u00bb for publiseringen av bildene. <\/p>\n<p class=\"paywall hyperion-css-1j42uic\">Demokratene anklages for \u00e5 ha h\u00e5ndplukket utvalgte bilder for \u00e5 skape en falsk fortelling om Donald Trump.<\/p>\n<p class=\"paywall hyperion-css-1j42uic\">I uttalelsen heter det:<\/p>\n<p class=\"paywall hyperion-css-1j42uic\">\u2013 Vi mottok over 95 000 bilder, og demokratene publiserte bare en h\u00e5ndfull.<\/p>\n<p>\u2013 Gjemmer ting<\/p>\n<p class=\"paywall hyperion-css-1j42uic\">Demokratenes leder i Representantenes hus, Hakeem Jeffries, ble fredag i et m\u00f8te med pressen spurt om publiseringen av bildene.<\/p>\n<p class=\"paywall hyperion-css-1j42uic\">\u2013 Disse folkene i Trumps administrasjon, inkludert Donald Trump og J.D. Vance, sa i \u00e5revis at de ville offentliggj\u00f8re Epstein-dokumentene. S\u00e5 fikk de makten og gjorde det motsatte, sa Jeffries.<\/p>\n<p class=\"paywall hyperion-css-1j42uic\">Han sa at de \u00abhindrer, kompliserer og gjemmer ting fra det amerikanske folk\u00bb.<\/p>\n<p class=\"paywall hyperion-css-1j42uic\">\u2013 Alt vi \u00f8nsker, er full \u00e5penhet. Det er det Epsteins ofre fortjener og har forlangt, sa han.<\/p>\n","protected":false},"excerpt":{"rendered":"Demokrater i Kongressen har publisert nye bilder fra Jeffrey Epsteins papirer. De viser Trump-kondomer, sexleket\u00f8y og flere bilder&hellip;\n","protected":false},"author":2,"featured_media":111589,"comment_status":"","ping_status":"","sticky":false,"template":"","format":"standard","meta":{"footnotes":""},"categories":[12],"tags":[20,21,24,25,15,22,23,13,30,28,29,14,16,26,27,42,43,44,45],"class_list":{"0":"post-111588","1":"post","2":"type-post","3":"status-publish","4":"format-standard","5":"has-post-thumbnail","7":"category-verden","8":"tag-breaking-news","9":"tag-breakingnews","10":"tag-featured-news","11":"tag-featurednews","12":"tag-headlines","13":"tag-latest-news","14":"tag-latestnews","15":"tag-news","16":"tag-no","17":"tag-norge","18":"tag-norway","19":"tag-nyheter","20":"tag-overskrifter","21":"tag-top-stories","22":"tag-topstories","23":"tag-verden","24":"tag-world","25":"tag-world-news","26":"tag-worldnews"},"share_on_mastodon":{"url":"https:\/\/pubeurope.com\/@no\/115707906330964380","error":""},"_links":{"self":[{"href":"https:\/\/www.europesays.com\/no\/wp-json\/wp\/v2\/posts\/111588","targetHints":{"allow":["GET"]}}],"collection":[{"href":"https:\/\/www.europesays.com\/no\/wp-json\/wp\/v2\/posts"}],"about":[{"href":"https:\/\/www.europesays.com\/no\/wp-json\/wp\/v2\/types\/post"}],"author":[{"embeddable":true,"href":"https:\/\/www.europesays.com\/no\/wp-json\/wp\/v2\/users\/2"}],"replies":[{"embeddable":true,"href":"https:\/\/www.europesays.com\/no\/wp-json\/wp\/v2\/comments?post=111588"}],"version-history":[{"count":0,"href":"https:\/\/www.europesays.com\/no\/wp-json\/wp\/v2\/posts\/111588\/revisions"}],"wp:featuredmedia":[{"embeddable":true,"href":"https:\/\/www.europesays.com\/no\/wp-json\/wp\/v2\/media\/111589"}],"wp:attachment":[{"href":"https:\/\/www.europesays.com\/no\/wp-json\/wp\/v2\/media?parent=111588"}],"wp:term":[{"taxonomy":"category","embeddable":true,"href":"https:\/\/www.europesays.com\/no\/wp-json\/wp\/v2\/categories?post=111588"},{"taxonomy":"post_tag","embeddable":true,"href":"https:\/\/www.europesays.com\/no\/wp-json\/wp\/v2\/tags?post=111588"}],"curies":[{"name":"wp","href":"https:\/\/api.w.org\/{rel}","templated":true}]}}