{"id":111590,"date":"2025-12-12T18:01:17","date_gmt":"2025-12-12T18:01:17","guid":{"rendered":"https:\/\/www.europesays.com\/no\/111590\/"},"modified":"2025-12-12T18:01:17","modified_gmt":"2025-12-12T18:01:17","slug":"vaer-klima-gar-mot-en-av-tidenes-varmeste-forjulstider-onskelig-med-kulde-og-sno","status":"publish","type":"post","link":"https:\/\/www.europesays.com\/no\/111590\/","title":{"rendered":"V\u00e6r, Klima | G\u00e5r mot en av tidenes varmeste f\u00f8rjulstider: \u2013 \u00d8nskelig med kulde og sn\u00f8"},"content":{"rendered":"\n<p>Det har kanskje v\u00e6rt utfordrende \u00e5 f\u00e5 julestemning i \u00e5r med paraply, s\u00f8lepytter og regnkl\u00e6r som ingredienser mange steder i landet.<\/p>\n<p>I S\u00f8r-Norge har b\u00e5de november og desember v\u00e6rt betydelig varmere enn normalt, og sn\u00f8en lar vente p\u00e5 seg mange plasser.<\/p>\n<p>   <img decoding=\"async\" width=\"6016\" height=\"4016\" fetchpriority=\"low\"  loading=\"lazy\"  src=\"https:\/\/www.europesays.com\/no\/wp-content\/uploads\/2025\/12\/cueres_scp-mangler_navn_G3iPPsuzLRE.jpg\" alt=\"SJUSJ\u00d8EN  20121227.&#10;Skil\u00f8per ved hytte i vakkert vinterlandskap i solnedgang p\u00e5 Sjusj\u00f8en. &#10;Foto: Berit Roald \/ NTB\" class=\"brick-c-cFOWSL\" style=\"--brick-image-ratio: 6016 \/ 4016;\"\/><\/p>\n<p>      Mange dr\u00f8mmer nok om en slik jul, men det ser d\u00e5rlig ut mange steder i landet.<br \/>\n      Foto: Berit Roald \/ NTB\n    <\/p>\n<p>I hovedstaden har perioden 1. november til 8. desember v\u00e6rt den femte varmeste som er registrert i Oslo. I samme periode har Trondheim sin 13. varmeste f\u00f8rjulstid, mens Bergen har sitt 16. varmeste.<\/p>\n<p>I Nord-Norge har det derimot v\u00e6rt kaldere, og i Troms\u00f8 har det v\u00e6rt lavere temperaturer en normalen, alts\u00e5 kaldere enn normalt.<\/p>\n<p>   <img decoding=\"async\" width=\"5049\" height=\"3426\" fetchpriority=\"low\"  loading=\"lazy\"  src=\"https:\/\/www.europesays.com\/no\/wp-content\/uploads\/2025\/12\/DSC_4997.jpg\" alt=\"EKSTRAHJELP: Engerdals ordf\u00f8rer Tor Erik Skramstad (H\u00f8yre), sier at det bare er \u00e5 ringe \u00e5 be om hjelp, skulle det bli for mange kunder for Mari Foss-Flobak og Siri Vesterheim Risbakkens sommerkaf\u00e9.  \" class=\"brick-c-cFOWSL\" style=\"--brick-image-ratio: 5049 \/ 3426;\"\/><\/p>\n<p>      Engerdals ordf\u00f8rer Tor Erik Skramstad (H) \u00f8nsker litt mer sn\u00f8 for det lokale n\u00e6ringslivet.<br \/>\n      Foto: Hans Martin \u00d8sterhaug\n    <\/p>\n<p>  Varmest og kaldest<\/p>\n<p>De to stedene Drevsj\u00f8 og Rena i \u00d8sterdalen er kjent som vanligvis ganske kalde plasser p\u00e5 vinteren. I november og desember har v\u00e6rt langt varmere enn normalt.<\/p>\n<p>\u2013 Relativt varmest har det v\u00e6rt p\u00e5 vanligvis kalde stasjoner i Innlandet. Drevsj\u00f8 og Rena har begge avvik p\u00e5 3,2 grader over normalen for perioden 1. november til 8. desember, sier Jostein Mamen, klimavakt i Meteorologisk institutt.<\/p>\n<p>Det har derimot ikke blitt paraplydrinker og shorts i Engerdal kommune, hvor Drevsj\u00f8 ligger.<\/p>\n<p>\u2013 Det er jo synd at det ikke kommer sn\u00f8, men mest regn. For de som driver med vinterturisme er det \u00f8nskelig med kulde og sn\u00f8, sier Tor Erik Skramstad (H), ordf\u00f8rer i kommunen.<\/p>\n<p>Sjeldnere med hvit jul<\/p>\n<p>Et annet sted som er kjent for \u00e5 v\u00e6re kaldt er p\u00e5 Finnmarksvidda, i Kautokeino er folk ikke ukjent med temperaturer under -20 grader.<\/p>\n<p>I perioden fra 1. november til 8. desember l\u00e5 Kautokeino tre grader under normalen. I november var snittemperaturen p\u00e5 11,5 minusgrader. Den laveste temperaturen ble m\u00e5lt 24. november med -32,6 grader.<\/p>\n<p>   <img decoding=\"async\" width=\"5839\" height=\"3893\" fetchpriority=\"low\"  loading=\"lazy\"  src=\"https:\/\/www.europesays.com\/no\/wp-content\/uploads\/2025\/12\/cueres_scp-mangler_navn_ZvSfTEKxgII.jpg\" alt=\"KAUTOKEINO  20120327.&#10;Reinflokken til Isak Mathis Triumf i Kautokeino.&#10;Foto: Stian Lysberg Solum \/ NTB \" class=\"brick-c-cFOWSL\" style=\"--brick-image-ratio: 5839 \/ 3893;\"\/><\/p>\n<p>      Kautokeino har v\u00e6rt kaldere enn normalt i f\u00f8rjulstida.<br \/>\n      Foto: Stian Lysberg Solum \/ NTB\n    <\/p>\n<p>Heller ikke ordf\u00f8reren i Kautokeino har lagt s\u00e5 merke til det unormale v\u00e6ret.<\/p>\n<p>   <img decoding=\"async\" width=\"1200\" height=\"1800\" fetchpriority=\"low\"  loading=\"lazy\"  src=\"https:\/\/www.europesays.com\/no\/wp-content\/uploads\/2025\/12\/anders-s-buljo-5.JPG\" alt=\"\" class=\"brick-c-cFOWSL\" style=\"--brick-image-ratio: 1200 \/ 1800;\"\/><\/p>\n<p>      Kautokeino-ordf\u00f8rer Anders Samuelsen Buljo sier det er mer vanlig med kaldt v\u00e6r enn mildv\u00e6r i kommunen p\u00e5 denne tiden av \u00e5ret.<br \/>\n      Foto: Kautokeino kommune\n    <\/p>\n<p>\u2013 Jeg vil jo si at det er mer normalt enn \u00e5 ha milde perioder. Desember er som normalt med minusgrader og sn\u00f8. Det har ikke v\u00e6rt spesielt kaldt i desember, sier ordf\u00f8rer Anders Samuelsen Buljo (Kautokeino Flyttsameliste).<\/p>\n<p>Mange steder i Nord-Norge har det v\u00e6rt betydelig med sn\u00f8 i h\u00f8st, mens det i S\u00f8r-Norge har v\u00e6rt mer regn. Slik kan det ogs\u00e5 bli helt fram til jul flere steder.<\/p>\n<p>For mange er hvit jul en viktig ingrediens i julestemningen, men det kan bli et st\u00f8rre og st\u00f8rre problem framover.<\/p>\n<p>\u2013 Den globale oppvarmingen ventes \u00e5 gi b\u00e5de h\u00f8yere vintertemperaturer og mer nedb\u00f8r, noe som betyr at sn\u00f8dekt mark i lavlandet i jula vil forekomme sjeldnere i framtida, sier Mamen, klimavakt i Meteorologisk institutt.<\/p>\n","protected":false},"excerpt":{"rendered":"Det har kanskje v\u00e6rt utfordrende \u00e5 f\u00e5 julestemning i \u00e5r med paraply, s\u00f8lepytter og regnkl\u00e6r som ingredienser mange&hellip;\n","protected":false},"author":2,"featured_media":111591,"comment_status":"","ping_status":"","sticky":false,"template":"","format":"standard","meta":{"footnotes":""},"categories":[10],"tags":[36,20,21,8137,24,25,15,9388,1514,22,23,13,30,28,29,14,16,1810,6527,1510,26,27,553],"class_list":{"0":"post-111590","1":"post","2":"type-post","3":"status-publish","4":"format-standard","5":"has-post-thumbnail","7":"category-norge","8":"tag-art","9":"tag-breaking-news","10":"tag-breakingnews","11":"tag-engerdal","12":"tag-featured-news","13":"tag-featurednews","14":"tag-headlines","15":"tag-kautokeino","16":"tag-klima","17":"tag-latest-news","18":"tag-latestnews","19":"tag-news","20":"tag-no","21":"tag-norge","22":"tag-norway","23":"tag-nyheter","24":"tag-overskrifter","25":"tag-regn","26":"tag-sno","27":"tag-story","28":"tag-top-stories","29":"tag-topstories","30":"tag-vaer"},"share_on_mastodon":{"url":"https:\/\/pubeurope.com\/@no\/115707909904312558","error":""},"_links":{"self":[{"href":"https:\/\/www.europesays.com\/no\/wp-json\/wp\/v2\/posts\/111590","targetHints":{"allow":["GET"]}}],"collection":[{"href":"https:\/\/www.europesays.com\/no\/wp-json\/wp\/v2\/posts"}],"about":[{"href":"https:\/\/www.europesays.com\/no\/wp-json\/wp\/v2\/types\/post"}],"author":[{"embeddable":true,"href":"https:\/\/www.europesays.com\/no\/wp-json\/wp\/v2\/users\/2"}],"replies":[{"embeddable":true,"href":"https:\/\/www.europesays.com\/no\/wp-json\/wp\/v2\/comments?post=111590"}],"version-history":[{"count":0,"href":"https:\/\/www.europesays.com\/no\/wp-json\/wp\/v2\/posts\/111590\/revisions"}],"wp:featuredmedia":[{"embeddable":true,"href":"https:\/\/www.europesays.com\/no\/wp-json\/wp\/v2\/media\/111591"}],"wp:attachment":[{"href":"https:\/\/www.europesays.com\/no\/wp-json\/wp\/v2\/media?parent=111590"}],"wp:term":[{"taxonomy":"category","embeddable":true,"href":"https:\/\/www.europesays.com\/no\/wp-json\/wp\/v2\/categories?post=111590"},{"taxonomy":"post_tag","embeddable":true,"href":"https:\/\/www.europesays.com\/no\/wp-json\/wp\/v2\/tags?post=111590"}],"curies":[{"name":"wp","href":"https:\/\/api.w.org\/{rel}","templated":true}]}}