{"id":111604,"date":"2025-12-12T18:17:12","date_gmt":"2025-12-12T18:17:12","guid":{"rendered":"https:\/\/www.europesays.com\/no\/111604\/"},"modified":"2025-12-12T18:17:12","modified_gmt":"2025-12-12T18:17:12","slug":"ran-i-garnbutikk-i-larvik-politiet-ber-om-tips","status":"publish","type":"post","link":"https:\/\/www.europesays.com\/no\/111604\/","title":{"rendered":"Ran i garnbutikk i Larvik \u2013 politiet ber om tips"},"content":{"rendered":"\n<p class=\"_lead_o9xde_2 _lead_xtcu6_50 layout-component text-serif-m layout-normal text-serif-l layout-component layout-wide layout-padded _wide_17hqh_1 layout-padded\">Det ble stj\u00e5let mellom 15.000 og 20.000 kroner fra butikken, bekrefter politiet til VG. <\/p>\n<p><img alt=\"Dette overv\u00e5kningsbildet fra torsdag viser to personer som politiet mistenker for \u00e5 st\u00e5 bak ranet.  Foto: Politiet\" class=\"_image_qp4xg_65 layout-component layout-wide\" data-fullscreen- data-track-element-type=\"Article image fullscreen\" data-track-name=\"ImageFullscreen\" fetchpriority=\"high\" decoding=\"sync\" loading=\"eager\" height=\"842\" itemprop=\"image\"  src=\"https:\/\/www.europesays.com\/no\/wp-content\/uploads\/2025\/12\/ed642b6a-2c6c-4b5d-9d73-c5e647c8a8ba\"  style=\"object-position:0% 0%\" width=\"1161\"\/>Dette overv\u00e5kningsbildet fra torsdag viser to personer som politiet mistenker for \u00e5 st\u00e5 bak ranet.  Foto: Politiet<\/p>\n<ul aria-hidden=\"true\" class=\"_images_ntbth_112\">\n<li><a class=\"_link_ntbth_117\" href=\"https:\/\/www.vg.no\/forfatter\/amalie-nordboe-odiin\" style=\"z-index:1\" title=\"Amalie Nordb\u00f8 Odiin\" rel=\"nofollow noopener\" target=\"_blank\"><img alt=\"Bilde av Amalie Nordb\u00f8 Odiin\" class=\"_image_ntbth_93\" fetchpriority=\"low\" loading=\"lazy\" decoding=\"async\" itemprop=\"image\"  src=\"https:\/\/www.europesays.com\/no\/wp-content\/uploads\/2025\/12\/1765563432_801_3a48a883-d93f-48c4-8078-cc59876bbb5b\"  width=\"480\"\/><\/a><\/li>\n<\/ul>\n<p> Oppdatert fredag 12. desember kl. 17:30    <\/p>\n<ul class=\"_list_o9xde_3 _list_64s2r_85 _unordered_o9xde_106 text-sans-m\">\n<li class=\"_item_o9xde_30\">En garnbutikk i Larvik ble ranet torsdag.<\/li>\n<li class=\"_item_o9xde_30\">Gjerningspersonene brukte kniv og stjal opptil 20 000 kroner og flere garnn\u00f8ster.<\/li>\n<li class=\"_item_o9xde_30\">Politiet ser sv\u00e6rt alvorlig p\u00e5 saken og ber om tips fra publikum.<\/li>\n<li class=\"_item_o9xde_30\">Ingen ble fysisk skadet under ranet.<\/li>\n<\/ul>\n<p>Vis mer <\/p>\n<p class=\"_paragraph_o9xde_4 _paragraph_xtcu6_10 layout-component text-serif-m layout-normal text-serif-m layout-padded\">Torsdag ble en garnbutikk i <a href=\"https:\/\/www.vg.no\/tag\/larvik?utm_source=vg-article&amp;utm_medium=auto-tagger&amp;utm_campaign=bOKBa5\" class=\"_link_o9xde_39\" rel=\"nofollow noopener\" target=\"_blank\">Larvik<\/a> sentrum utsatt for et ran.<\/p>\n<p class=\"_paragraph_o9xde_4 _paragraph_xtcu6_10 layout-component text-serif-m layout-normal text-serif-m layout-padded\">Gjerningspersonene brukte kniv for \u00e5 tilrane seg penger fra kassaapparatet. I tillegg nappet de med seg flere garnn\u00f8ster.<\/p>\n<p class=\"_paragraph_o9xde_4 _paragraph_xtcu6_10 layout-component text-serif-m layout-normal text-serif-m layout-padded\">Fremdeles er ingen p\u00e5grepet for ranet. <\/p>\n<p class=\"_paragraph_o9xde_4 _paragraph_xtcu6_10 layout-component text-serif-m layout-normal text-serif-m layout-padded\">\u2013 Saken har h\u00f8y prioritet for politiet, sier politiadvokat Kristin Langbakk Bruholt.<\/p>\n<p class=\"_paragraph_o9xde_4 _paragraph_xtcu6_10 layout-component text-serif-m layout-normal layout-padded\"><strong class=\"_strong_o9xde_25\">Les ogs\u00e5:<\/strong> <a href=\"https:\/\/www.vg.no\/i\/e71049\" data-track-element-type=\"Link\" data-track-id=\"link:e71049\" class=\"_link_o9xde_39\" rel=\"nofollow noopener\" target=\"_blank\">Knivran i forretning i Larvik sentrum<\/a><\/p>\n<p class=\"_paragraph_o9xde_4 _paragraph_xtcu6_10 layout-component text-serif-m layout-normal text-serif-m layout-padded\">\u2013 Vi har forst\u00e5else for at saken oppleves skremmende b\u00e5de for de som er direkte involvert, men ogs\u00e5 \u00f8vrige innbyggere i Larvik, fortsetter hun.<\/p>\n<p class=\"_paragraph_o9xde_4 _paragraph_xtcu6_10 layout-component text-serif-m layout-normal text-serif-m layout-padded\">Fredag ettermiddag skriver politiet at de \u00f8nsker tips, og at de oppfordrer alle som kan ha opplysninger om saken til \u00e5 kontakte dem.<\/p>\n<p>Aktiver kart<\/p>\n<p class=\"_paragraph_o9xde_4 _paragraph_xtcu6_10 layout-component text-serif-m layout-normal text-serif-m layout-padded\">Det skal ha v\u00e6rt \u00e9n ansatt p\u00e5 jobb under ranet, som selv varslet politiet. Ingen personer ble fysisk skadet.<\/p>\n<p class=\"_paragraph_o9xde_4 _paragraph_xtcu6_10 layout-component text-serif-m layout-normal text-serif-m layout-padded\">Politiet rykket ut med flere patruljer etter meldingen som kom inn torsdag klokken 12.48. Det skal v\u00e6re sakk om to gjerningspersoner, men if\u00f8lge politiet utf\u00f8rte kun en av dem ranet i butikken.<\/p>\n<p class=\"_paragraph_o9xde_4 _paragraph_xtcu6_10 layout-component text-serif-m layout-normal text-serif-m layout-padded\">Bruholt sier det er sjeldent man ser et slikt type ran i omr\u00e5det.<\/p>\n","protected":false},"excerpt":{"rendered":"Det ble stj\u00e5let mellom 15.000 og 20.000 kroner fra butikken, bekrefter politiet til VG. Dette overv\u00e5kningsbildet fra torsdag&hellip;\n","protected":false},"author":2,"featured_media":111605,"comment_status":"","ping_status":"","sticky":false,"template":"","format":"standard","meta":{"footnotes":""},"categories":[10],"tags":[20,21,24,25,15,113,22,23,13,30,28,29,14,16,468,3878,26,27],"class_list":{"0":"post-111604","1":"post","2":"type-post","3":"status-publish","4":"format-standard","5":"has-post-thumbnail","7":"category-norge","8":"tag-breaking-news","9":"tag-breakingnews","10":"tag-featured-news","11":"tag-featurednews","12":"tag-headlines","13":"tag-larvik","14":"tag-latest-news","15":"tag-latestnews","16":"tag-news","17":"tag-no","18":"tag-norge","19":"tag-norway","20":"tag-nyheter","21":"tag-overskrifter","22":"tag-politiet","23":"tag-ran","24":"tag-top-stories","25":"tag-topstories"},"share_on_mastodon":{"url":"https:\/\/pubeurope.com\/@no\/115707972588101697","error":""},"_links":{"self":[{"href":"https:\/\/www.europesays.com\/no\/wp-json\/wp\/v2\/posts\/111604","targetHints":{"allow":["GET"]}}],"collection":[{"href":"https:\/\/www.europesays.com\/no\/wp-json\/wp\/v2\/posts"}],"about":[{"href":"https:\/\/www.europesays.com\/no\/wp-json\/wp\/v2\/types\/post"}],"author":[{"embeddable":true,"href":"https:\/\/www.europesays.com\/no\/wp-json\/wp\/v2\/users\/2"}],"replies":[{"embeddable":true,"href":"https:\/\/www.europesays.com\/no\/wp-json\/wp\/v2\/comments?post=111604"}],"version-history":[{"count":0,"href":"https:\/\/www.europesays.com\/no\/wp-json\/wp\/v2\/posts\/111604\/revisions"}],"wp:featuredmedia":[{"embeddable":true,"href":"https:\/\/www.europesays.com\/no\/wp-json\/wp\/v2\/media\/111605"}],"wp:attachment":[{"href":"https:\/\/www.europesays.com\/no\/wp-json\/wp\/v2\/media?parent=111604"}],"wp:term":[{"taxonomy":"category","embeddable":true,"href":"https:\/\/www.europesays.com\/no\/wp-json\/wp\/v2\/categories?post=111604"},{"taxonomy":"post_tag","embeddable":true,"href":"https:\/\/www.europesays.com\/no\/wp-json\/wp\/v2\/tags?post=111604"}],"curies":[{"name":"wp","href":"https:\/\/api.w.org\/{rel}","templated":true}]}}