{"id":111608,"date":"2025-12-12T18:21:18","date_gmt":"2025-12-12T18:21:18","guid":{"rendered":"https:\/\/www.europesays.com\/no\/111608\/"},"modified":"2025-12-12T18:21:18","modified_gmt":"2025-12-12T18:21:18","slug":"andrew-windsor-og-sarah-ferguson-i-kongelig-setting-etter-tap-av-titler","status":"publish","type":"post","link":"https:\/\/www.europesays.com\/no\/111608\/","title":{"rendered":"Andrew Windsor og Sarah Ferguson i kongelig setting etter tap av titler"},"content":{"rendered":"<p class=\"kicker \" style=\"\">Andrew Mountbatten Windsor:\u00a0<\/p>\n<p>  Fredag dukket Andrew Windsor Mountbatten opp i en kongelig setting for f\u00f8rste gang siden han mistet prinsetittelen.\u00a0<\/p>\n<p>\n    INVITERT: Fredag 12. desember ble prinsesse Beatrices datter Athena d\u00f8pt i Chapel Royal. Faren hennes, Andrew Mountbatten Windsor, var en av gjestene. Foto: Gero Breloer \/ AP Photo \/ NTB\n  <\/p>\n<p>Andrew Mountbatten Windsor (65) og Sarah Ferguson (66) viste seg i en kongelig setting for f\u00f8rste gang siden de mistet titlene sine i h\u00f8st.\u00a0<\/p>\n<p class=\"font-weight-bold m-font-weight-bold\" data-lab-font_weight=\"font-weight-bold\"> I slutten av oktober ble det klart at 65-\u00e5ringen\u00a0<a href=\"https:\/\/www.seher.no\/kjendis\/mister-prinsetittelen-kroken-pa-dora\/83791540\" rel=\"nofollow noopener\" target=\"_blank\">mistet tittelen som prins<\/a>. Det var hans siste gjenv\u00e6rende tittel etter at han ble fratatt alle andre\u00a0<a href=\"https:\/\/www.seher.no\/kjendis\/na-er-han-ferdig\/83443774\" rel=\"nofollow noopener\" target=\"_blank\">milit\u00e6re titler og beskyttelser<\/a>.\u00a0<\/p>\n<p>    <a itemprop=\"url\" href=\"https:\/\/www.seher.no\/kongelig\/gir-opp-kampen\/83977766\" rel=\"nofollow noopener\" target=\"_blank\"><\/p>\n<p>        <img loading=\"lazy\" decoding=\"async\" src=\"https:\/\/www.europesays.com\/no\/wp-content\/uploads\/2025\/12\/83977826.webp\" width=\"147\" height=\"98\" title=\"Gir opp kampen\" alt=\"\" class=\"lazyload\" style=\"--aspect-ratio-image: 1.50; \"\/><\/p>\n<p>        Gir opp kampen<\/p>\n<p>    <\/a><\/p>\n<p>Samtidig ble det klart at han kastes ut av herskapshsuet\u00a0<a href=\"https:\/\/www.seher.no\/kjendis\/ikke-betalt-pa-22-ar\/83749458\" rel=\"nofollow noopener\" target=\"_blank\">Royal Lodge<\/a>, hvor han har bodd med ekskona i over 20 \u00e5r. \u00c5rsaken var tilknytningen hans til <a href=\"https:\/\/www.seher.no\/kjendis\/nye-meldinger-avslort\/83799820\" rel=\"nofollow noopener\" target=\"_blank\">overgrepsd\u00f8mte Jeffrey Epstein<\/a>.\u00a0<\/p>\n<p>    Dette har skjedd:<\/p>\n<ul>\n<li>Jeffrey Epstein ble i 2019 siktet for menneskehandel, der flere av ofrene var mindre\u00e5rige jenter. Han inngikk en tilst\u00e5elsesavtale, og ble registrert som sexforbryter. Samme \u00e5r d\u00f8de han i fengsel, 66 \u00e5r gammel. Mange sp\u00f8rsm\u00e5l forblir derfor ubesvart, siden saken aldri kom til retten.<\/li>\n<li>En av de mest omtalte sakene omhandler Andrew Windsor Mountbatten.\u00a0<\/li>\n<li>I et rettsdokument fra desember 2014 fortalte Virginia Giuffre at hun ble sendt til den dav\u00e6rende prinsen tre ganger mens hun var 17 \u00e5r gammel for \u00e5 utf\u00f8re seksuelle tjenester, av Epstein.\u00a0<\/li>\n<li>I 2018 saks\u00f8kte hun Andrew og anklaget ham for seksuelle overgrep, noe han benektet. Giuffre inngikk seinere forlik med Andrew.<\/li>\n<li>I 2022, i kj\u00f8lvannet av saken, ble Andrew fratatt sine milit\u00e6re titler og beskyttelser.\u00a0<\/li>\n<li>I midten av oktober 2025, ga Andrew fra seg resten av titlene sine, deriblant som hertug av York. Den gang ble det sagt at han likevel ville beholde tittelen prins, ettersom han er f\u00f8dt som s\u00f8nn av dronning Elizabeth.<\/li>\n<li>30. oktober kom kontrabeskjeden: Andrew mister prinsetittelen, og hans nye navn er\u00a0Andrew Mountbatten Windsor.\u00a0<\/li>\n<li>Det ble samtidig kjent at han kastes ut av Royal Lodge, hvor han har bodd i over 20 \u00e5r. Andrews nye hjem skal v\u00e6re den private Sandringham-eiendommen i Norfolk. Den vil bli privat finansiert av kongen.<\/li>\n<li>Andrew beholder sin plass i arverekken, som er nummer \u00e5tte.<\/li>\n<li>Avgj\u00f8relsen kommer etter \u00f8kt press p\u00e5 Andrew etter at flere rapporter dukket opp om hans forhold til den avd\u00f8de sexforbryteren Jeffrey Epstein.<\/li>\n<li>For tiden etterforskes ogs\u00e5 flere p\u00e5stander om Andrew av politiet, etter at flere medier har rapportert at han\u00a0skal ha bedt politibeskyttelsen sin om \u00e5\u00a0skaffe personlig informasjon om Virginia Giuffre tilbake i 2011.\u00a0<\/li>\n<\/ul>\n<p>      Vis mer<br \/>\n      Vis mindre<\/p>\n<p>&#8211; Selvf\u00f8lgelig ber hun faren sin\t<\/p>\n<p>Fredag dukket det tidligere hertugparet opp i offentligheten. Det melder flere britiske medier, blant annet <a href=\"https:\/\/www.dailymail.co.uk\/news\/article-15377791\/Princess-Eugenie-Jack-Brooksbank-arrive-palace-christening-Beatrices-daughter-Athena-Andrew-Fergie-expected-come-exile-attend-ceremony.html?ito=push-notification&amp;ci=ht1v7XZcaI&amp;cri=fFNPYVTWfW&amp;si=OuPE50L_qHfJ&amp;xi=f315a498-72e8-4bb3-afe6-0b3bf1898130&amp;ai=15377791\" rel=\"nofollow noopener\" target=\"_blank\">Daily Mail<\/a>\u00a0og <a href=\"https:\/\/www.hellomagazine.com\/royalty\/872559\/andrew-mountbatten-windsor-attends-athena-christening\/\" rel=\"nofollow noopener\" target=\"_blank\">Hello!<\/a>.\u00a0<\/p>\n<p class=\"font-weight-bold m-font-weight-bold\" data-lab-font_weight=\"font-weight-bold\">Anledningen var at parets barnebarn <a href=\"https:\/\/www.seher.no\/kongelig\/roper-gladnyhet\/82597054\" rel=\"nofollow noopener\" target=\"_blank\">Athena Elizabeth Rose Mapelli Mozzi<\/a>, datter av prinsesse Beatrice (37) og hennes ektemann Edo Mapelli Mozzi (41), skulle bli d\u00f8pt i Chapel Royal ved St James&#8217;s Palace.\u00a0<\/p>\n<p class=\"font-weight-bold m-font-weight-bold\" data-lab-font_weight=\"font-weight-bold\"> Det var f\u00f8rste gang etter at de mistet titlene sine at det tidligere hertugparet av York viser seg i en kongelig setting. <\/p>\n<p>        <img loading=\"lazy\" decoding=\"async\" src=\"https:\/\/www.europesays.com\/no\/wp-content\/uploads\/2025\/12\/83978057.webp\" width=\"686\" height=\"741\" title=\"ATHENA: Athena kom til verden 29. januar 2025, to uker f\u00f8r planlagt termin. Foto: Instagram \/ @edomapellimozzi\" alt=\"\" class=\"\" style=\"--aspect-ratio-image: 0.93; \"\/><\/p>\n<p>\n        ATHENA: Athena kom til verden 29. januar 2025, to uker f\u00f8r planlagt termin. Foto: Instagram \/ @edomapellimozzi\n    <\/p>\n<p>        <img loading=\"lazy\" decoding=\"async\" src=\"https:\/\/www.europesays.com\/no\/wp-content\/uploads\/2025\/12\/83976435.webp\" width=\"980\" height=\"559\" title=\"GODT GJEMT: Gjestene ankom d\u00e5pen sv\u00e6rt diskr\u00e9. Her er Athenas far, Edo Mapelli Mozzi, avbildet p\u00e5 vei til d\u00e5pen. Foto: Carlos Jasso\/REUTERS\/NTB\" alt=\"\" class=\"\" style=\"--aspect-ratio-image: 1.75; \"\/><\/p>\n<p>\n        GODT GJEMT: Gjestene ankom d\u00e5pen sv\u00e6rt diskr\u00e9. Her er Athenas far, Edo Mapelli Mozzi, avbildet p\u00e5 vei til d\u00e5pen. Foto: Carlos Jasso\/REUTERS\/NTB\n    <\/p>\n<p class=\"font-weight-bold m-font-weight-bold\" data-lab-font_weight=\"font-weight-bold\"> Eksparet skal ha kommet i hver sin bil, p\u00e5 ulike tidspunkt. <\/p>\n<p>Ogs\u00e5 parets andre datter prinsesse Eugenie (35) og ektemannen Jack Brooksbank (39) var til stede ved den kongelige begivenheten.\u00a0<\/p>\n<p>        BUNNPUNKT: Semifinalist Tiril Eckhoff avsl\u00f8rer t\u00e5rev\u00e5tt sammenbrudd, og hva som fikk henne til \u00e5 kjefte p\u00e5 dansepartneren Santino Mirenna. Reporter: Sanne Holt. Video: \u00abSkal vi danse\u00bb\/ TV 2\/ Sanne Holt\/ R\u00f8d L\u00f8per<\/p>\n<p> &#8211; Beatrice har selvf\u00f8lgelig invitert faren sin til d\u00e5pen,\u00a0sa en kilde til <a data-lab-font_weight=\"font-weight-bold\" href=\"https:\/\/www.dailymail.co.uk\/news\/article-15377791\/Princess-Eugenie-Jack-Brooksbank-arrive-palace-christening-Beatrices-daughter-Athena-Andrew-Fergie-expected-come-exile-attend-ceremony.html\" rel=\"nofollow noopener\" target=\"_blank\">Mail on Sunday<\/a>\u00a0tidligere denne uka.\u00a0<\/p>\n<p class=\"font-weight-bold m-font-weight-bold\" data-lab-font_weight=\"font-weight-bold\">&#8211; Det kommer til \u00e5 v\u00e6re en kongelig anledning, men alle gruer seg til tanken p\u00e5 \u00e5 se Andrew der, fortsatte kilden.\u00a0<\/p>\n<p data-lab-font_weight=\"\">Beatrice skal ha holdt seg n\u00e6r moren under Epstein-skandalen, men forholdet til faren skal ha blitt mer anstrengt.<\/p>\n<p>        <img loading=\"lazy\" decoding=\"async\" src=\"https:\/\/www.europesays.com\/no\/wp-content\/uploads\/2025\/12\/83976571.webp\" width=\"686\" height=\"392\" title=\"P\u00c5 BES\u00d8K. Beatrice avbildet idet hun er p\u00e5 vei til Royal Lodge for \u00e5 bes\u00f8ke sin far, 20. oktober 2025. Knappe ti dager seinere ble det bekreftet at Andrew skulle fratas tittelen som prins. Foto: Invicta Kent Media\/Shutterstock\/NTB\" alt=\"\" class=\"\" style=\"--aspect-ratio-image: 1.75; \"\/><\/p>\n<p>\n        P\u00c5 BES\u00d8K. Beatrice avbildet idet hun er p\u00e5 vei til Royal Lodge for \u00e5 bes\u00f8ke sin far, 20. oktober 2025. Knappe ti dager seinere ble det bekreftet at Andrew skulle fratas tittelen som prins. Foto: Invicta Kent Media\/Shutterstock\/NTB\n    <\/p>\n<p>Athena skulle opprinnelig v\u00e6rt d\u00f8pt tidligere i \u00e5r, men skandalen rundt besteforeldrene utsatte seremonien, skriver Daily Mail. <a href=\"https:\/\/www.seher.no\/kongelig\/avslorer-babynavnet\/74293277\" rel=\"nofollow noopener\" target=\"_blank\">Stores\u00f8ster Sienna<\/a> ble d\u00f8pt i 2022, bare seks m\u00e5neder etter f\u00f8dselen.\u00a0<\/p>\n<p>&#8211; Viste seg ikke\u00a0\t<\/p>\n<p>Etter d\u00e5pen gikk festen videre til en pub, der de fleste av gjestene ogs\u00e5 var \u00e5 se, skriver <a href=\"https:\/\/www.dailymail.co.uk\/news\/article-15378557\/Princess-Beatrice-Edoardo-Mapelli-Mozzi-pub-family-friends-daughters-palace-christening-Andrew-Fergie-seen-resume-exile.html?ns_mchannel=rss&amp;ito=1490&amp;ns_campaign=1490\" rel=\"nofollow noopener\" target=\"_blank\">Daily Mail<\/a>.\u00a0<\/p>\n<p>    <a itemprop=\"url\" href=\"https:\/\/www.seher.no\/kongelig\/har-gatt-i-skjul\/83867557\" rel=\"nofollow noopener\" target=\"_blank\"><\/p>\n<p>        <img loading=\"lazy\" decoding=\"async\" src=\"https:\/\/www.europesays.com\/no\/wp-content\/uploads\/2025\/12\/1765563676_812_83867709.webp\" width=\"980\" height=\"441\" title=\"Har g\u00e5tt i skjul\" alt=\"\" class=\"lazyload\" style=\"--aspect-ratio-image: 2.22; \"\/><\/p>\n<p>        Har g\u00e5tt i skjul<\/p>\n<p>    <\/a><\/p>\n<p> Det lykkelige paret ble sett idet de steg ut av en taxi i Marylebone, der de balanserte det som s\u00e5 ut til \u00e5 v\u00e6re en festkake, omgitt av venner. <\/p>\n<p>        <img loading=\"lazy\" decoding=\"async\" src=\"https:\/\/www.europesays.com\/no\/wp-content\/uploads\/2025\/12\/83978329.webp\" width=\"686\" height=\"707\" title=\"ANKOMST: James Blunt ankommer St James\u2019s Palace i London i forbindelse med den private d\u00e5pen til Athena Mapelli Mozzi, prinsesse Beatrice og Edoardo Mapelli Mozzis andre datter. Foto: Chris J Ratcliffe\/Reuters\/NTB\" alt=\"\" class=\"\" style=\"--aspect-ratio-image: 0.97; \"\/><\/p>\n<p>\n        ANKOMST: James Blunt ankommer St James\u2019s Palace i London i forbindelse med den private d\u00e5pen til Athena Mapelli Mozzi, prinsesse Beatrice og Edoardo Mapelli Mozzis andre datter. Foto: Chris J Ratcliffe\/Reuters\/NTB\n    <\/p>\n<p>Blant gjestene p\u00e5 etterfesten var James Blunt (51), men de to mest profilerte familiemedlemmene glimret med sitt frav\u00e6r. Andrew Mountbatten Windsor og Sarah Ferguson var ikke med videre fra kirken.<\/p>\n<p>        GIKK VIRALT: Trygve Bennetsen r\u00f8per hva Sophie Elise sa etter hans mulige \u00abMaskorama\u00bb-avsl\u00f8ring gikk viralt. Reporter: Sanne Holt\/ Karolina Grace Rusov-Hansen<\/p>\n<p>Selv om begge var til stede under d\u00e5pen, sluttet de seg alts\u00e5 ikke til familien etterp\u00e5 og trakk seg i stedet tilbake.<\/p>\n","protected":false},"excerpt":{"rendered":"Andrew Mountbatten Windsor:\u00a0 Fredag dukket Andrew Windsor Mountbatten opp i en kongelig setting for f\u00f8rste gang siden han&hellip;\n","protected":false},"author":2,"featured_media":111609,"comment_status":"","ping_status":"","sticky":false,"template":"","format":"standard","meta":{"footnotes":""},"categories":[58],"tags":[10361,13663,71,2543,76,30,28,29,7479,72],"class_list":{"0":"post-111608","1":"post","2":"type-post","3":"status-publish","4":"format-standard","5":"has-post-thumbnail","7":"category-underholdning","8":"tag-andrew-mountbatten-windsor","9":"tag-dap","10":"tag-entertainment","11":"tag-kjendisdesken","12":"tag-kongelig","13":"tag-no","14":"tag-norge","15":"tag-norway","16":"tag-prinsesse-beatrice","17":"tag-underholdning"},"share_on_mastodon":{"url":"https:\/\/pubeurope.com\/@no\/115707988562354443","error":""},"_links":{"self":[{"href":"https:\/\/www.europesays.com\/no\/wp-json\/wp\/v2\/posts\/111608","targetHints":{"allow":["GET"]}}],"collection":[{"href":"https:\/\/www.europesays.com\/no\/wp-json\/wp\/v2\/posts"}],"about":[{"href":"https:\/\/www.europesays.com\/no\/wp-json\/wp\/v2\/types\/post"}],"author":[{"embeddable":true,"href":"https:\/\/www.europesays.com\/no\/wp-json\/wp\/v2\/users\/2"}],"replies":[{"embeddable":true,"href":"https:\/\/www.europesays.com\/no\/wp-json\/wp\/v2\/comments?post=111608"}],"version-history":[{"count":0,"href":"https:\/\/www.europesays.com\/no\/wp-json\/wp\/v2\/posts\/111608\/revisions"}],"wp:featuredmedia":[{"embeddable":true,"href":"https:\/\/www.europesays.com\/no\/wp-json\/wp\/v2\/media\/111609"}],"wp:attachment":[{"href":"https:\/\/www.europesays.com\/no\/wp-json\/wp\/v2\/media?parent=111608"}],"wp:term":[{"taxonomy":"category","embeddable":true,"href":"https:\/\/www.europesays.com\/no\/wp-json\/wp\/v2\/categories?post=111608"},{"taxonomy":"post_tag","embeddable":true,"href":"https:\/\/www.europesays.com\/no\/wp-json\/wp\/v2\/tags?post=111608"}],"curies":[{"name":"wp","href":"https:\/\/api.w.org\/{rel}","templated":true}]}}