{"id":111614,"date":"2025-12-12T18:27:11","date_gmt":"2025-12-12T18:27:11","guid":{"rendered":"https:\/\/www.europesays.com\/no\/111614\/"},"modified":"2025-12-12T18:27:11","modified_gmt":"2025-12-12T18:27:11","slug":"er-vi-blitt-rundlurt-dagbladet","status":"publish","type":"post","link":"https:\/\/www.europesays.com\/no\/111614\/","title":{"rendered":"Er vi blitt rundlurt? &#8211; Dagbladet"},"content":{"rendered":"<ol>\n<li><a href=\"https:\/\/news.google.com\/rss\/articles\/CBMicEFVX3lxTE84bmJXeVhBcHN1dVJRd1BxNDQ1cGxhNU14cmlrZEhVSW5PMlcxcHRiQVYyR3hqaExCRDVyeFZ0d1RGeUhoU1Fhb1plc2ZLdE40bFdaV3I5QVlJTFdDVkdBU3N2ZUhsbFJJS3FYdlgxb3Y?oc=5\" target=\"_blank\" rel=\"nofollow noopener\">Er vi blitt rundlurt?<\/a>&nbsp;&nbsp;Dagbladet<\/li>\n<li><a href=\"https:\/\/news.google.com\/rss\/articles\/CBMitgFBVV95cUxPeTdobXR3VTdHemtxa01COVlMM002MGNqQlBUNEVpa1dIWlB1ck14VlBCZGFNVXFDaDhrRUgwa1l4YVNmaGE5UVRsQUZNQ0JiSUNCbzN0Ri00ZTFVNkR4SGF4RG5kbVFXUTBPVWtqMVVURjVoeE9JTFhEM2xOT3pzNFpRVlIxcUdmNzcyV194QmdXZ09VdS03WHhaYXh5UGlaQUhQeEtUWnQ0bEozdVloRTgycnFMdw?oc=5\" target=\"_blank\" rel=\"nofollow noopener\">Brenna og St\u00f8re vil ha full skjenking p\u00e5 natten gjennom VM.<\/a>&nbsp;&nbsp;Aftenposten<\/li>\n<li><a href=\"https:\/\/news.google.com\/rss\/articles\/CBMixAFBVV95cUxPUFNKZTZ3dkgzNkRYRTc1Z1R6aWlYMUwzb1Y2QnFISUNudTk3R3FXYlU2QnhFc21zT0RzTzh4c2w3MzRZRUVNRUxEUnBZRFRyeXUtX0p4eXZSUVJjV3R6ZmI4U2JGV1RCX1ZDRktoZ2t3R0IzWEFjbnVEbXNfTEt0ME9oMmFzNHBRSnFVSnh6QlJLNlRFV0dCelBOTC02WE9RYlpGbXU5WUtRZHowSlJoazJqY2lHVHJYclZsbEkyLW1NTVhF?oc=5\" target=\"_blank\" rel=\"nofollow noopener\">Erlend Svardal B\u00f8e og H\u00f8yre vil fremme forslag for \u00e5 utvide skjenketidene under fotball-VM<\/a>&nbsp;&nbsp;NRK<\/li>\n<li><a href=\"https:\/\/news.google.com\/rss\/articles\/CBMikAFBVV95cUxOakU1YXdlNVlZa3hibGJmT052THNxVE5kQmZhcG5DMV8wYVJ6bVUteVAwUko0U09OdktDWk9hTFhHYmFLR3h4azlSa2dfTzRYSGNlU3N1WWt5dzNNdDVCUHlFeHpHTnBxR1VnWWZON1pXYkhYMFZfLVIwd0pIalpjd2RwZ25oNDVMdk1PTk1TWGY?oc=5\" target=\"_blank\" rel=\"nofollow noopener\">Krever skjenke-avklaring fra St\u00f8re: \u2013\u2060 M\u00e5 v\u00e6re mulig \u00e5 svare p\u00e5<\/a>&nbsp;&nbsp;VG<\/li>\n<li><a href=\"https:\/\/news.google.com\/rss\/articles\/CBMib0FVX3lxTFBzVTBFNVF5dGNBUjZaZ0Z3X2JoT09MbTRHSGh1Q1MtazhqVDZTS1YxX3BDdGdyTlh3aVY1N3NYeDJFUXFhZmluc0ptRjRldTlacDhMRlVxeHRvdjFDdHdxd0JLVENzSjNDOE5PNHBWTQ?oc=5\" target=\"_blank\" rel=\"nofollow noopener\">Skal lage VM-fest i \u00c5lesund<\/a>&nbsp;&nbsp;smp.no<\/li>\n<\/ol>\n","protected":false},"excerpt":{"rendered":"Er vi blitt rundlurt?&nbsp;&nbsp;Dagbladet Brenna og St\u00f8re vil ha full skjenking p\u00e5 natten gjennom VM.&nbsp;&nbsp;Aftenposten Erlend Svardal B\u00f8e&hellip;\n","protected":false},"author":2,"featured_media":111615,"comment_status":"","ping_status":"","sticky":false,"template":"","format":"standard","meta":{"footnotes":""},"categories":[59],"tags":[201,266,156,30,28,29,526,4494,83,82,11859],"class_list":{"0":"post-111614","1":"post","2":"type-post","3":"status-publish","4":"format-standard","5":"has-post-thumbnail","7":"category-sport","8":"tag-jonas-gahr-store","9":"tag-kommentar","10":"tag-meninger","11":"tag-no","12":"tag-norge","13":"tag-norway","14":"tag-ol","15":"tag-sigrid-hvidsten","16":"tag-sport","17":"tag-sports","18":"tag-vm2026"},"share_on_mastodon":{"url":"https:\/\/pubeurope.com\/@no\/115708011928242805","error":""},"_links":{"self":[{"href":"https:\/\/www.europesays.com\/no\/wp-json\/wp\/v2\/posts\/111614","targetHints":{"allow":["GET"]}}],"collection":[{"href":"https:\/\/www.europesays.com\/no\/wp-json\/wp\/v2\/posts"}],"about":[{"href":"https:\/\/www.europesays.com\/no\/wp-json\/wp\/v2\/types\/post"}],"author":[{"embeddable":true,"href":"https:\/\/www.europesays.com\/no\/wp-json\/wp\/v2\/users\/2"}],"replies":[{"embeddable":true,"href":"https:\/\/www.europesays.com\/no\/wp-json\/wp\/v2\/comments?post=111614"}],"version-history":[{"count":0,"href":"https:\/\/www.europesays.com\/no\/wp-json\/wp\/v2\/posts\/111614\/revisions"}],"wp:featuredmedia":[{"embeddable":true,"href":"https:\/\/www.europesays.com\/no\/wp-json\/wp\/v2\/media\/111615"}],"wp:attachment":[{"href":"https:\/\/www.europesays.com\/no\/wp-json\/wp\/v2\/media?parent=111614"}],"wp:term":[{"taxonomy":"category","embeddable":true,"href":"https:\/\/www.europesays.com\/no\/wp-json\/wp\/v2\/categories?post=111614"},{"taxonomy":"post_tag","embeddable":true,"href":"https:\/\/www.europesays.com\/no\/wp-json\/wp\/v2\/tags?post=111614"}],"curies":[{"name":"wp","href":"https:\/\/api.w.org\/{rel}","templated":true}]}}