{"id":111624,"date":"2025-12-12T18:36:17","date_gmt":"2025-12-12T18:36:17","guid":{"rendered":"https:\/\/www.europesays.com\/no\/111624\/"},"modified":"2025-12-12T18:36:17","modified_gmt":"2025-12-12T18:36:17","slug":"hvordan-kjaerligheten-overlevde-julen-2017","status":"publish","type":"post","link":"https:\/\/www.europesays.com\/no\/111624\/","title":{"rendered":"Hvordan kj\u00e6rligheten overlevde julen 2017"},"content":{"rendered":"<p class=\"kicker \" style=\"\">Ina Wroldsen:\u00a0<\/p>\n<p>  Sangstjernen og hennes utk\u00e5rede har v\u00e6rt gift i 13 \u00e5r. En av juletredekorasjonene hennes minner henne p\u00e5 hvorfor.\u00a0<\/p>\n<p>\n    FANT TILBAKE: Juletiden i 2017 ble et vendepunkt for artist Ina Wroldsen og ektemannen. Foto: Instagram \/ @inawroldsenofficial\n  <\/p>\n<p> Musiker\u00a0<a href=\"https:\/\/www.seher.no\/kjendis\/ina-wroldsen-ble-hofteopererert\/65429960\" rel=\"nofollow noopener\" target=\"_blank\">Ina Wroldsen (41)<\/a>\u00a0har gjennom \u00e5rene skrevet sanger for noen av verdens st\u00f8rste artister, i tillegg\u00a0 til kjent som dommer i \u00abIdol\u00bb og \u00abThe Voice\u00bb <\/p>\n<p>    <a itemprop=\"url\" href=\"https:\/\/www.dagbladet.no\/kjendis\/roper-gjort-et-unntak\/83969237\" rel=\"nofollow noopener\" target=\"_blank\"><\/p>\n<p>        <img loading=\"lazy\" decoding=\"async\" src=\"https:\/\/www.europesays.com\/no\/wp-content\/uploads\/2025\/12\/83970029.webp\" width=\"980\" height=\"441\" title=\"R\u00f8per: - Gjort et unntak\" alt=\"\" class=\"lazyload\" style=\"--aspect-ratio-image: 2.22; \"\/><\/p>\n<p>        R\u00f8per: &#8211; Gjort et unntak<\/p>\n<p>    <\/a><\/p>\n<p> P\u00e5 privaten har hun lenge vekslet mellom \u00e5 bo i London og Norge. Hun fant nemlig\u00a0<a href=\"https:\/\/www.seher.no\/kjendis\/det-er-en-av-menneskehetens-storste-feil\/69907475\" rel=\"nofollow noopener\" target=\"_blank\">kj\u00e6rligheten med engelskmannen Mark Ellwood<\/a>. I dag har paret v\u00e6rt sammen i hele 18 \u00e5r, og gift i de seneste 13. Sammen har de ogs\u00e5 s\u00f8nnen William, som fylte 16 \u00e5r i sommer. <\/p>\n<p>N\u00e5 \u00e5pner hun seg om julen i 2017, som var en s\u00e6rlig vanskelig tid for henne og ektemannen,\u00a0 i et nytt intervju med\u00a0<a href=\"https:\/\/www.vg.no\/rampelys\/i\/oELQoR\/ina-wroldsen-om-krisen-det-tok-ett-aar\" rel=\"nofollow noopener\" target=\"_blank\">VG<\/a>.<\/p>\n<p>        UVANLIG: Kong Charles, som for tiden f\u00e5r behandling for kreft, skal fredag kveld dele en videooppdatering om sin helsetilstand. If\u00f8lge Se og H\u00f8rs kongehusekspert er dette et uvanlig grep fra det britiske kongehuset. Reporter: Caroline Vagle. Video: Kine Falch<\/p>\n<p>&#8211; Vi hadde mistet oversikten\t<\/p>\n<p>I 2017 bodde Ina og Mark i London. Planen var at de skulle flytte til Norge, etter \u00e5 ha v\u00e6rt bosatt i den engelske hovedstaden i \u00e5tte \u00e5r.\u00a0<\/p>\n<p> Da de flyttet ble forskjellene mellom dem tydeligere, forteller Ina.\u00a0<\/p>\n<p>    <a itemprop=\"url\" href=\"https:\/\/www.dagbladet.no\/kjendis\/jeg-knakk-helt\/82451192\" rel=\"nofollow noopener\" target=\"_blank\"><\/p>\n<p>        <img loading=\"lazy\" decoding=\"async\" src=\"https:\/\/www.europesays.com\/no\/wp-content\/uploads\/2025\/12\/82457762.webp\" width=\"980\" height=\"441\" title=\"- Jeg knakk helt\" alt=\"\" class=\"lazyload\" style=\"--aspect-ratio-image: 2.22; \"\/><\/p>\n<p>        &#8211; Jeg knakk helt<\/p>\n<p>    <\/a><\/p>\n<p class=\"font-weight-bold m-font-weight-bold\" data-lab-font_weight=\"font-weight-bold\">&#8211;\u00a0Det \u00e5ret var det akkurat som om vi ikke hadde noe \u00e5 snakke om, og selv om vi fungerte sammen p\u00e5 jobb, hadde vi fullstendig mistet oversikten over hvem vi var som par, forteller hun.\u00a0<\/p>\n<p> Mark slet med \u00e5 finne seg til rette i Norge, mens Ina var dypt forankret i jobb og hverdag. Stillheten som oppsto mellom dem, var uvant og ubehagelig. <\/p>\n<p>Etter en krangel reiste Ina alene hjem til Norge, mens Mark ble igjen i London. Sangeren forteller at hun trodde et uunng\u00e5elig brudd n\u00e6rmet seg.\u00a0<\/p>\n<p>        <img loading=\"lazy\" decoding=\"async\" src=\"https:\/\/www.europesays.com\/no\/wp-content\/uploads\/2025\/12\/82583825.webp\" width=\"686\" height=\"728\" title=\"FLYTTET: Ina Wroldsen med ektemannen Mark flyttet til Norge for \u00e5tte \u00e5r siden. I dag er de bosatt i Sandefjord. Foto: Instagram \/ @inawroldsenofficial\" alt=\"\" class=\"\" style=\"--aspect-ratio-image: 0.94; \"\/><\/p>\n<p>\n        FLYTTET: Ina Wroldsen med ektemannen Mark flyttet til Norge for \u00e5tte \u00e5r siden. I dag er de bosatt i Sandefjord. Foto: Instagram \/ @inawroldsenofficial\n    <\/p>\n<p>&#8211;\u00a0 Det hadde g\u00e5tt d\u00e5rlig med oss ganske lenge, og jeg husker at jeg reiste hjem og var helt sikker p\u00e5 at dette var slutten. Det f\u00f8ltes som om vi hadde brukt opp alt vi hadde sammen, deler hun.\u00a0<\/p>\n<p>Det ble allikevel ikke slutten p\u00e5 paret. Mark fulgte henne nemlig til Norge med en plastnisse til juletreet og et kort der han hadde skrevet at han ville f\u00e5 forholdet til \u00e5 funke.\u00a0<\/p>\n<p>        SVARER: En av Herman Flesvigs karakterer i NRKs julekalender \u00abNissene i skjul\u00bb har f\u00e5tt mye omtale. N\u00e5 svarer en av dem som blir parodiert. Video: Marthe Karlson Nielsen\/ Nora Skavhaug\/ R\u00f8d L\u00f8per<\/p>\n<p> Et valg som m\u00e5tte tas \t<\/p>\n<p>Julen 2017 ble et vendepunkt for paret, opplyser Ina. Etter flere lengre samtaler valgte paret \u00e5 forbli sammen. I dag er de bosatt i Sandefjord.\u00a0<\/p>\n<p>    <a itemprop=\"url\" href=\"https:\/\/www.dagbladet.no\/kjendis\/strengere-med-meg-selv\/81936317\" rel=\"nofollow noopener\" target=\"_blank\"><\/p>\n<p>        <img loading=\"lazy\" decoding=\"async\" src=\"https:\/\/www.europesays.com\/no\/wp-content\/uploads\/2025\/12\/81939050.webp\" width=\"980\" height=\"441\" title=\"- Strengere med meg selv\" alt=\"\" class=\"lazyload\" style=\"--aspect-ratio-image: 2.22; \"\/><\/p>\n<p>        &#8211; Strengere med meg selv<\/p>\n<p>    <\/a><\/p>\n<p> &#8211; Jeg husker at jeg hang opp den \u00e5ret etter og var r\u00f8rt, og det er det julepynt er for meg, fortalte Ina i en <a href=\"https:\/\/www.instagram.com\/reel\/DDWmWCWKiQ2\/?utm_source=ig_embed\" rel=\"nofollow noopener\" target=\"_blank\">Instagram<\/a>-video i fjor.\u00a0<\/p>\n<p class=\"font-weight-bold m-font-weight-bold\" data-lab-font_weight=\"font-weight-bold\">P\u00e5 det nye julealbumet til Ina synger hun om den vonde tiden i l\u00e5ten\u00a0 \u00abChristmas Card from Dean Street\u00bb.\u00a0<\/p>\n<p>&#8211;\u00a0 N\u00e5r jeg henger opp den nissen n\u00e5, kjenner jeg meg utrolig heldig. Ikke fordi det var lett, men fordi vi faktisk hadde mer substans enn vi trodde, og fordi vi klarte \u00e5 vente ut den stormen vi sto midt i, sier hun til VG.\u00a0<\/p>\n<p><script async src=\"\/\/www.instagram.com\/embed.js\"><\/script><\/p>\n","protected":false},"excerpt":{"rendered":"Ina Wroldsen:\u00a0 Sangstjernen og hennes utk\u00e5rede har v\u00e6rt gift i 13 \u00e5r. En av juletredekorasjonene hennes minner henne&hellip;\n","protected":false},"author":2,"featured_media":111625,"comment_status":"","ping_status":"","sticky":false,"template":"","format":"standard","meta":{"footnotes":""},"categories":[58],"tags":[71,6601,479,2543,30,28,29,72],"class_list":{"0":"post-111624","1":"post","2":"type-post","3":"status-publish","4":"format-standard","5":"has-post-thumbnail","7":"category-underholdning","8":"tag-entertainment","9":"tag-ina-wroldsen","10":"tag-kjendis","11":"tag-kjendisdesken","12":"tag-no","13":"tag-norge","14":"tag-norway","15":"tag-underholdning"},"share_on_mastodon":{"url":"https:\/\/pubeurope.com\/@no\/115708047297443049","error":""},"_links":{"self":[{"href":"https:\/\/www.europesays.com\/no\/wp-json\/wp\/v2\/posts\/111624","targetHints":{"allow":["GET"]}}],"collection":[{"href":"https:\/\/www.europesays.com\/no\/wp-json\/wp\/v2\/posts"}],"about":[{"href":"https:\/\/www.europesays.com\/no\/wp-json\/wp\/v2\/types\/post"}],"author":[{"embeddable":true,"href":"https:\/\/www.europesays.com\/no\/wp-json\/wp\/v2\/users\/2"}],"replies":[{"embeddable":true,"href":"https:\/\/www.europesays.com\/no\/wp-json\/wp\/v2\/comments?post=111624"}],"version-history":[{"count":0,"href":"https:\/\/www.europesays.com\/no\/wp-json\/wp\/v2\/posts\/111624\/revisions"}],"wp:featuredmedia":[{"embeddable":true,"href":"https:\/\/www.europesays.com\/no\/wp-json\/wp\/v2\/media\/111625"}],"wp:attachment":[{"href":"https:\/\/www.europesays.com\/no\/wp-json\/wp\/v2\/media?parent=111624"}],"wp:term":[{"taxonomy":"category","embeddable":true,"href":"https:\/\/www.europesays.com\/no\/wp-json\/wp\/v2\/categories?post=111624"},{"taxonomy":"post_tag","embeddable":true,"href":"https:\/\/www.europesays.com\/no\/wp-json\/wp\/v2\/tags?post=111624"}],"curies":[{"name":"wp","href":"https:\/\/api.w.org\/{rel}","templated":true}]}}