{"id":111635,"date":"2025-12-12T18:59:14","date_gmt":"2025-12-12T18:59:14","guid":{"rendered":"https:\/\/www.europesays.com\/no\/111635\/"},"modified":"2025-12-12T18:59:14","modified_gmt":"2025-12-12T18:59:14","slug":"johannes-hosflot-klaebo-erik-valnes","status":"publish","type":"post","link":"https:\/\/www.europesays.com\/no\/111635\/","title":{"rendered":"Johannes h\u00f8sflot Kl\u00e6bo, Erik Valnes"},"content":{"rendered":"\n<p>Norges f\u00f8rstelag med Johannes H\u00f8sflot Kl\u00e6bo og Erik Valnes var storfavoritter p\u00e5 lagsprinten i Davos fredag ettermiddag.<\/p>\n<p>Den norske duoen ledet stort sett gjennom hele rennet, f\u00f8r Kl\u00e6bo avgjorde alt mot slutten.<\/p>\n<p>\u2013 Han viser hvem som er kongen her n\u00e5, Johannes H\u00f8sflot Kl\u00e6bo, sier Viaplay-kommentator J\u00f8rn Sundby.<\/p>\n<p>De to er dermed gode kandidater til \u00e5 f\u00e5 plass p\u00e5 lagsprinten i OL senere i vinter.<\/p>\n<p>\u2013 Det er vanskelig \u00e5 gj\u00f8r noe med dem i lagsprint, sier Viaplay-ekspert Niklas Dyrhaug.<\/p>\n<p>Italia kom p\u00e5 andreplass, mens Sverige tok tredjeplassen. Italienerne var dr\u00f8ye to sekunder bak vinnerduoen, mens svenskene var hakk i h\u00e6l der igjen.<\/p>\n<p>Norges andrelag, med Harald \u00d8stberg Amundsen og Oskar Opestad Vike, endte p\u00e5 en sjuendeplass. <\/p>\n","protected":false},"excerpt":{"rendered":"Norges f\u00f8rstelag med Johannes H\u00f8sflot Kl\u00e6bo og Erik Valnes var storfavoritter p\u00e5 lagsprinten i Davos fredag ettermiddag. Den&hellip;\n","protected":false},"author":2,"featured_media":111636,"comment_status":"","ping_status":"","sticky":false,"template":"","format":"standard","meta":{"footnotes":""},"categories":[59],"tags":[30,28,29,83,82],"class_list":{"0":"post-111635","1":"post","2":"type-post","3":"status-publish","4":"format-standard","5":"has-post-thumbnail","7":"category-sport","8":"tag-no","9":"tag-norge","10":"tag-norway","11":"tag-sport","12":"tag-sports"},"share_on_mastodon":{"url":"https:\/\/pubeurope.com\/@no\/115708137529775952","error":""},"_links":{"self":[{"href":"https:\/\/www.europesays.com\/no\/wp-json\/wp\/v2\/posts\/111635","targetHints":{"allow":["GET"]}}],"collection":[{"href":"https:\/\/www.europesays.com\/no\/wp-json\/wp\/v2\/posts"}],"about":[{"href":"https:\/\/www.europesays.com\/no\/wp-json\/wp\/v2\/types\/post"}],"author":[{"embeddable":true,"href":"https:\/\/www.europesays.com\/no\/wp-json\/wp\/v2\/users\/2"}],"replies":[{"embeddable":true,"href":"https:\/\/www.europesays.com\/no\/wp-json\/wp\/v2\/comments?post=111635"}],"version-history":[{"count":0,"href":"https:\/\/www.europesays.com\/no\/wp-json\/wp\/v2\/posts\/111635\/revisions"}],"wp:featuredmedia":[{"embeddable":true,"href":"https:\/\/www.europesays.com\/no\/wp-json\/wp\/v2\/media\/111636"}],"wp:attachment":[{"href":"https:\/\/www.europesays.com\/no\/wp-json\/wp\/v2\/media?parent=111635"}],"wp:term":[{"taxonomy":"category","embeddable":true,"href":"https:\/\/www.europesays.com\/no\/wp-json\/wp\/v2\/categories?post=111635"},{"taxonomy":"post_tag","embeddable":true,"href":"https:\/\/www.europesays.com\/no\/wp-json\/wp\/v2\/tags?post=111635"}],"curies":[{"name":"wp","href":"https:\/\/api.w.org\/{rel}","templated":true}]}}