{"id":111641,"date":"2025-12-12T19:07:31","date_gmt":"2025-12-12T19:07:31","guid":{"rendered":"https:\/\/www.europesays.com\/no\/111641\/"},"modified":"2025-12-12T19:07:31","modified_gmt":"2025-12-12T19:07:31","slug":"lindsey-vonn-ble-tidenes-eldste-til-a-vinne-et-verdenscuprenn-i-alpint-nrk-sport-sportsnyheter-resultater-og-sendeplan-2","status":"publish","type":"post","link":"https:\/\/www.europesays.com\/no\/111641\/","title":{"rendered":"Lindsey Vonn ble tidenes eldste til \u00e5 vinne et verdenscuprenn i alpint \u2013 NRK Sport \u2013 Sportsnyheter, resultater og sendeplan"},"content":{"rendered":"<p>I sesongens f\u00f8rste fartsdisiplin kj\u00f8rte amerikanske Lindsey Vonn inn til en overbevisende f\u00f8rsteplass.<\/p>\n<p>\u2013 Det m\u00e5 ha v\u00e6rt et av tidenes l\u00f8p vi har v\u00e6rt vitne til i alpint, sa kommentator J\u00f8rgen Klem om 41-\u00e5ringens superrenn.<\/p>\n<p>Vonn vant til slutt utforrennet med 0,96 sekunder til Magdalena Egger fra \u00d8sterrike. Bragden skjedde i St. Moritz i Sveits under perfekte forhold.<\/p>\n<p>\u2013 Vi har jobbet veldig hardt, hele teamet. Jeg ansatte Aksel (Lund Svindal) og vi som lag har jobbet veldig hardt. Det gikk fortere enn forventet. Jeg hadde et bra l\u00f8p, men jeg gjorde ogs\u00e5 noen feil, sier Vonn til arrang\u00f8ren etter sensasjonsseieren.\n<\/p>\n<p>Fikk Svindal-r\u00e5d<\/p>\n<p>Vonn har f\u00e5tt norsk eksperthjelp inn mot denne sesongen.<\/p>\n<p><strong>Aksel Lund Svindal bidrar nemlig som utstyrsstrateg for den amerikanske alpinisten.<\/strong><\/p>\n<p>\u2013 Aksel sa noe til meg f\u00f8r start. Han sa at Sofia (Goggia) tapte mye tid p\u00e5 toppen, men at hun klarte \u00e5 ta det igjen i bunn. I mitt hode tenkte jeg da at jeg bare m\u00e5tte kj\u00f8re l\u00f8ypen veldig rent og ha med meg fart nedover. Jeg kj\u00f8rte likevel ikke s\u00e5 bra som jeg kunne i kompresjonen i bunn. Jeg pr\u00f8vde bare \u00e5 v\u00e6re dynamisk og kj\u00f8re rene svinger. Akkurat som jeg har gjort p\u00e5 trening. Det var ganske solid, sier Vonn.<\/p>\n<p>I etterkant av seieren var Svindal full av lovord om sin \u00abelev\u00bb.<\/p>\n<p><img decoding=\"async\"   src=\"data:image\/gif;base64,R0lGODlhAQABAIAAAAAAAP\/\/\/yH5BAEAAAAALAAAAAABAAEAAAIBRAA7\" loading=\"eager\" alt=\"\" title=\"Foto: FABRICE COFFRINI \/ AFP \/ NTB\"\/><\/p>\n<p class=\"\">FORN\u00d8YD: Svindal likte det han s\u00e5 fredag.<\/p>\n<p>Foto: FABRICE COFFRINI \/ AFP \/ NTB<\/p>\n<p>\u2013 Jeg er imponert. Hun er en vanvittig alpinist, sier han til FIS sin <a href=\"https:\/\/www.instagram.com\/reel\/DSKuOxviKWb\/?igsh=azVtaWMwb3ZiN3k1\" ec-id=\"https:\/\/www.instagram.com\/reel\/DSKuOxviKWb\/\" ec-name=\"Instagram\" rel=\"nofollow noopener\" target=\"_blank\">Instagram<\/a>.<\/p>\n<p>Han forteller at opplever at de har gjort stor fremskritt med b\u00e5de strategien og filosofien sin.<\/p>\n<p>\u2013 Hun har v\u00e6rt s\u00e5 stabil p\u00e5 trening, og n\u00e5 som hun er s\u00e5 balansert kan hun gj\u00f8re det hun vil \u2013 og da er hun vanskelig \u00e5 sl\u00e5.<\/p>\n<p><strong>Med seieren ble hun tidenes eldste vinner i verdenscupen i alpint. Hun knuser rekorden p\u00e5 b\u00e5de dame- og herresiden.<\/strong><\/p>\n<p><strong>\u2013 Det er mektig imponerende. Hun var i n\u00e6rheten i fjor, men n\u00e5 er hun p\u00e5 det niv\u00e5et hun hadde p\u00e5 sitt beste for seks -sju -\u00e5tte \u00e5r siden. Det m\u00e5 man la seg imponere over, sier NRKs alpintekspert Lars Elton Myhre.<br \/>\n<\/strong><\/p>\n<p><img decoding=\"async\"   src=\"data:image\/gif;base64,R0lGODlhAQABAIAAAAAAAP\/\/\/yH5BAEAAAAALAAAAAABAAEAAAIBRAA7\" loading=\"eager\" alt=\"En person i vinterkl\u00e6r st\u00e5r utend\u00f8rs med en sn\u00f8farget bakgrunn. Personen b\u00e6rer en lue med Telenor-logoen og det norske flagget. Jakken har flere sponsorlogoer, inkludert Telenor, og personen holder et par hvite hansker. Det er uklart v\u00e6r med sn\u00f8 i luften. (Bildebeskrivelsen er laget av en KI-tjeneste)\" title=\"Foto: SCANPIX\"\/><\/p>\n<p class=\"\">IMPONERT: Lars Elton Myhre lar seg imponere av Lindsey Vonn. <\/p>\n<p>Foto: SCANPIX<\/p>\n<p>Federica Brignone hadde rekorden f\u00f8r Vonn, da hun vant i en alder av 34. P\u00e5 herresiden har sveitsiske Didier Cuche tatt en verdenscupseier i en alder av 37.<\/p>\n<p>Viaplays kommentatorer kunne knapt tro deres egne \u00f8yne da alpinisten krysset m\u00e5lstreken, og klokka viste over ett sekunds ledelse til Mirjam Puchner.<\/p>\n<p><strong>\u2013 Jeg er fortsatt litt i sjokk etter Lindsey Vonn sin prestasjon, sier Kristina Riis-Johannessen noen minutter etter l\u00f8pet og fortsetter:<\/strong><\/p>\n<p>\u2013 Det sier litt om rutinen Lindsey Vonn har. Hun hadde ti pallplasser i akkurat denne bakken, s\u00e5 hun har kj\u00f8rt her veldig mange flere ganger enn sine konkurrenter.<\/p>\n<p>Den sveitsiske storavisen <a href=\"https:\/\/www.blick.ch\/sport\/ski\/ski-weltcup-1-abfahrt-der-frauen-in-st-moritz-live-im-ticker-id21510785.html\" ec-id=\"https:\/\/www.blick.ch\/sport\/ski\/ski-weltcup-1-abfahrt-der-frauen-in-st-moritz-live-im-ticker-id21510785.html\" ec-name=\"Blick\" rel=\"nofollow noopener\" target=\"_blank\">Blick<\/a> hyller ogs\u00e5 prestasjonen:<\/p>\n<p><strong>\u00abHva driver Lindsey Vonn med? En sensasjonell runde ender med en utrolig ledelse p\u00e5 over ett sekund. Et l\u00f8p for historieb\u00f8kene\u00bb.<\/strong><\/p>\n<p>Ekspert tror Svindal-hjelp har v\u00e6rt sentralt<\/p>\n<p>I m\u00e5lomr\u00e5det fikk hun en god klem av Svindal og jublet vilt med den tidligere alpinisten.<\/p>\n<p><img decoding=\"async\"   src=\"data:image\/gif;base64,R0lGODlhAQABAIAAAAAAAP\/\/\/yH5BAEAAAAALAAAAAABAAEAAAIBRAA7\" loading=\"eager\" alt=\"Lindsey Vonn\" title=\"Foto: Luciano Bisi \/ AP \/ NTB\"\/><\/p>\n<p class=\"\">N\u00c6R ST\u00d8TTESPILLER: Aksel Lund Svindal er en del av teamet til Lindsey Vonn denne sesongen. Her feirer de triumfen sammen. <\/p>\n<p>Foto: Luciano Bisi \/ AP \/ NTB<\/p>\n<p>Elton Myhre tror hjelpen fra Svindal har v\u00e6rt helt essensiell for stjernen.<\/p>\n<p><strong>\u2013 Jeg tror for hennes del at det har v\u00e6rt helt sentralt. Spesielt inn mot utstyr og testing. Det er et helt avgj\u00f8rende del av resultatet vi ser n\u00e5, den sesongen som ligger foran henne, sier NRKs alpinekspert.<\/strong><\/p>\n<p>\u2013 N\u00e5r hun har den formen her allerede n\u00e5, b\u00f8r konkurrentene v\u00e6re bekymret allerede med tanke p\u00e5 OL?<\/p>\n<p>\u2013 Det er ingen tvil om at hun har satt seg en veldig god posisjon her n\u00e5. Det andre svetter sikkert litt for \u00e5 pr\u00f8ve \u00e5 forst\u00e5 hvordan de skal hente det igjen, sier Elton Myhre.<\/p>\n<p>Den norske alpinisten Kajsa Vickhoff Lie synes det er kult \u00e5 ha Svindal i bakken, og benytter seg av nordmannens ekspertise.<\/p>\n<p>\u2013 Jeg vet at Aksel er ekstremt god. Han har mye erfaring, som Lindsey. Det er en spesiell duo, sa den norske alpinisten Kajsa Vickhoff Lie p\u00e5 pressetreff i St. Moritz tidligere denne uken og fortsatte:<\/p>\n<p>\u2013 Jeg pr\u00f8ver \u00e5 ta tak i Aksel noen ganger, og h\u00f8re om han har noen tips til meg ogs\u00e5. Det er han veldig \u00e5pen for.\n<\/p>\n<p><img decoding=\"async\"   src=\"data:image\/gif;base64,R0lGODlhAQABAIAAAAAAAP\/\/\/yH5BAEAAAAALAAAAAABAAEAAAIBRAA7\" loading=\"eager\" alt=\"Italy Alpine Skiing World Cup\" title=\"Foto: AP\"\/><\/p>\n<p class=\"\">STOR KONKURRENT: Kajsa Vickhoff Lie beskriver Lindsey Vonn som en av sine st\u00f8rste konkurrenter. <\/p>\n<p>Foto: AP<\/p>\n<p>Men de norske jentene er ogs\u00e5 oppmerksomme p\u00e5 at Svindal trener en konkurrent.<\/p>\n<p><strong>\u2013 Man kan ikke snakke om hemmelige ting i bakken lenger, oss norske ut\u00f8vere, for da skj\u00f8nner man at det er en annen kvinne som f\u00e5r det med seg ogs\u00e5 \u2013 med tanke p\u00e5 det norske spr\u00e5ket. Der m\u00e5 vi v\u00e6re litt mer obs n\u00e5, sa Vickhoff Lie.<\/strong><\/p>\n<p>\u2013 Skulle du \u00f8nske at Aksel var norsk ogs\u00e5 i landslagssammenheng her? spurte NRK.<\/p>\n<p>\u2013 Absolutt. Jeg hadde hatt lyst til det. Hadde jeg spurt han, s\u00e5 hadde det kanskje v\u00e6rt en annen greie. Men Lindsey spurte faktisk, og jeg hadde ikke hatt det i tankene. S\u00e5 jeg kan ikke v\u00e6re sur over noe jeg ikke hadde tenkt p\u00e5 selv, sa B\u00e6rums-jenta og understrekte:<\/p>\n<p>\u2013 Vi har alle de trenerne vi trenger for \u00e5 gj\u00f8re det vi skal, s\u00e5 det g\u00e5r egentlig ganske greit.<\/p>\n<p><strong>Vickhoff Lie ble beste norske p\u00e5 en 19. plass i fredagens renn.<\/strong><\/p>\n<p>Lang karriere<\/p>\n<p>Amerikaneren har lang fartstid i bakken, og i fjor vinter ble Vonn topp 10 i tre verdenscuprenn og hun ble nummer to i hennes siste konkurranse i mars.<\/p>\n<p><strong>Vonn gjorde comeback i forrige sesong etter en lang periode unna konkurransel\u00f8ypene. Vonn har slitt med kneskader, og i mai 2025 fikk hun satt inn kneprotese.<\/strong><\/p>\n<p><strong>Som Svindal, ga Vonn seg med alpint i 2019, men sistnevnte gjorde alts\u00e5 comeback og viste tidvis solide takter.<\/strong><\/p>\n<p>Forrige seier til Lindsey Vonn i verdenscupen kom helt tilbake til 2018. I mars det \u00e5ret vant hun utforrennet i \u00c5re.<\/p>\n<p>Amerikaneren er ogs\u00e5 tidligere olympisk mester. I Vancouver 2010 vant hun OL-gull i utfor.<\/p>\n<p>Hun ble verdensmester i b\u00e5de utfor og super-G under VM i Val d&#8217;Isere 2009. Hun vant ogs\u00e5 verdenscupen sammenlagt i 2008, 2009, 2010 og 2012.<\/p>\n<p>Publisert<\/p>\n<p>12.12.2025, kl. 11.00<\/p>\n<p>Oppdatert<\/p>\n<p>12.12.2025, kl. 19.27<\/p>\n<p><script async src=\"\/\/www.instagram.com\/embed.js\"><\/script><\/p>\n","protected":false},"excerpt":{"rendered":"I sesongens f\u00f8rste fartsdisiplin kj\u00f8rte amerikanske Lindsey Vonn inn til en overbevisende f\u00f8rsteplass. \u2013 Det m\u00e5 ha v\u00e6rt&hellip;\n","protected":false},"author":2,"featured_media":111642,"comment_status":"","ping_status":"","sticky":false,"template":"","format":"standard","meta":{"footnotes":""},"categories":[59],"tags":[30,28,29,83,82],"class_list":{"0":"post-111641","1":"post","2":"type-post","3":"status-publish","4":"format-standard","5":"has-post-thumbnail","7":"category-sport","8":"tag-no","9":"tag-norge","10":"tag-norway","11":"tag-sport","12":"tag-sports"},"share_on_mastodon":{"url":"https:\/\/pubeurope.com\/@no\/115708169081435860","error":""},"_links":{"self":[{"href":"https:\/\/www.europesays.com\/no\/wp-json\/wp\/v2\/posts\/111641","targetHints":{"allow":["GET"]}}],"collection":[{"href":"https:\/\/www.europesays.com\/no\/wp-json\/wp\/v2\/posts"}],"about":[{"href":"https:\/\/www.europesays.com\/no\/wp-json\/wp\/v2\/types\/post"}],"author":[{"embeddable":true,"href":"https:\/\/www.europesays.com\/no\/wp-json\/wp\/v2\/users\/2"}],"replies":[{"embeddable":true,"href":"https:\/\/www.europesays.com\/no\/wp-json\/wp\/v2\/comments?post=111641"}],"version-history":[{"count":0,"href":"https:\/\/www.europesays.com\/no\/wp-json\/wp\/v2\/posts\/111641\/revisions"}],"wp:featuredmedia":[{"embeddable":true,"href":"https:\/\/www.europesays.com\/no\/wp-json\/wp\/v2\/media\/111642"}],"wp:attachment":[{"href":"https:\/\/www.europesays.com\/no\/wp-json\/wp\/v2\/media?parent=111641"}],"wp:term":[{"taxonomy":"category","embeddable":true,"href":"https:\/\/www.europesays.com\/no\/wp-json\/wp\/v2\/categories?post=111641"},{"taxonomy":"post_tag","embeddable":true,"href":"https:\/\/www.europesays.com\/no\/wp-json\/wp\/v2\/tags?post=111641"}],"curies":[{"name":"wp","href":"https:\/\/api.w.org\/{rel}","templated":true}]}}