{"id":111647,"date":"2025-12-12T19:14:11","date_gmt":"2025-12-12T19:14:11","guid":{"rendered":"https:\/\/www.europesays.com\/no\/111647\/"},"modified":"2025-12-12T19:14:11","modified_gmt":"2025-12-12T19:14:11","slug":"tysk-vm-jubel-ikke-skjedd-siden-1993","status":"publish","type":"post","link":"https:\/\/www.europesays.com\/no\/111647\/","title":{"rendered":"Tysk VM-jubel &#8211; ikke skjedd siden 1993"},"content":{"rendered":"<p>Den regjerende verdensmester Frankrike var favoritter f\u00f8r semifinale-m\u00f8te mot Tyskland, men VM-vertsnasjonen sjokkerte i Rotterdam.\u00a0<\/p>\n<p>Etter 29-23 er Tyskland klare for finale. Der venter vinneren av Norge mot Nederland<\/p>\n<p class=\"bold m-bold\" data-lab-font_weight=\"bold\">\u2013 Tyskland er et lag vi har ventet p\u00e5 lenge. De har hatt flere gode spillere over lang tid, men aldri f\u00e5tt det helt til \u00e5 stemme som lag. N\u00e5 henger de mye bedre sammen og er robuste. De g\u00e5r fullt fortjent til finalen og er en verdig finalist, sier TV 2s h\u00e5ndballekspert Bent Svele.<\/p>\n<p data-lab-font_weight=\"\">Tyskland-spiller Jenny\u00a0Behrend var naturligvis sm\u00f8rblid i m\u00f8te med TV 2 etter kampen. Hun forteller om kramper i smileb\u00e5ndet og er tydelig r\u00f8rt.\u00a0<\/p>\n<p data-lab-font_weight=\"\">\u2013 Jeg er enormt, enormt stolt! Jeg har ikke ord, innleder hun.<\/p>\n<p data-lab-font_weight=\"\">29-\u00e5ringen er henrykt over mesterskapet det tyske landslaget har lagt bak seg til n\u00e5. At de n\u00e5 er klar for finalen er stort for flere enn bare landslaget.\u00a0<\/p>\n<p data-lab-font_weight=\"\">\u2013 Det er stort for oss og hele Tyskland! Jeg syns at vi har pr\u00f8vd de siste \u00e5rene \u00e5 ta det neste steget og at vi n\u00e5 er i finalen er mer enn bare ett steg, str\u00e5ler Behrend.\u00a0<\/p>\n<p data-lab-font_weight=\"\">Tysklands\u00a0Alina Grijseels kommer smilende fra \u00f8re til \u00f8re til TV 2 etter kampen.<\/p>\n<p data-lab-font_weight=\"\">\u2013 En helt fantastisk f\u00f8lelse. Jeg klarer ikke helt \u00e5 tro p\u00e5 det. Det dette laget, disse jentene gjorde i dag er jeg s\u00e5 stolt av, forteller hun som n\u00e5 alts\u00e5 er klar for VM-finale.<\/p>\n<p>F\u00f8rste p\u00e5 17 \u00e5r<\/p>\n<p>I landets f\u00f8rste semifinale p\u00e5 17 \u00e5r gikk tyskerne respektl\u00f8st til verks, og etter kvarteret var Tyskland fire m\u00e5l foran.\u00a0<\/p>\n<p>Med en str\u00e5lende Katharina Filter i m\u00e5l, slet franskmennene med \u00e5 knappe inn p\u00e5 den tyske ledelsen. Det hjalp heller ikke at veteranen Antje D\u00f6ll var i det umulige hj\u00f8rnet.\u00a0<\/p>\n<p>        <img class=\"image__img lazyload\" itemprop=\"image\" title=\"Foto: Beate Oma Dahle \/ NTB\" alt=\"PLUKKET BALLER: Katharina Filter stengte tidvis buret for Tyskland i semifinalen mot Frankrike. Foto: Beate Oma Dahle \/ NTB\" width=\"675\" height=\"453\" bad-src=\"https:\/\/www.europesays.com\/no\/wp-content\/uploads\/2025\/12\/18380959.webp\" fetchpriority=\"auto\" \/><\/p>\n<p>      PLUKKET BALLER: Katharina Filter stengte tidvis buret for Tyskland i semifinalen mot Frankrike.<br \/>\n         Foto: Beate Oma Dahle \/ NTB<\/p>\n<p>37-\u00e5ringen sto bak \u00e9n tredel av Tyskland scoringer f\u00f8r hvilen.\u00a0<\/p>\n<p>Vertsnasjonen ledet 15-12 halvveis.\u00a0<\/p>\n<p>Over 30 \u00e5r siden sist<\/p>\n<p>Det har blitt spekulert i om at det franske laget sparte p\u00e5 kruttet i hovedrunde-kampen mot Nederland tidligere i VM, for \u00e5 f\u00e5 en enklere vei mot finalen.\u00a0<\/p>\n<p class=\"bold m-bold\" data-lab-font_weight=\"bold\">\u2013 Disponeringene deres mot Nederland var merkelige. Man satt igjen med en f\u00f8lelse at de kunne gjort mer i den kampen, sier Svele.\u00a0<\/p>\n<p>Men om det var taktikken slo den aldri ut i full blomst mot heltente tyskere.\u00a0<\/p>\n<p>D\u00f6ll \u00e5pnet andre omgang med \u00e5 \u00f8ke tyskernes ledelse og kant-veteranen ble lagets toppscorer med ni fulltreffere.\u00a0<\/p>\n<p>Med 29-23 er de klare for VM-finale mot Norge eller Nederland &#8211; landets f\u00f8rste siden 1993. Frankrike p\u00e5 sin side m\u00e5 se sin andre, strake mesterskaps-finale fra sidelinjen.\u00a0<\/p>\n","protected":false},"excerpt":{"rendered":"Den regjerende verdensmester Frankrike var favoritter f\u00f8r semifinale-m\u00f8te mot Tyskland, men VM-vertsnasjonen sjokkerte i Rotterdam.\u00a0 Etter 29-23 er&hellip;\n","protected":false},"author":2,"featured_media":111648,"comment_status":"","ping_status":"","sticky":false,"template":"","format":"standard","meta":{"footnotes":""},"categories":[59],"tags":[30,28,29,83,82],"class_list":{"0":"post-111647","1":"post","2":"type-post","3":"status-publish","4":"format-standard","5":"has-post-thumbnail","7":"category-sport","8":"tag-no","9":"tag-norge","10":"tag-norway","11":"tag-sport","12":"tag-sports"},"share_on_mastodon":{"url":"https:\/\/pubeurope.com\/@no\/115708196484609027","error":""},"_links":{"self":[{"href":"https:\/\/www.europesays.com\/no\/wp-json\/wp\/v2\/posts\/111647","targetHints":{"allow":["GET"]}}],"collection":[{"href":"https:\/\/www.europesays.com\/no\/wp-json\/wp\/v2\/posts"}],"about":[{"href":"https:\/\/www.europesays.com\/no\/wp-json\/wp\/v2\/types\/post"}],"author":[{"embeddable":true,"href":"https:\/\/www.europesays.com\/no\/wp-json\/wp\/v2\/users\/2"}],"replies":[{"embeddable":true,"href":"https:\/\/www.europesays.com\/no\/wp-json\/wp\/v2\/comments?post=111647"}],"version-history":[{"count":0,"href":"https:\/\/www.europesays.com\/no\/wp-json\/wp\/v2\/posts\/111647\/revisions"}],"wp:featuredmedia":[{"embeddable":true,"href":"https:\/\/www.europesays.com\/no\/wp-json\/wp\/v2\/media\/111648"}],"wp:attachment":[{"href":"https:\/\/www.europesays.com\/no\/wp-json\/wp\/v2\/media?parent=111647"}],"wp:term":[{"taxonomy":"category","embeddable":true,"href":"https:\/\/www.europesays.com\/no\/wp-json\/wp\/v2\/categories?post=111647"},{"taxonomy":"post_tag","embeddable":true,"href":"https:\/\/www.europesays.com\/no\/wp-json\/wp\/v2\/tags?post=111647"}],"curies":[{"name":"wp","href":"https:\/\/api.w.org\/{rel}","templated":true}]}}