{"id":111651,"date":"2025-12-12T19:26:10","date_gmt":"2025-12-12T19:26:10","guid":{"rendered":"https:\/\/www.europesays.com\/no\/111651\/"},"modified":"2025-12-12T19:26:10","modified_gmt":"2025-12-12T19:26:10","slug":"trump-hevder-thailand-og-kambodsja-er-enige-om-ny-vapenhvile","status":"publish","type":"post","link":"https:\/\/www.europesays.com\/no\/111651\/","title":{"rendered":"Trump hevder Thailand og Kambodsja er enige om ny v\u00e5penhvile"},"content":{"rendered":"\n<p class=\"_paragraph_o9xde_4 _paragraph_xtcu6_10 layout-component text-serif-m layout-normal text-serif-m layout-padded\">Over en halv million mennesker er evakuert fra grenseomr\u00e5dene etter at den over hundre \u00e5r gamle grensestriden <a href=\"https:\/\/www.vg.no\/nyheter\/i\/3pjB8P\/thailand-har-gjennomfoert-luftangrep-langs-grensen-til-kambodsja\" data-track-element-type=\"Link\" data-track-id=\"link:3pjB8P\" class=\"_link_o9xde_39\" rel=\"nofollow noopener\" target=\"_blank\">nylig blusset opp igjen<\/a>. Tre er drept p\u00e5 thailandsk side av grensen. <\/p>\n<p class=\"_paragraph_o9xde_4 _paragraph_xtcu6_10 layout-component text-serif-m layout-normal text-serif-m layout-padded\">Grensekonflikten mellom <a href=\"https:\/\/www.vg.no\/tag\/thailand?utm_source=vg-article&amp;utm_medium=auto-tagger&amp;utm_campaign=y5vnk2\" class=\"_link_o9xde_39\" rel=\"nofollow noopener\" target=\"_blank\">Thailand<\/a> og Kambodsja blusset ogs\u00e5 opp i juli i \u00e5r, men ble kortvarig.<\/p>\n<p class=\"_paragraph_o9xde_4 _paragraph_xtcu6_10 layout-component text-serif-m layout-normal text-serif-m layout-padded\">Etter fire dager lyktes Malaysias statsminister Anwar Ibrahim \u00e5 mekle fram en v\u00e5penhvile. <\/p>\n<p class=\"_paragraph_o9xde_4 _paragraph_xtcu6_10 layout-component text-serif-m layout-normal text-serif-m layout-padded\">Begge land har den siste uken anklaget hverandre for \u00e5 bryte v\u00e5penhvileavtalen som ble signert p\u00e5\u00a0Asean-m\u00f8tet i Malaysia 26. oktober under oppsyn av USAs president Donald Trump.<\/p>\n<p class=\"_paragraph_o9xde_4 _paragraph_xtcu6_10 layout-component text-serif-m layout-normal text-serif-m layout-padded\"><strong class=\"_strong_o9xde_25\">Les ogs\u00e5:<\/strong> <a href=\"https:\/\/www.vg.no\/nyheter\/i\/0pE9v0\/derfor-er-det-nye-sammenstoet-mellom-thailand-og-kambodsja\" data-track-element-type=\"Link\" data-track-id=\"link:0pE9v0\" class=\"_link_o9xde_39\" rel=\"nofollow noopener\" target=\"_blank\">Derfor er det nye sammenst\u00f8t mellom Thailand og Kambodsja<\/a><\/p>\n<p>    <img decoding=\"async\" alt=\"Tips oss illustrasjon\" src=\"https:\/\/www.europesays.com\/no\/wp-content\/uploads\/2025\/10\/pssst-small.webp.webp\"\/>    <\/p>\n<p class=\"title-serif-s\">Har du tips?<\/p>\n<p class=\"text-sans-m\">Send oss informasjon, bilder eller video.<\/p>\n<p>  <a href=\"https:\/\/www.vg.no\/tips-oss\" rel=\"nofollow noopener\" target=\"_blank\"> Tips oss <\/a>      <\/p>\n","protected":false},"excerpt":{"rendered":"Over en halv million mennesker er evakuert fra grenseomr\u00e5dene etter at den over hundre \u00e5r gamle grensestriden nylig&hellip;\n","protected":false},"author":2,"featured_media":111652,"comment_status":"","ping_status":"","sticky":false,"template":"","format":"standard","meta":{"footnotes":""},"categories":[12],"tags":[31,20,21,24,25,15,3549,22,23,13,30,28,29,14,16,745,26,27,42,43,44,45],"class_list":{"0":"post-111651","1":"post","2":"type-post","3":"status-publish","4":"format-standard","5":"has-post-thumbnail","7":"category-verden","8":"tag-breaking","9":"tag-breaking-news","10":"tag-breakingnews","11":"tag-featured-news","12":"tag-featurednews","13":"tag-headlines","14":"tag-kambodsja","15":"tag-latest-news","16":"tag-latestnews","17":"tag-news","18":"tag-no","19":"tag-norge","20":"tag-norway","21":"tag-nyheter","22":"tag-overskrifter","23":"tag-thailand","24":"tag-top-stories","25":"tag-topstories","26":"tag-verden","27":"tag-world","28":"tag-world-news","29":"tag-worldnews"},"share_on_mastodon":{"url":"https:\/\/pubeurope.com\/@no\/115708243913961490","error":""},"_links":{"self":[{"href":"https:\/\/www.europesays.com\/no\/wp-json\/wp\/v2\/posts\/111651","targetHints":{"allow":["GET"]}}],"collection":[{"href":"https:\/\/www.europesays.com\/no\/wp-json\/wp\/v2\/posts"}],"about":[{"href":"https:\/\/www.europesays.com\/no\/wp-json\/wp\/v2\/types\/post"}],"author":[{"embeddable":true,"href":"https:\/\/www.europesays.com\/no\/wp-json\/wp\/v2\/users\/2"}],"replies":[{"embeddable":true,"href":"https:\/\/www.europesays.com\/no\/wp-json\/wp\/v2\/comments?post=111651"}],"version-history":[{"count":0,"href":"https:\/\/www.europesays.com\/no\/wp-json\/wp\/v2\/posts\/111651\/revisions"}],"wp:featuredmedia":[{"embeddable":true,"href":"https:\/\/www.europesays.com\/no\/wp-json\/wp\/v2\/media\/111652"}],"wp:attachment":[{"href":"https:\/\/www.europesays.com\/no\/wp-json\/wp\/v2\/media?parent=111651"}],"wp:term":[{"taxonomy":"category","embeddable":true,"href":"https:\/\/www.europesays.com\/no\/wp-json\/wp\/v2\/categories?post=111651"},{"taxonomy":"post_tag","embeddable":true,"href":"https:\/\/www.europesays.com\/no\/wp-json\/wp\/v2\/tags?post=111651"}],"curies":[{"name":"wp","href":"https:\/\/api.w.org\/{rel}","templated":true}]}}