{"id":111657,"date":"2025-12-12T19:33:13","date_gmt":"2025-12-12T19:33:13","guid":{"rendered":"https:\/\/www.europesays.com\/no\/111657\/"},"modified":"2025-12-12T19:33:13","modified_gmt":"2025-12-12T19:33:13","slug":"valg-i-ukraina-idioti","status":"publish","type":"post","link":"https:\/\/www.europesays.com\/no\/111657\/","title":{"rendered":"Valg i Ukraina: &#8211; Idioti"},"content":{"rendered":"<p>  Russland-ekspert Iver B. Neumann tror ikke et valg i Ukraina vil skape varig fred p\u00e5 sikt mellom Russland og Ukraina.<\/p>\n<p>\n    I NORGE: Ukrainas president Volodymyr Zelenskyj under pressekonferanse med statsminister Jonas Gahr St\u00f8re i regjeringens representasjonsanlegg i Oslo 20. mars 2025. Foto: Ole Berg-Rusten \/ NTB\n  <\/p>\n<p>    Kort fortalt<\/p>\n<ul lang=\"nb-NO\">\n<li>Ukrainas president Volodymyr Zelenskyj vurderer valg innen 60 til 90 dager hvis sikkerheten kan garanteres av USA og allierte.<\/li>\n<li>Zelenskyj mener kompromisser om ukrainske territorier m\u00e5 avgj\u00f8res av folket gjennom valg eller folkeavstemning.<\/li>\n<li>Russland-ekspert Iver B. Neumann tviler p\u00e5 at et fritt valg er mulig i Ukraina under krig.<\/li>\n<li>USA foresl\u00e5r en demilitarisert \u00f8konomisk sone som del av en fredsl\u00f8sning mellom Ukraina og Russland.<\/li>\n<\/ul>\n<p class=\"italic ai-disclaimer\" data-lab-italic=\"italic\">Sammendraget er laget av ChatGPT og godkjent av Dagbladet.<\/p>\n<p>      Vis mer<br \/>\n      Vis mindre<\/p>\n<p>Ukrainas president Volodymyr Zelenskyj sier landet kan v\u00e6re klar for valg innen 60 til 90 dager, dersom sikkerheten kan garanteres av USA og andre allierte.\u00a0<\/p>\n<p>Han sier ogs\u00e5 at eventuelle kompromisser knyttet til ukrainske territorier m\u00e5 avgj\u00f8res av folket i\u00a0Ukraina.<\/p>\n<p>    <a itemprop=\"url\" href=\"https:\/\/www.dagbladet.no\/nyheter\/orban-brussel-voldtar-loven\/83974441\" rel=\"nofollow noopener\" target=\"_blank\"><\/p>\n<p>        <img loading=\"lazy\" decoding=\"async\" src=\"https:\/\/www.europesays.com\/no\/wp-content\/uploads\/2025\/12\/83974476.webp\" width=\"980\" height=\"441\" title=\"Orban: - Brussel voldtar loven\" alt=\"\" class=\"lazyload\" style=\"--aspect-ratio-image: 2.22; \"\/><\/p>\n<p>        Orban: &#8211; Brussel voldtar loven<\/p>\n<p>    <\/a><\/p>\n<p>Zelenskyj sier at kompromisser om ukrainske territorier m\u00e5 avgj\u00f8res av folket i\u00a0Ukraina, og at dette burde skje gjennom valg eller folkeavstemning.<\/p>\n<p>Han sa ogs\u00e5 at en v\u00e5penhvile m\u00e5 p\u00e5 plass hvis det skal v\u00e6re mulig \u00e5 avholde valg.<\/p>\n<p>        <img loading=\"lazy\" decoding=\"async\" src=\"https:\/\/www.europesays.com\/no\/wp-content\/uploads\/2025\/12\/83977124.webp\" width=\"686\" height=\"515\" title=\"R\u00d8YK: Dronebilde viser \u00f8delagte boliger etter fortsatte russiske angrep i Kostiantynivka i Donetsk-regionen i Ukraina, 12. desember 2025. Foto: Consolidated Brigade \u00abKhyzhak\u00bb \/ Reuters.\" alt=\"\" class=\"\" style=\"--aspect-ratio-image: 1.33; \"\/><\/p>\n<p>\n        R\u00d8YK: Dronebilde viser \u00f8delagte boliger etter fortsatte russiske angrep i Kostiantynivka i Donetsk-regionen i Ukraina, 12. desember 2025. Foto: Consolidated Brigade \u00abKhyzhak\u00bb \/ Reuters.\n    <\/p>\n<p>Russland-ekspert: &#8211; Ikke mulig\t<\/p>\n<p>USAs president Donald Trump har i sin mye omtalte fredsplan lagt opp til at det skal holdes valg i\u00a0Ukraina\u00a0innen hundre dager.\u00a0<\/p>\n<p>Dette er noe Russland har \u00f8nsket seg lenge i h\u00e5p om \u00e5 bli kvitt Zelenskyj.<\/p>\n<p>At Zelenskyj sitter p\u00e5 overtid &#8211; halvannet \u00e5r etter at presidentperioden hans utl\u00f8p &#8211; irriterer ogs\u00e5 Trump.<\/p>\n<p>Om det faktisk vil v\u00e6re mulig \u00e5 avholde et \u00e5pent og fritt valg i et land i krig, er derimot\u00a0Russland-ekspert og direkt\u00f8r ved Fridtjof Nansens institutt, Iver B. Neumann, kritisk til.\u00a0<\/p>\n<p>&#8211; Hvis man skal organisere valg, kan man ikke holde det n\u00e5r folk ligger i skyttergraver. Da er det ikke mulig \u00e5 legge til rette for en \u00e5pen og fri prosess. Det har v\u00e6rt grunnen til at Zelenskyj ikke har kunnet avholde valg tidligere. N\u00e5 har han gitt etter for press fra USA. Det vil f\u00f8re til at USA g\u00e5r fram og legger seg p\u00e5 en mer Russland-vennlig linje, sier han til Dagbladet.\u00a0<\/p>\n<p>        <img loading=\"lazy\" decoding=\"async\" itemprop=\"image\" src=\"https:\/\/www.europesays.com\/no\/wp-content\/uploads\/2025\/12\/83975569.webp\" width=\"180\" height=\"180\" alt=\"Iver B. Neumann\"\/><\/p>\n<p>            Iver B. Neumann<br \/>\n            Iver B.<br \/>\n            Neumann        <\/p>\n<p>Statsviter, sosialantropolog og direkt\u00f8r ved Fridtjof Nansens institutt<\/p>\n<p>Ukraina\u00a0har n\u00e5 gitt USA en oppdatert versjon av en fredsplan, if\u00f8lge Zelenskyj. Den har 20 punkter og omfatter sikkerhetsgarantier og en avtale om gjenoppbygging av\u00a0Ukraina.<\/p>\n<p>Zelenskyj sier ogs\u00e5 at USA foresl\u00e5r en demilitarisert \u00abfri \u00f8konomisk sone\u00bb mellom russiske og ukrainske styrker i \u00d8st-Ukraina\u00a0som del av en fredsl\u00f8sning.<\/p>\n<p>&#8211; De ser for seg at ukrainske styrker forlater territoriet i Donetsk, og det angivelige kompromisset er at russiske styrker ikke g\u00e5r inn i dette territoriet.<\/p>\n<p>        USAS STRATEGI: Statsminister Jonas Gahr St\u00f8re om fredsprisvinner Maria Corina Machados st\u00f8tte til USAs milit\u00e6rstrategi mot Venezuela.<br \/>\nReporter: Halldor Hustadnes. Video: Nicolai Alcaniz<\/p>\n<p>&#8211; D\u00e5rlig h\u00e5ndverk\t<\/p>\n<p>If\u00f8lge\u00a0Neumann er det \u00e5penbart hvorfor Trump legger mer press p\u00e5 Ukraina om \u00e5 f\u00e5 p\u00e5 plass et valg, enn Russland og Putin.<\/p>\n<p class=\"font-weight-bold m-font-weight-bold\" data-lab-font_weight=\"font-weight-bold\">&#8211; Det er alltid lett \u00e5 presse den svakere parten. Det kan f\u00f8re til en fredsprosess p\u00e5 kort sikt, men den kommer ikke til \u00e5 holde i det hele tatt. Det er idioti og d\u00e5rlig h\u00e5ndverk av Trump, sier Russland-eksperten.<\/p>\n<p>Neumann har ikke troen p\u00e5 at krigen mellom Russland og Ukraina avsluttes med en fredsavtale.\u00a0<\/p>\n<p> &#8211; Det er ikke slik moderne kriger avsluttes. Det er mye mer vanlig at det kommer en form for enighet. Jeg tror heller dette blir en frossen konflikt, hvor avtalen er s\u00e5 tynn at konflikten vil fortsette \u00e5 v\u00e6re i spill, sier han.<\/p>\n<p>    <a itemprop=\"url\" href=\"https:\/\/www.dagbladet.no\/nyheter\/nei-til-ukraina-garanti\/83972622\" rel=\"nofollow noopener\" target=\"_blank\"><\/p>\n<p>        <img loading=\"lazy\" decoding=\"async\" src=\"https:\/\/www.europesays.com\/no\/wp-content\/uploads\/2025\/12\/83972631.webp\" width=\"147\" height=\"98\" title=\"Nei til Ukraina-garanti\" alt=\"\" class=\"lazyload\" style=\"--aspect-ratio-image: 1.50; \"\/><\/p>\n<p>        Nei til Ukraina-garanti<\/p>\n<p>    <\/a><\/p>\n<p>Ikke kontroll\t<\/p>\n<p>Russland krever at ukrainske styrker m\u00e5 trekkes ut av omr\u00e5dene de fortsatt kontrollerer i fylket Donetsk i \u00d8st-Ukraina.\u00a0<\/p>\n<p>Det er satt som en betingelse for at Russland skal stanse sin krig mot\u00a0Ukraina.<\/p>\n<p>President Vladimir Putin vil ha til sammen fire ukrainske fylker og hevder at de allerede er annektert og innlemmet i Russland.<\/p>\n<p>Rammeverket som dr\u00f8ftes i fredsprosessene n\u00e5, stiller ikke krav om at russerne trekker seg ut av omr\u00e5dene de kontrollerer i fylkene Donetsk, Kherson eller Zaporizjzja. Men de vil m\u00e5tte trekke seg ut av mindre omr\u00e5der i fylkene Kharkiv, Sumy og Dnipropetrovsk.<\/p>\n<p>If\u00f8lge Neumann vil det uansett bli krevende \u00e5 avholde valg i Ukraina, da de har kontroll over de okkuperte landomr\u00e5dene.<\/p>\n<p>    <a itemprop=\"url\" href=\"https:\/\/www.dagbladet.no\/nyheter\/han-er-ekstremt-frustrert\/83973327\" rel=\"nofollow noopener\" target=\"_blank\"><\/p>\n<p>        <img loading=\"lazy\" decoding=\"async\" src=\"https:\/\/www.europesays.com\/no\/wp-content\/uploads\/2025\/12\/1765567993_346_83973331.webp\" width=\"147\" height=\"100\" title=\"- Han er ekstremt frustrert\" alt=\"\" class=\"lazyload\" style=\"--aspect-ratio-image: 1.47; \"\/><\/p>\n<p>        &#8211; Han er ekstremt frustrert<\/p>\n<p>    <\/a><\/p>\n<p>&#8211; Ekstremt frustrert\t<\/p>\n<p>I USA er president Donald Trump ekstremt frustrert b\u00e5de med Russland og\u00a0Ukraina, if\u00f8lge Trumps talsperson Karoline Leavitt.<\/p>\n<p>&#8211; Han vil ikke ha mer snakk. Han vil ha handling. Han vil ha slutt p\u00e5 denne krigen, sa hun torsdag.<\/p>\n<p>If\u00f8lge Leavitt er det aktuelt for Trump \u00e5 sende en representant til Europa til helgen. Men bare hvis det er en reell mulighet for fred i\u00a0Ukraina.<\/p>\n<p>&#8211; Presidenten er lei av m\u00f8ter kun for \u00e5 m\u00f8tes, sa Leavitt.<\/p>\n","protected":false},"excerpt":{"rendered":"Russland-ekspert Iver B. Neumann tror ikke et valg i Ukraina vil skape varig fred p\u00e5 sikt mellom Russland&hellip;\n","protected":false},"author":2,"featured_media":111658,"comment_status":"","ping_status":"","sticky":false,"template":"","format":"standard","meta":{"footnotes":""},"categories":[12],"tags":[20,21,24,25,15,22,23,13,30,28,29,14,16,188,26,27,489,50,412,42,488,43,44,45],"class_list":{"0":"post-111657","1":"post","2":"type-post","3":"status-publish","4":"format-standard","5":"has-post-thumbnail","7":"category-verden","8":"tag-breaking-news","9":"tag-breakingnews","10":"tag-featured-news","11":"tag-featurednews","12":"tag-headlines","13":"tag-latest-news","14":"tag-latestnews","15":"tag-news","16":"tag-no","17":"tag-norge","18":"tag-norway","19":"tag-nyheter","20":"tag-overskrifter","21":"tag-russland","22":"tag-top-stories","23":"tag-topstories","24":"tag-ukraina","25":"tag-usa","26":"tag-utenriks","27":"tag-verden","28":"tag-volodymyr-zelenskyj","29":"tag-world","30":"tag-world-news","31":"tag-worldnews"},"share_on_mastodon":{"url":"https:\/\/pubeurope.com\/@no\/115708271621006313","error":""},"_links":{"self":[{"href":"https:\/\/www.europesays.com\/no\/wp-json\/wp\/v2\/posts\/111657","targetHints":{"allow":["GET"]}}],"collection":[{"href":"https:\/\/www.europesays.com\/no\/wp-json\/wp\/v2\/posts"}],"about":[{"href":"https:\/\/www.europesays.com\/no\/wp-json\/wp\/v2\/types\/post"}],"author":[{"embeddable":true,"href":"https:\/\/www.europesays.com\/no\/wp-json\/wp\/v2\/users\/2"}],"replies":[{"embeddable":true,"href":"https:\/\/www.europesays.com\/no\/wp-json\/wp\/v2\/comments?post=111657"}],"version-history":[{"count":0,"href":"https:\/\/www.europesays.com\/no\/wp-json\/wp\/v2\/posts\/111657\/revisions"}],"wp:featuredmedia":[{"embeddable":true,"href":"https:\/\/www.europesays.com\/no\/wp-json\/wp\/v2\/media\/111658"}],"wp:attachment":[{"href":"https:\/\/www.europesays.com\/no\/wp-json\/wp\/v2\/media?parent=111657"}],"wp:term":[{"taxonomy":"category","embeddable":true,"href":"https:\/\/www.europesays.com\/no\/wp-json\/wp\/v2\/categories?post=111657"},{"taxonomy":"post_tag","embeddable":true,"href":"https:\/\/www.europesays.com\/no\/wp-json\/wp\/v2\/tags?post=111657"}],"curies":[{"name":"wp","href":"https:\/\/api.w.org\/{rel}","templated":true}]}}