{"id":111661,"date":"2025-12-12T19:35:37","date_gmt":"2025-12-12T19:35:37","guid":{"rendered":"https:\/\/www.europesays.com\/no\/111661\/"},"modified":"2025-12-12T19:35:37","modified_gmt":"2025-12-12T19:35:37","slug":"voldsomt-uvaer-advarer-mot-13-m-hoye-bolger","status":"publish","type":"post","link":"https:\/\/www.europesays.com\/no\/111661\/","title":{"rendered":"Voldsomt uv\u00e6r: Advarer mot 13 m h\u00f8ye b\u00f8lger"},"content":{"rendered":"<p><strong>I disse dager befinner tusenvis av nordmenn seg p\u00e5 Kanari\u00f8yene. N\u00e5 har myndighetene sendt ut advarsel om et voldsomt uv\u00e6r som er i vente.<\/strong><\/p>\n<p>Det er det spanske meteorologiske institutt, Aemet, som kommer med advarselen, der man frykter at uv\u00e6ret skal f\u00f8re til opptil 13 meter h\u00f8ye b\u00f8lger.<\/p>\n<p>Den lokale regjeringen p\u00e5 \u00f8ygruppen har ogs\u00e5 sendt ut sine klare advarsler til fastboende og turister.<\/p>\n<p>Verst p\u00e5 l\u00f8rdag<\/p>\n<p>Advarslene kommer i forbindelse med en atlantisk storm som vil ramme Kanari\u00f8yene fra fredag. Den har f\u00e5tt navnet Emilia. <\/p>\n<p>Uv\u00e6ret er varslet \u00e5 gi\u00a0intens nedb\u00f8r, storm p\u00e5 opptil 90 kilometer i timen, kraftige d\u00f8nninger, tordenv\u00e6r og sn\u00f8fall p\u00e5 de h\u00f8yeste toppene p\u00e5 Gran Canaria og Tenerife. <\/p>\n<p>If\u00f8lge den spanske avisen <a href=\"https:\/\/diariodeavisos.elespanol.com\/2025\/12\/borras-emilia-en-canarias\/\" rel=\"nofollow noopener\" target=\"_blank\">Diario de Avisos<\/a>, er l\u00f8rdag ventet \u00e5 bli den verste dagen, mens Aemet varsler at uv\u00e6ret vil gi seg fra s\u00f8ndag av. <\/p>\n<p>Vekk fra kysten<\/p>\n<p>De advarslene som myndighetene p\u00e5 \u00f8ygruppen har sendt ut er sv\u00e6rt sjelden \u00e5 se p\u00e5 Kanari\u00f8yene:<\/p>\n<p>Folk blir bedt om \u00e5 holde seg unna kysten for \u00e5 unng\u00e5 \u00e5 bli truffet eller feid bort av b\u00f8lgene. <\/p>\n<p>Det advares ogs\u00e5 mot \u00e5 legge ut p\u00e5 tur i helgen. <\/p>\n<p>Advarer mot selfier<\/p>\n<p>Med klar adresse til folk som vil ta selfier i forbindelse med uv\u00e6ret, skriver myndighetene at det er viktig \u00e5 ikke st\u00e5 p\u00e5 enden av brygger eller moloer. <\/p>\n<p>Heller ikke risikere \u00e5 ta bilder eller videoer n\u00e6r der b\u00f8lgene bryter.<\/p>\n<p>Folk blir ogs\u00e5 bedt om \u00e5 utsette planlagte bilturer som ikke er strengt n\u00f8dvendig.<\/p>\n<p>Motorsykler og store kj\u00f8ret\u00f8y kan risikere \u00e5 velte i sidevinden, advarer myndighetene.<\/p>\n<p>Tragedie i b\u00f8lgene<\/p>\n<p>Uv\u00e6ret n\u00e5 kommer f\u00e5 dager etter et annet uv\u00e6r som spesielt rammet \u00f8ya Tenerife. <a href=\"https:\/\/flysmart24.no\/2025\/12\/10\/kanarioy-tragedien-folk-bryr-seg-ikke-om-advarslene\/\" rel=\"nofollow noopener\" target=\"_blank\">Der d\u00f8de fire mennesker mens en person enn\u00e5 er savnet<\/a>, slik flysmart24 har skrevet.<\/p>\n<p>Voldsomme b\u00f8lger, p\u00e5 opp mot ni meter, rammet turistomr\u00e5det Los Gigantes p\u00e5 \u00f8ya. Og feide folk som sv\u00f8mte i et av de naturlige bassengene langs kysten, p\u00e5 havet.<\/p>\n<p>I etterkant uttrykte ledere i turistn\u00e6ringen frustrasjon over at turister ikke tar advarseler i forbindelse med uv\u00e6r alvorlig. <\/p>\n","protected":false},"excerpt":{"rendered":"I disse dager befinner tusenvis av nordmenn seg p\u00e5 Kanari\u00f8yene. N\u00e5 har myndighetene sendt ut advarsel om et&hellip;\n","protected":false},"author":2,"featured_media":111662,"comment_status":"","ping_status":"","sticky":false,"template":"","format":"standard","meta":{"footnotes":""},"categories":[5],"tags":[20,21,24,25,15,19,22,23,17,18,13,30,28,29,14,16,26,27],"class_list":{"0":"post-111661","1":"post","2":"type-post","3":"status-publish","4":"format-standard","5":"has-post-thumbnail","7":"category-overskrifter","8":"tag-breaking-news","9":"tag-breakingnews","10":"tag-featured-news","11":"tag-featurednews","12":"tag-headlines","13":"tag-hovedoppslag","14":"tag-latest-news","15":"tag-latestnews","16":"tag-main-news","17":"tag-mainnews","18":"tag-news","19":"tag-no","20":"tag-norge","21":"tag-norway","22":"tag-nyheter","23":"tag-overskrifter","24":"tag-top-stories","25":"tag-topstories"},"share_on_mastodon":{"url":"https:\/\/pubeurope.com\/@no\/115708279117770944","error":""},"_links":{"self":[{"href":"https:\/\/www.europesays.com\/no\/wp-json\/wp\/v2\/posts\/111661","targetHints":{"allow":["GET"]}}],"collection":[{"href":"https:\/\/www.europesays.com\/no\/wp-json\/wp\/v2\/posts"}],"about":[{"href":"https:\/\/www.europesays.com\/no\/wp-json\/wp\/v2\/types\/post"}],"author":[{"embeddable":true,"href":"https:\/\/www.europesays.com\/no\/wp-json\/wp\/v2\/users\/2"}],"replies":[{"embeddable":true,"href":"https:\/\/www.europesays.com\/no\/wp-json\/wp\/v2\/comments?post=111661"}],"version-history":[{"count":0,"href":"https:\/\/www.europesays.com\/no\/wp-json\/wp\/v2\/posts\/111661\/revisions"}],"wp:featuredmedia":[{"embeddable":true,"href":"https:\/\/www.europesays.com\/no\/wp-json\/wp\/v2\/media\/111662"}],"wp:attachment":[{"href":"https:\/\/www.europesays.com\/no\/wp-json\/wp\/v2\/media?parent=111661"}],"wp:term":[{"taxonomy":"category","embeddable":true,"href":"https:\/\/www.europesays.com\/no\/wp-json\/wp\/v2\/categories?post=111661"},{"taxonomy":"post_tag","embeddable":true,"href":"https:\/\/www.europesays.com\/no\/wp-json\/wp\/v2\/tags?post=111661"}],"curies":[{"name":"wp","href":"https:\/\/api.w.org\/{rel}","templated":true}]}}