{"id":111665,"date":"2025-12-12T19:41:14","date_gmt":"2025-12-12T19:41:14","guid":{"rendered":"https:\/\/www.europesays.com\/no\/111665\/"},"modified":"2025-12-12T19:41:14","modified_gmt":"2025-12-12T19:41:14","slug":"eu-har-besluttet-a-fryse-russiske-midler-pa-ubestemt-tid-ifolge-det-danske-formannskapet","status":"publish","type":"post","link":"https:\/\/www.europesays.com\/no\/111665\/","title":{"rendered":"EU har besluttet \u00e5 fryse russiske midler p\u00e5 ubestemt tid, if\u00f8lge det danske formannskapet"},"content":{"rendered":"\n<p class=\"_lead_o9xde_2 _lead_xtcu6_50 layout-component text-serif-m layout-normal text-serif-l layout-component layout-wide layout-padded _wide_17hqh_1 layout-padded\">EU trenger ikke lenger \u00e5 stemme over frysing av russiske midler hver sjette m\u00e5ned. N\u00e5 er det besluttet at midlene skal fryses p\u00e5 ubestemt tid.<\/p>\n<p><img alt=\" Foto: Virginia Mayo \/ AP\" class=\"_image_qp4xg_65 layout-component layout-wide\" data-fullscreen- data-track-element-type=\"Article image fullscreen\" data-track-name=\"ImageFullscreen\" fetchpriority=\"high\" decoding=\"sync\" loading=\"eager\" height=\"4486\" itemprop=\"image\"  src=\"https:\/\/www.europesays.com\/no\/wp-content\/uploads\/2025\/12\/0cf62599-0cae-4cbf-a806-5c579bac5b18\"  style=\"object-position:0% 0%\" width=\"6729\"\/> Foto: Virginia Mayo \/ AP<\/p>\n<ul aria-hidden=\"true\" class=\"_images_ntbth_112\">\n<li><a class=\"_link_ntbth_117\" href=\"https:\/\/www.vg.no\/forfatter\/ntb\" style=\"z-index:1\" title=\"NTB\" rel=\"nofollow noopener\" target=\"_blank\"><img alt=\"Bilde av NTB\" class=\"_image_ntbth_93\" fetchpriority=\"low\" loading=\"lazy\" decoding=\"async\" itemprop=\"image\"  src=\"https:\/\/www.europesays.com\/no\/wp-content\/uploads\/2025\/12\/1765568472_353_c33980b0-5d07-4027-84a1-813f90a7c8d6\"  width=\"480\"\/><\/a><\/li>\n<\/ul>\n<p> Oppdatert fredag 12. desember kl. 18:51     <\/p>\n<p class=\"_paragraph_o9xde_4 _paragraph_xtcu6_10 layout-component text-serif-m layout-normal text-serif-m layout-padded\">Europeiske land har siden invasjonen av Ukraina i 2022 sanksjonert Russland ved \u00e5 beslaglegge og \u00abfryse\u00bb store midler. I disse dager forhandles det i EU om muligheten til \u00e5 bruke disse midlene til \u00e5 utbetale et s\u00e5kalt erstatningsl\u00e5n til Ukraina. Beslutningen om at midlene kan fryses p\u00e5 ubestemt tid, anses som et stort forsert hinder.<\/p>\n<p class=\"_paragraph_o9xde_4 _paragraph_xtcu6_10 layout-component text-serif-m layout-normal text-serif-m layout-padded\">Russland har reagert kraftig p\u00e5 planene om \u00e5 bruke pengene til \u00e5 st\u00f8tte Ukraina og har omtalt det som stjeling.<\/p>\n<p class=\"_paragraph_o9xde_4 _paragraph_xtcu6_10 layout-component text-serif-m layout-normal text-serif-m layout-padded\">S\u00e5 langt utgj\u00f8r de fryste russiske midlene i Europa som omfattes av regelendringen, rundt 210 milliarder euro. Det tilsvarer rundt 2500 milliarder norske kroner.<\/p>\n<p class=\"_paragraph_o9xde_4 _paragraph_xtcu6_10 layout-component text-serif-m layout-normal text-serif-m layout-padded\">Videref\u00f8ringen av ordningen har til n\u00e5 v\u00e6rt avhengig av at alle EU-land enstemmig er enige hver sjette m\u00e5ned. Det har f\u00f8rt til risiko for at land som Ungarn og Slovakia, som har bedre relasjoner til Russland, p\u00e5 et punkt kunne ha tvunget EU til \u00e5 gi pengene tilbake.<\/p>\n<p class=\"_paragraph_o9xde_4 _paragraph_xtcu6_10 layout-component text-serif-m layout-normal text-serif-m layout-padded\">Rundt 165 milliarder av de 210 fryste milliardene skal etter planen brukes til \u00e5 gi et l\u00e5n til Ukraina for \u00e5 dekke utgifter til milit\u00e6re og sivile behov i 2026 og 2027. L\u00e5net tilbakebetales f\u00f8rst n\u00e5r Russland har betalt krigsskadeerstatning til Ukraina.<\/p>\n<p class=\"_paragraph_o9xde_4 _paragraph_xtcu6_10 layout-component text-serif-m layout-normal text-serif-m layout-padded\">Det jobbes for \u00e5 f\u00e5 en avklaring rundt erstatningsl\u00e5net f\u00f8r jul. Det europeiske r\u00e5d skal m\u00f8tes 18. desember for \u00e5 sluttf\u00f8re detaljene i erstatningsl\u00e5net.<\/p>\n<p>    <img decoding=\"async\" alt=\"Tips oss illustrasjon\" src=\"https:\/\/www.europesays.com\/no\/wp-content\/uploads\/2025\/10\/pssst-small.webp.webp\"\/>    <\/p>\n<p class=\"title-serif-s\">Har du tips?<\/p>\n<p class=\"text-sans-m\">Send oss informasjon, bilder eller video.<\/p>\n<p>  <a href=\"https:\/\/www.vg.no\/tips-oss\" rel=\"nofollow noopener\" target=\"_blank\"> Tips oss <\/a>      <\/p>\n","protected":false},"excerpt":{"rendered":"EU trenger ikke lenger \u00e5 stemme over frysing av russiske midler hver sjette m\u00e5ned. N\u00e5 er det besluttet&hellip;\n","protected":false},"author":2,"featured_media":111666,"comment_status":"","ping_status":"","sticky":false,"template":"","format":"standard","meta":{"footnotes":""},"categories":[12],"tags":[31,20,21,24,25,15,22,23,13,30,28,29,14,16,26,27,42,43,44,45],"class_list":{"0":"post-111665","1":"post","2":"type-post","3":"status-publish","4":"format-standard","5":"has-post-thumbnail","7":"category-verden","8":"tag-breaking","9":"tag-breaking-news","10":"tag-breakingnews","11":"tag-featured-news","12":"tag-featurednews","13":"tag-headlines","14":"tag-latest-news","15":"tag-latestnews","16":"tag-news","17":"tag-no","18":"tag-norge","19":"tag-norway","20":"tag-nyheter","21":"tag-overskrifter","22":"tag-top-stories","23":"tag-topstories","24":"tag-verden","25":"tag-world","26":"tag-world-news","27":"tag-worldnews"},"share_on_mastodon":{"url":"https:\/\/pubeurope.com\/@no\/115708303020630483","error":""},"_links":{"self":[{"href":"https:\/\/www.europesays.com\/no\/wp-json\/wp\/v2\/posts\/111665","targetHints":{"allow":["GET"]}}],"collection":[{"href":"https:\/\/www.europesays.com\/no\/wp-json\/wp\/v2\/posts"}],"about":[{"href":"https:\/\/www.europesays.com\/no\/wp-json\/wp\/v2\/types\/post"}],"author":[{"embeddable":true,"href":"https:\/\/www.europesays.com\/no\/wp-json\/wp\/v2\/users\/2"}],"replies":[{"embeddable":true,"href":"https:\/\/www.europesays.com\/no\/wp-json\/wp\/v2\/comments?post=111665"}],"version-history":[{"count":0,"href":"https:\/\/www.europesays.com\/no\/wp-json\/wp\/v2\/posts\/111665\/revisions"}],"wp:featuredmedia":[{"embeddable":true,"href":"https:\/\/www.europesays.com\/no\/wp-json\/wp\/v2\/media\/111666"}],"wp:attachment":[{"href":"https:\/\/www.europesays.com\/no\/wp-json\/wp\/v2\/media?parent=111665"}],"wp:term":[{"taxonomy":"category","embeddable":true,"href":"https:\/\/www.europesays.com\/no\/wp-json\/wp\/v2\/categories?post=111665"},{"taxonomy":"post_tag","embeddable":true,"href":"https:\/\/www.europesays.com\/no\/wp-json\/wp\/v2\/tags?post=111665"}],"curies":[{"name":"wp","href":"https:\/\/api.w.org\/{rel}","templated":true}]}}