{"id":111669,"date":"2025-12-12T19:44:03","date_gmt":"2025-12-12T19:44:03","guid":{"rendered":"https:\/\/www.europesays.com\/no\/111669\/"},"modified":"2025-12-12T19:44:03","modified_gmt":"2025-12-12T19:44:03","slug":"varsler-samtale","status":"publish","type":"post","link":"https:\/\/www.europesays.com\/no\/111669\/","title":{"rendered":"Varsler samtale"},"content":{"rendered":"<p class=\"kicker \" style=\"\">Arne Slot<\/p>\n<p>  Arne Slot opplyser at fredagens samtale med Mohamed Salah vil avgj\u00f8re utfallet.<\/p>\n<p>\n    NY MELDING: Arne Slot forteller at han skal ha et m\u00f8te med Mohamed Salah. Foto: Reuters\/NTB\n  <\/p>\n<ul>\n<li data-lab-font_weight=\"font-weight-bold\" class=\"font-weight-bold m-font-weight-bold\">Liverpool &#8211; Brighton, l\u00f8rdag klokka 16<\/li>\n<\/ul>\n<p> Det har stormet rundt Salah etter at han leverte et sjokkintervju av de sjeldne etter 3-3-thrilleren mot Leeds United. Etter kampslutt gikk han p\u00e5 eget initiativ ut til pressen og fyrte l\u00f8s mot Liverpool. <\/p>\n<p>&#8211; Jeg sitter p\u00e5 benken for tredje gang. Jeg tror det aldri har skjedd f\u00f8r i min karriere. Jeg er veldig skuffet. Alle vet hvor mye jeg har gjort for denne klubben. Det f\u00f8les som at klubben har kastet meg under bussen. Det er tydelig at noen \u00f8nsker \u00e5 gi meg all skylden, sa Salah i et intervju vist p\u00e5 Viaplay. Les hele intervjuet\u00a0<a href=\"https:\/\/www.dagbladet.no\/sport\/kan-vaere-ferdig\/83948816\" rel=\"nofollow noopener\" target=\"_blank\">her<\/a>.<\/p>\n<p>Etter uttalelsene ble Salah vraket fra Liverpools tropp til Champions League-oppgj\u00f8ret mot Inter.\u00a0 Fredag morgen deler Liverpool-trener Arne Slot at han skal ha en samtale med Salah.<\/p>\n<p class=\"font-weight-bold m-font-weight-bold\" data-lab-font_weight=\"font-weight-bold\">&#8211; Utfallet avgj\u00f8r hvordan det blir. Det jeg trenger, er en samtale med ham, og neste gang jeg snakker om Mo b\u00f8r det v\u00e6re med ham og ikke her. Det er ikke mer jeg kan si. Jeg snakker med ham i dag, og utfallet avgj\u00f8r hvordan ting vil se ut i morgen, sa manageren fredag morgen p\u00e5 pressekonferansen f\u00f8r l\u00f8rdagens kamp mot Brighton.<\/p>\n<p>    <a itemprop=\"url\" href=\"https:\/\/www.dagbladet.no\/sport\/havnet-midt-i-salah-stormen\/83956139\" rel=\"nofollow noopener\" target=\"_blank\"><\/p>\n<p>        <img loading=\"lazy\" decoding=\"async\" src=\"https:\/\/www.europesays.com\/no\/wp-content\/uploads\/2025\/12\/83956335.webp\" width=\"980\" height=\"441\" title=\"Havnet midt i Salah-stormen\" alt=\"\" class=\"lazyload\" style=\"--aspect-ratio-image: 2.22; \"\/><\/p>\n<p>        Havnet midt i Salah-stormen<\/p>\n<p>    <\/a><\/p>\n<p>Da reporterne pr\u00f8vde \u00e5 f\u00e5 mer ut av ham, svarte han:<\/p>\n<p class=\"font-weight-normal m-font-weight-normal\" data-lab-font_weight=\"font-weight-normal\">&#8211; Du kan pr\u00f8ve p\u00e5 flere m\u00e5ter, men jeg sa nettopp at neste gang jeg snakker om ham, b\u00f8r det v\u00e6re med ham. Jeg tror det har v\u00e6rt mange samtaler siden forrige uke mellom hans representanter og v\u00e5re.<\/p>\n<p>        OVERRASKER: Liverpool-spilleren, Mohamed Salah, viser deg fra en helt ny side. Video: Mohamed Salah \/ R\u00f8dt Kort.<\/p>\n<p>Slot forklarer at han var en del av avgj\u00f8relsen om vrakingen av Salah.<\/p>\n<p class=\"font-weight-bold m-font-weight-bold\" data-lab-font_weight=\"font-weight-bold\">&#8211; Hvem tok avgj\u00f8relsen? Jeg tror vi bestemte det som klubb, og jeg var en del av beslutningen om \u00e5 ikke ta ham med til Inter. Jeg er alltid i kontakt med dem om lagoppstillinger og tropp. Det overlates alltid til meg.\u00a0<\/p>\n<p class=\"font-weight-normal m-font-weight-normal\" data-lab-font_weight=\"font-weight-normal\">F\u00f8r kampen mot Brighton ligger Liverpool p\u00e5 en skuffende tiendeplass.<\/p>\n","protected":false},"excerpt":{"rendered":"Arne Slot Arne Slot opplyser at fredagens samtale med Mohamed Salah vil avgj\u00f8re utfallet. NY MELDING: Arne Slot&hellip;\n","protected":false},"author":2,"featured_media":111670,"comment_status":"","ping_status":"","sticky":false,"template":"","format":"standard","meta":{"footnotes":""},"categories":[5],"tags":[20,21,24,25,92,15,19,22,23,1848,17,18,4144,13,30,28,29,14,16,83,26,27],"class_list":{"0":"post-111669","1":"post","2":"type-post","3":"status-publish","4":"format-standard","5":"has-post-thumbnail","7":"category-overskrifter","8":"tag-breaking-news","9":"tag-breakingnews","10":"tag-featured-news","11":"tag-featurednews","12":"tag-fotball","13":"tag-headlines","14":"tag-hovedoppslag","15":"tag-latest-news","16":"tag-latestnews","17":"tag-liverpool","18":"tag-main-news","19":"tag-mainnews","20":"tag-mohamed-salah","21":"tag-news","22":"tag-no","23":"tag-norge","24":"tag-norway","25":"tag-nyheter","26":"tag-overskrifter","27":"tag-sport","28":"tag-top-stories","29":"tag-topstories"},"share_on_mastodon":{"url":"https:\/\/pubeurope.com\/@no\/115708315095921325","error":""},"_links":{"self":[{"href":"https:\/\/www.europesays.com\/no\/wp-json\/wp\/v2\/posts\/111669","targetHints":{"allow":["GET"]}}],"collection":[{"href":"https:\/\/www.europesays.com\/no\/wp-json\/wp\/v2\/posts"}],"about":[{"href":"https:\/\/www.europesays.com\/no\/wp-json\/wp\/v2\/types\/post"}],"author":[{"embeddable":true,"href":"https:\/\/www.europesays.com\/no\/wp-json\/wp\/v2\/users\/2"}],"replies":[{"embeddable":true,"href":"https:\/\/www.europesays.com\/no\/wp-json\/wp\/v2\/comments?post=111669"}],"version-history":[{"count":0,"href":"https:\/\/www.europesays.com\/no\/wp-json\/wp\/v2\/posts\/111669\/revisions"}],"wp:featuredmedia":[{"embeddable":true,"href":"https:\/\/www.europesays.com\/no\/wp-json\/wp\/v2\/media\/111670"}],"wp:attachment":[{"href":"https:\/\/www.europesays.com\/no\/wp-json\/wp\/v2\/media?parent=111669"}],"wp:term":[{"taxonomy":"category","embeddable":true,"href":"https:\/\/www.europesays.com\/no\/wp-json\/wp\/v2\/categories?post=111669"},{"taxonomy":"post_tag","embeddable":true,"href":"https:\/\/www.europesays.com\/no\/wp-json\/wp\/v2\/tags?post=111669"}],"curies":[{"name":"wp","href":"https:\/\/api.w.org\/{rel}","templated":true}]}}