{"id":111671,"date":"2025-12-12T19:45:23","date_gmt":"2025-12-12T19:45:23","guid":{"rendered":"https:\/\/www.europesays.com\/no\/111671\/"},"modified":"2025-12-12T19:45:23","modified_gmt":"2025-12-12T19:45:23","slug":"resultater-lagsprint-fri-verdenscup-langrenn-davos-2025","status":"publish","type":"post","link":"https:\/\/www.europesays.com\/no\/111671\/","title":{"rendered":"Resultater Lagsprint fri | Verdenscup langrenn Davos 2025"},"content":{"rendered":"<p class=\"cat-description\">Startlister og resultater fra lagsprint fri under Verdenscup langrenn Davos som arrangeres 12. desember 2025.<\/p>\n<p>Publisert 12. desember 2025 i <a href=\"https:\/\/www.sportsidioten.no\/.\/langrenn\/\" class=\"kmn-grid-model-taxlink\" rel=\"nofollow noopener\" target=\"_blank\">Langrenn<\/a><\/p>\n<p><a href=\"https:\/\/www.sportsidioten.no\/langrenn\/verdenscup-langrenn-davos-2025\/\" rel=\"nofollow noopener\" target=\"_blank\">Alle resultater verdenscup langrenn Davos 2025<\/a><\/p>\n<p>Lagsprint fri | Verdenscup langrenn Davos 2025<br \/>\nResultater<br \/>\nFinale kvinner<\/p>\n<p><img loading=\"lazy\" decoding=\"async\" class=\"alignnone size-full wp-image-133627\" src=\"https:\/\/www.europesays.com\/no\/wp-content\/uploads\/2025\/12\/1-59.png\" alt=\"\" width=\"739\" height=\"695\"  \/><\/p>\n<p><img loading=\"lazy\" decoding=\"async\" class=\"alignnone size-full wp-image-133626\" src=\"https:\/\/www.europesays.com\/no\/wp-content\/uploads\/2025\/12\/2-42.png\" alt=\"\" width=\"735\" height=\"273\"  \/><\/p>\n<p>Finale menn<\/p>\n<p><img loading=\"lazy\" decoding=\"async\" class=\"alignnone size-full wp-image-133635\" src=\"https:\/\/www.europesays.com\/no\/wp-content\/uploads\/2025\/12\/1-60.png\" alt=\"\" width=\"737\" height=\"699\"  \/><\/p>\n<p><img loading=\"lazy\" decoding=\"async\" class=\"alignnone size-full wp-image-133634\" src=\"https:\/\/www.europesays.com\/no\/wp-content\/uploads\/2025\/12\/2-43.png\" alt=\"\" width=\"741\" height=\"275\"  \/><\/p>\n<p>Prolog kvinner<\/p>\n<p><img loading=\"lazy\" decoding=\"async\" class=\"alignnone size-full wp-image-133596\" src=\"https:\/\/www.europesays.com\/no\/wp-content\/uploads\/2025\/12\/1-53.png\" alt=\"\" width=\"736\" height=\"694\"  \/><\/p>\n<p><img loading=\"lazy\" decoding=\"async\" class=\"alignnone size-full wp-image-133597\" src=\"https:\/\/www.europesays.com\/no\/wp-content\/uploads\/2025\/12\/2-37.png\" alt=\"\" width=\"738\" height=\"693\"  \/><\/p>\n<p><img loading=\"lazy\" decoding=\"async\" class=\"alignnone size-full wp-image-133595\" src=\"https:\/\/www.europesays.com\/no\/wp-content\/uploads\/2025\/12\/3-37.png\" alt=\"\" width=\"742\" height=\"166\"  \/><\/p>\n<p>Prolog menn<\/p>\n<p><img loading=\"lazy\" decoding=\"async\" class=\"alignnone size-full wp-image-133601\" src=\"https:\/\/www.europesays.com\/no\/wp-content\/uploads\/2025\/12\/1-54.png\" alt=\"\" width=\"741\" height=\"698\"  \/><\/p>\n<p><img loading=\"lazy\" decoding=\"async\" class=\"alignnone size-full wp-image-133602\" src=\"https:\/\/www.europesays.com\/no\/wp-content\/uploads\/2025\/12\/2-38.png\" alt=\"\" width=\"738\" height=\"695\"  \/><\/p>\n<p><img loading=\"lazy\" decoding=\"async\" class=\"alignnone size-full wp-image-133603\" src=\"https:\/\/www.europesays.com\/no\/wp-content\/uploads\/2025\/12\/3-38.png\" alt=\"\" width=\"738\" height=\"702\"  \/><\/p>\n<p><img loading=\"lazy\" decoding=\"async\" class=\"alignnone size-full wp-image-133600\" src=\"https:\/\/www.europesays.com\/no\/wp-content\/uploads\/2025\/12\/4-20.png\" alt=\"\" width=\"737\" height=\"216\"  \/><\/p>\n<p>Startlister<\/p>\n<p>Norges lag:<\/p>\n<p>Norge \ud83c\uddf3\ud83c\uddf4 1 \u2013 kvinner:<br \/>1. Kristin Austgulen Fosn\u00e6s<br \/>2. Kristine Stav\u00e5s Skistad<\/p>\n<p>Norge \ud83c\uddf3\ud83c\uddf4 2 \u2013 kvinner:<br \/>1. Astrid \u00d8yre Slind<br \/>2. Mathilde Myhrvold<\/p>\n<p>Norge \ud83c\uddf3\ud83c\uddf4 1 \u2013 menn:<br \/>1. Erik Valnes<br \/>2. \u2060Johannes H\u00f8sflot Kl\u00e6bo<\/p>\n<p>Norge \ud83c\uddf3\ud83c\uddf4 2 \u2013 menn:<br \/>1. Harald \u00d8stberg Amundsen<br \/>2. \u2060Oskar Opestad Vike<\/p>\n<p>Prolog kvinner<\/p>\n<p><img loading=\"lazy\" decoding=\"async\" class=\"alignnone size-full wp-image-133456\" src=\"https:\/\/www.europesays.com\/no\/wp-content\/uploads\/2025\/12\/1-42.png\" alt=\"\" width=\"502\" height=\"718\"  \/><\/p>\n<p><img loading=\"lazy\" decoding=\"async\" class=\"alignnone size-full wp-image-133455\" src=\"https:\/\/www.europesays.com\/no\/wp-content\/uploads\/2025\/12\/2-26.png\" alt=\"\" width=\"501\" height=\"715\"  \/><\/p>\n<p>Prolog menn<\/p>\n<p><img loading=\"lazy\" decoding=\"async\" class=\"alignnone size-full wp-image-133451\" src=\"https:\/\/www.europesays.com\/no\/wp-content\/uploads\/2025\/12\/1-41.png\" alt=\"\" width=\"502\" height=\"715\"  \/><\/p>\n<p><img loading=\"lazy\" decoding=\"async\" class=\"alignnone size-full wp-image-133452\" src=\"https:\/\/www.europesays.com\/no\/wp-content\/uploads\/2025\/12\/2-25.png\" alt=\"\" width=\"500\" height=\"715\"  \/><\/p>\n<p><img loading=\"lazy\" decoding=\"async\" class=\"alignnone size-full wp-image-133453\" src=\"https:\/\/www.europesays.com\/no\/wp-content\/uploads\/2025\/12\/3-26.png\" alt=\"\" width=\"501\" height=\"723\"  \/><\/p>\n<p><img loading=\"lazy\" decoding=\"async\" class=\"alignnone size-full wp-image-133450\" src=\"https:\/\/www.europesays.com\/no\/wp-content\/uploads\/2025\/12\/4-15.png\" alt=\"\" width=\"501\" height=\"59\"  \/><\/p>\n<p>Om Verdenscup langrenn Davos 2025<br \/>\nDato<\/p>\n<p>12. \u2013 14. desember<\/p>\n<p>Sted<\/p>\n<p>Davos \u2013 Sveits<\/p>\n<p>P\u00e5 TV<\/p>\n<p>Rennene sendes direkte p\u00e5 Vsport1 og Vsport+ (fredag) og TV3 (l\u00f8rdag og s\u00f8ndag). Alt streames p\u00e5 Viaplay.<\/p>\n<p><a href=\"https:\/\/www.sportsidioten.no\/langrenn\/langrenn-pa-tv\/\" rel=\"nofollow noopener\" target=\"_blank\">Langrenn p\u00e5 TV<\/a><\/p>\n<p><a href=\"https:\/\/www.sportsidioten.no\/langrenn\/uttak-verdenscup-langrenn-davos-2025\/\" rel=\"nofollow noopener\" target=\"_blank\">Norges tropp<\/a><br \/>\nProgram<br \/>\n<strong>Fredag 12. desember<\/strong><\/p>\n<ul>\n<li>Kl 15.00: Lagsprint fri teknikk prolog<\/li>\n<li>Kl 17.00: Lagsprint fri teknikk finaler<\/li>\n<\/ul>\n<p><strong>L\u00f8rdag 13. desember<\/strong><\/p>\n<ul>\n<li>Kl 13.45: Sprint fri teknikk prolog<\/li>\n<li>Kl 16.15: Sprint fri teknikk finaler<\/li>\n<\/ul>\n<p><strong>S\u00f8ndag 14. desember<\/strong><\/p>\n<ul>\n<li>Kl 09.50: 10 km intervallstart fri menn<\/li>\n<li>Kl 13.45: 10 km intervallstart fri kvinner<\/li>\n<\/ul>\n<p>V\u00e6rmelding<\/p>\n<p><img decoding=\"async\" class=\"alignnone size-full\" src=\"https:\/\/www.yr.no\/nb\/innhold\/2-2661040\/meteogram.svg\" width=\"auto\" height=\"auto\"\/><\/p>\n<p><a href=\"https:\/\/sportsidioten.no\/langrenn\/verdenscup-langrenn-2025-2026\/\" rel=\"nofollow noopener\" target=\"_blank\">Terminliste verdenscupen langrenn 2025-26<\/a><\/p>\n<p><a href=\"https:\/\/www.davosnordic.ch\/\" target=\"_blank\" rel=\"noopener nofollow\">Arrang\u00f8rens hjemmeside<\/a><\/p>\n","protected":false},"excerpt":{"rendered":"Startlister og resultater fra lagsprint fri under Verdenscup langrenn Davos som arrangeres 12. desember 2025. Publisert 12. desember&hellip;\n","protected":false},"author":2,"featured_media":111672,"comment_status":"","ping_status":"","sticky":false,"template":"","format":"standard","meta":{"footnotes":""},"categories":[59],"tags":[30,28,29,83,82],"class_list":{"0":"post-111671","1":"post","2":"type-post","3":"status-publish","4":"format-standard","5":"has-post-thumbnail","7":"category-sport","8":"tag-no","9":"tag-norge","10":"tag-norway","11":"tag-sport","12":"tag-sports"},"share_on_mastodon":{"url":"https:\/\/pubeurope.com\/@no\/115708319111630433","error":""},"_links":{"self":[{"href":"https:\/\/www.europesays.com\/no\/wp-json\/wp\/v2\/posts\/111671","targetHints":{"allow":["GET"]}}],"collection":[{"href":"https:\/\/www.europesays.com\/no\/wp-json\/wp\/v2\/posts"}],"about":[{"href":"https:\/\/www.europesays.com\/no\/wp-json\/wp\/v2\/types\/post"}],"author":[{"embeddable":true,"href":"https:\/\/www.europesays.com\/no\/wp-json\/wp\/v2\/users\/2"}],"replies":[{"embeddable":true,"href":"https:\/\/www.europesays.com\/no\/wp-json\/wp\/v2\/comments?post=111671"}],"version-history":[{"count":0,"href":"https:\/\/www.europesays.com\/no\/wp-json\/wp\/v2\/posts\/111671\/revisions"}],"wp:featuredmedia":[{"embeddable":true,"href":"https:\/\/www.europesays.com\/no\/wp-json\/wp\/v2\/media\/111672"}],"wp:attachment":[{"href":"https:\/\/www.europesays.com\/no\/wp-json\/wp\/v2\/media?parent=111671"}],"wp:term":[{"taxonomy":"category","embeddable":true,"href":"https:\/\/www.europesays.com\/no\/wp-json\/wp\/v2\/categories?post=111671"},{"taxonomy":"post_tag","embeddable":true,"href":"https:\/\/www.europesays.com\/no\/wp-json\/wp\/v2\/tags?post=111671"}],"curies":[{"name":"wp","href":"https:\/\/api.w.org\/{rel}","templated":true}]}}