{"id":111677,"date":"2025-12-12T19:51:10","date_gmt":"2025-12-12T19:51:10","guid":{"rendered":"https:\/\/www.europesays.com\/no\/111677\/"},"modified":"2025-12-12T19:51:10","modified_gmt":"2025-12-12T19:51:10","slug":"trafikk-veg-og-fore-fryktet-trafikkaos-ikke-sa-gaeli-som-vi-forst-trodde","status":"publish","type":"post","link":"https:\/\/www.europesays.com\/no\/111677\/","title":{"rendered":"Trafikk, Veg og f\u00f8re | Fryktet trafikkaos: \u2013 Ikke s\u00e5 \u00abg\u00e6li\u00bb som vi f\u00f8rst trodde"},"content":{"rendered":"\n<p><b>NAMDALEN: <\/b>Meteorologisk institutt sendte torsdag ut et farevarsel for is p\u00e5 grunn av regn som fryser p\u00e5 kald bakke og underkj\u00f8lt regn. Varslet gjaldt blant annet for Namdalen, der regn forventet \u00e5 fryse til is p\u00e5 vehbanen, kj\u00f8ret\u00f8y og andre gjenstander.<\/p>\n<p>  <a href=\"https:\/\/www.namdalsavisa.no\/5-121-1514894\" class=\"related-teaser has-image default-story-teaser article--c-eRUmMG article--c-eRUmMG-jKCPdD-design-default\" rel=\"nofollow noopener\" target=\"_blank\"><\/p>\n<p>    <img decoding=\"async\" loading=\"lazy\"  src=\"https:\/\/www.europesays.com\/no\/wp-content\/uploads\/2025\/12\/isfare.png\" alt=\"\" class=\"brick-c-cFOWSL\" style=\"\"\/><\/p>\n<p>\n            Les ogs\u00e5<\/p>\n<p>              Advarer mot vanskelige kj\u00f8reforhold\n        <\/p>\n<p>  <\/a><\/p>\n<p>Selv om det ikke har v\u00e6rt s\u00e5 ille som fryktet, forteller trafikkoperat\u00f8r Erlend Karlsen ved Vegtrafikksentralen at det har kommet inn meldinger om sludd og kraftig vind, spesielt p\u00e5 Steinfjellet og langs kysten.<\/p>\n<p>\u2013 Det har ikke v\u00e6rt s\u00e5 \u00abg\u00e6li\u00bb som vi trodde det skulle bli med tanke p\u00e5 v\u00e6ret. Det er vi selvsagt glad for, sier Karlsen.<\/p>\n<p>Han legger til at de har f\u00e5tt de vanlige meldingene om is p\u00e5 vegene, men at bilistene virker mer oppmerksomme p\u00e5 f\u00f8reforholdene.<\/p>\n<p>\u2013 Ja, det tror je\u00bb, svarer Karlsen p\u00e5 sp\u00f8rsm\u00e5l om bilistene tar mer hensyn.<\/p>\n<p>Et nytt farevarsel er sendt ut for indre str\u00f8k som Namsskogan og Lierne s\u00f8ndag fra klokka 06.00 til 12.00, der det igjen er meldt om fare for is.<\/p>\n<p>\u2013 Da regner vi med at det blir litt \u00e5 gj\u00f8re, sier Karlsen.<\/p>\n<p>  <a href=\"https:\/\/www.namdalsavisa.no\/5-121-1515561\" class=\"related-teaser has-image default-story-teaser article--c-eRUmMG article--c-eRUmMG-jKCPdD-design-default\" rel=\"nofollow noopener\" target=\"_blank\"><\/p>\n<p>    <img decoding=\"async\" loading=\"lazy\"  src=\"https:\/\/www.europesays.com\/no\/wp-content\/uploads\/2025\/12\/Skjermbilde+2025-12-12+140212.png\" alt=\"\" class=\"brick-c-cFOWSL\" style=\"\"\/><\/p>\n<p>\n            Les ogs\u00e5<\/p>\n<p>              Nytt farevarsel: \u2013 H\u00e5lkef\u00f8re\n        <\/p>\n<p>  <\/a><\/p>\n","protected":false},"excerpt":{"rendered":"NAMDALEN: Meteorologisk institutt sendte torsdag ut et farevarsel for is p\u00e5 grunn av regn som fryser p\u00e5 kald&hellip;\n","protected":false},"author":2,"featured_media":3063,"comment_status":"","ping_status":"","sticky":false,"template":"","format":"standard","meta":{"footnotes":""},"categories":[10],"tags":[36,20,21,24,25,15,22,23,13,30,28,29,14,16,1510,26,27,224,11856,11446],"class_list":{"0":"post-111677","1":"post","2":"type-post","3":"status-publish","4":"format-standard","5":"has-post-thumbnail","7":"category-norge","8":"tag-art","9":"tag-breaking-news","10":"tag-breakingnews","11":"tag-featured-news","12":"tag-featurednews","13":"tag-headlines","14":"tag-latest-news","15":"tag-latestnews","16":"tag-news","17":"tag-no","18":"tag-norge","19":"tag-norway","20":"tag-nyheter","21":"tag-overskrifter","22":"tag-story","23":"tag-top-stories","24":"tag-topstories","25":"tag-trafikk","26":"tag-veg-og-fore","27":"tag-vegtrafikksentralen-midt"},"share_on_mastodon":{"url":"https:\/\/pubeurope.com\/@no\/115708342280060809","error":""},"_links":{"self":[{"href":"https:\/\/www.europesays.com\/no\/wp-json\/wp\/v2\/posts\/111677","targetHints":{"allow":["GET"]}}],"collection":[{"href":"https:\/\/www.europesays.com\/no\/wp-json\/wp\/v2\/posts"}],"about":[{"href":"https:\/\/www.europesays.com\/no\/wp-json\/wp\/v2\/types\/post"}],"author":[{"embeddable":true,"href":"https:\/\/www.europesays.com\/no\/wp-json\/wp\/v2\/users\/2"}],"replies":[{"embeddable":true,"href":"https:\/\/www.europesays.com\/no\/wp-json\/wp\/v2\/comments?post=111677"}],"version-history":[{"count":0,"href":"https:\/\/www.europesays.com\/no\/wp-json\/wp\/v2\/posts\/111677\/revisions"}],"wp:featuredmedia":[{"embeddable":true,"href":"https:\/\/www.europesays.com\/no\/wp-json\/wp\/v2\/media\/3063"}],"wp:attachment":[{"href":"https:\/\/www.europesays.com\/no\/wp-json\/wp\/v2\/media?parent=111677"}],"wp:term":[{"taxonomy":"category","embeddable":true,"href":"https:\/\/www.europesays.com\/no\/wp-json\/wp\/v2\/categories?post=111677"},{"taxonomy":"post_tag","embeddable":true,"href":"https:\/\/www.europesays.com\/no\/wp-json\/wp\/v2\/tags?post=111677"}],"curies":[{"name":"wp","href":"https:\/\/api.w.org\/{rel}","templated":true}]}}